{"id":69509,"date":"2025-12-09T06:48:09","date_gmt":"2025-12-09T06:48:09","guid":{"rendered":"https:\/\/www.europesays.com\/lv\/69509\/"},"modified":"2025-12-09T06:48:09","modified_gmt":"2025-12-09T06:48:09","slug":"ilgtspejas-eksperimenti-un-cels-uz-tures-noslegumu-lente-lv","status":"publish","type":"post","link":"https:\/\/www.europesays.com\/lv\/69509\/","title":{"rendered":"Ilgtsp\u0113jas eksperimenti un ce\u013c\u0161 uz t\u016bres nosl\u0113gumu\u00a0\u2014\u00a0Lente.lv"},"content":{"rendered":"<p>\u201cAstro\u2019n\u2019out\u201d miniseri\u0101la tre\u0161\u0101 s\u0113rija: Ce\u013c\u0101 uz nosl\u0113gumu ar ilgtsp\u0113jas eksperimentiem<\/p>\n<p>Dienu pirms grupas \u201cAstro\u2019n\u2019out\u201d akustisk\u0101s koncertt\u016bres \u201cM\u016bc\u201d nosl\u0113dzo\u0161ajiem un int\u012bmajiem koncertiem R\u012bg\u0101, kinote\u0101tr\u012b \u201cSplendid Palace\u201d, grupa ir publiskojusi tre\u0161o s\u0113riju savam miniseri\u0101lam. \u0160\u012b epizode sniedz aizraujo\u0161u ieskatu gatavo\u0161an\u0101s proces\u0101, atkl\u0101jot ne tikai muzik\u0101los izaicin\u0101jumus, bet ar\u012b apburo\u0161us ilgtsp\u0113ju apliecino\u0161us eksperimentus, kas liecina par grupas r\u016bp\u0113m pret vidi.<\/p>\n<p>Re\u017eisora Toma Musta veidot\u0101 miniseri\u0101la jaun\u0101k\u0101 da\u013ca koncentr\u0113jas uz satraukumu un pacil\u0101jo\u0161o saj\u016btu p\u0101ris dienas pirms gaid\u0101majiem notikumiem. Seri\u0101ls, kas izvijas cauri oktobra, novembra un decembra m\u0113ne\u0161iem, pied\u0101v\u0101 unik\u0101lu iesp\u0113ju iel\u016bkoties grupas aizkulis\u0113s, atkl\u0101jot gan rado\u0161os procesus, gan pa\u0161u dal\u012bbnieku person\u012bg\u0101s p\u0101rdomas. Katra s\u0113rija ar\u012b iepaz\u012bstina ar k\u0101du no grupas dal\u012bbniekiem, paverot aizkaru vi\u0146u ikdienai un v\u0113rt\u012bb\u0101m, kas dzi\u013c\u0101k atspogu\u013co grupas ilgtsp\u0113jas misiju.<\/p>\n<p>Ilgtsp\u0113j\u012bgas izv\u0113les un rado\u0161ais process<\/p>\n<p>\u201cAstro\u2019n\u2019out\u201d t\u016bre \u201cM\u016bc\u201d ir iecer\u0113ta k\u0101 int\u012bma tik\u0161an\u0101s ar klaus\u012bt\u0101jiem, at\u0161\u0137ir\u012bb\u0101 no iepriek\u0161\u0113j\u0101 gada grandioz\u0101 koncerta \u201cAr\u0113n\u0101 R\u012bga\u201d. \u0160oreiz uzman\u012bbas centr\u0101 ir pieklusin\u0101tas gaismas, lakoniskas dekor\u0101cijas un patiesas, personiskas sarunas. Koncertos skan gan grupas jaun\u0101kie darbi, gan sen neatska\u0146otas dziesmas, kas klaus\u012bt\u0101jiem tiek pied\u0101v\u0101tas \u012bpa\u0161\u0101s akustisk\u0101s aran\u017eij\u0101s, pie\u0161\u0137irot t\u0101m jaunu, neierastu skan\u0113jumu.<\/p>\n<p>Ta\u010du t\u016bres b\u016bt\u012bba nav tikai muzik\u0101la. \u201cM\u016bc\u201d ir ar\u012b platforma \u201cAstro\u2019n\u2019out\u201d ilgtsp\u0113jas eksperimentiem. Grupa akt\u012bvi mekl\u0113 risin\u0101jumus, k\u0101 padar\u012bt koncertt\u016bri p\u0113c iesp\u0113jas videi draudz\u012bg\u0101ku. \u201c\u0160ogad esam uzs\u0101ku\u0161i eksperimentu \u2013 cik \u201cza\u013cu\u201d t\u016bri sp\u0113jam \u012bstenot, t\u0101, lai nezaud\u0113tu m\u0101ksliniecisko kvalit\u0101ti,\u201d st\u0101sta grupas soliste M\u0101ra Upmane-Hol\u0161teine. Vi\u0146a piebilst, ka \u201cgan koncertt\u016brei nepiecie\u0161amie transporta un ener\u0123ijas risin\u0101jumi, gan skatuves t\u0113rpi un scenogr\u0101fija non\u0101ca m\u016bsu uzman\u012bbas centr\u0101.\u201d \u0160ie centieni nav jauni grupai; jau pag\u0101ju\u0161aj\u0101 gad\u0101 kop\u0101 ar uz\u0146\u0113mumiem ZAAO un AJ Power Recycling tika rad\u012bta iniciat\u012bva \u201cReGen Paaudze\u201d, kas veicina videi draudz\u012bg\u0101ku dom\u0101\u0161anu. T\u0101 rezult\u0101t\u0101 tika rad\u012bta ar\u012b unik\u0101l\u0101 ap\u0123\u0113rbu l\u012bnija \u201cAttieksme r\u012btdienai\u201d, kas izgatavota no tekstila konteineros nodotajiem T-krekliem.<\/p>\n<blockquote>\n<p>\u201cKopum\u0101 \u0161is eksperiments lika p\u0101rskat\u012bt ikdienas teju \u201cautopilot\u0101\u201d iestr\u0101d\u0101t\u0101s sist\u0113mas un, lai ar\u012b vair\u0101kas lietas no izsap\u0146ot\u0101 neizdev\u0101s \u012bstenot, tom\u0113r m\u0113s procesa laik\u0101 daudz iem\u0101c\u012bj\u0101mies un non\u0101c\u0101m pie atzi\u0146as \u2012 ar pavisam nes\u0101p\u012bg\u0101m izmai\u0146\u0101m, tikai mazliet piedom\u0101jot pie ilgtsp\u0113jas jaut\u0101juma daudzas ierast\u0101s izv\u0113les var \u012bstenot videi un n\u0101kotnei draudz\u012bg\u0101k. T\u0101s visbie\u017e\u0101k pat nesad\u0101rdzina risin\u0101jumu, bet gan paver jaunu rado\u0161u \u0161\u0137autni un \u013cauj ietaup\u012bt materi\u0101lus.\u201d<\/p>\n<\/blockquote>\n<p>\u0160ie atkl\u0101jumi liecina par grupas ap\u0146em\u0161anos veicin\u0101t pozit\u012bvas p\u0101rmai\u0146as, pier\u0101dot, ka ilgtsp\u0113ja var b\u016bt ne tikai atbild\u012bga izv\u0113le, bet ar\u012b rado\u0161uma un inov\u0101cijas avots. Pat nelielas izmai\u0146as ikdienas paradumos var rad\u012bt iev\u0113rojamu ietekmi uz vidi, vienlaikus atverot jaunas m\u0101ksliniecisk\u0101s izpausmes iesp\u0113jas.<\/p>\n<p>T\u016bres nosl\u0113gums un turpm\u0101kie pl\u0101ni<\/p>\n<p>T\u016bre \u201cM\u016bc\u201d ir sasniegusi savu kulmin\u0101ciju ar nosl\u0113dzo\u0161ajiem koncertiem R\u012bg\u0101 2025. gada 5. un 6. decembr\u012b kinote\u0101tr\u012b \u201cSplendid Palace\u201d. \u012apa\u0161i izsludin\u0101ts ar\u012b papildkoncerts 6. decembr\u012b plkst. 14:00, kas liecina par lielo skat\u012bt\u0101ju interesi un piepras\u012bjumu p\u0113c \u0161\u012bs unik\u0101l\u0101s akustisk\u0101s pieredzes. Bi\u013cetes uz \u0161iem koncertiem pieejamas \u201cBi\u013ce\u0161u Serviss\u201d kas\u0113s, un, \u0146emot v\u0113r\u0101 pas\u0101kuma form\u0101tu un grupas popularit\u0101ti, t\u0101s tiek izpirktas strauji.<\/p>\n<p>\u201cAstro\u2019n\u2019out\u201d akt\u012bvi komunic\u0113 par sav\u0101m gait\u0101m un projektiem soci\u0101lajos t\u012bklos, \u012bpa\u0161i Facebook un Instagram, kur fani var sekot l\u012bdzi aktu\u0101lajai inform\u0101cijai un jaunumiem. Grupas t\u012bmek\u013ca vietne astronout.lv ir galvenais inform\u0101cijas avots par jaunumiem, albumiem un gaid\u0101majiem notikumiem. Turkl\u0101t jaun\u0101kais singls \u201cGarlaic\u012bgi nav\u201d, kas izdots pirms t\u016bres s\u0101kuma, un tam pievienotais videoklips v\u0113l vair\u0101k uzsver grupas pozit\u012bvo un eksperiment\u0101lo garu, kas atspogu\u013cosies ar\u012b koncertu noris\u0113.<\/p>\n<p>\u201cM\u016bc\u201d t\u016bre ir vair\u0101k nek\u0101 tikai koncertu s\u0113rija; t\u0101 ir demonstr\u0101cija tam, k\u0101 m\u016bzikas industrija var spert so\u013cus ilgtsp\u0113j\u012bg\u0101kas n\u0101kotnes virzien\u0101, vienlaikus radot dzi\u013cas un personiskas emocijas skat\u012bt\u0101jiem. Grupas centieni integr\u0113t ekolo\u0123isku dom\u0101\u0161anu sav\u0101 rado\u0161aj\u0101 proces\u0101 ir iedvesmojo\u0161i un par\u0101da, ka m\u0101ksla un atbild\u012bba var cie\u0161i sadz\u012bvot.<\/p>\n","protected":false},"excerpt":{"rendered":"\u201cAstro\u2019n\u2019out\u201d miniseri\u0101la tre\u0161\u0101 s\u0113rija: Ce\u013c\u0101 uz nosl\u0113gumu ar ilgtsp\u0113jas eksperimentiem Dienu pirms grupas \u201cAstro\u2019n\u2019out\u201d akustisk\u0101s koncertt\u016bres \u201cM\u016bc\u201d nosl\u0113dzo\u0161ajiem&hellip;\n","protected":false},"author":2,"featured_media":69510,"comment_status":"","ping_status":"","sticky":false,"template":"","format":"standard","meta":{"footnotes":""},"categories":[19],"tags":[4151,89,90,35,39,38,36,37,34,40],"class_list":{"0":"post-69509","1":"post","2":"type-post","3":"status-publish","4":"format-standard","5":"has-post-thumbnail","7":"category-izklaide","8":"tag-astro","9":"tag-entertainment","10":"tag-izklaide","11":"tag-latvia","12":"tag-latvian","13":"tag-latviesu","14":"tag-latviesu-valoda","15":"tag-latviesuvaloda","16":"tag-latvija","17":"tag-lv"},"share_on_mastodon":{"url":"https:\/\/pubeurope.com\/@lv\/115688276260338539","error":""},"_links":{"self":[{"href":"https:\/\/www.europesays.com\/lv\/wp-json\/wp\/v2\/posts\/69509","targetHints":{"allow":["GET"]}}],"collection":[{"href":"https:\/\/www.europesays.com\/lv\/wp-json\/wp\/v2\/posts"}],"about":[{"href":"https:\/\/www.europesays.com\/lv\/wp-json\/wp\/v2\/types\/post"}],"author":[{"embeddable":true,"href":"https:\/\/www.europesays.com\/lv\/wp-json\/wp\/v2\/users\/2"}],"replies":[{"embeddable":true,"href":"https:\/\/www.europesays.com\/lv\/wp-json\/wp\/v2\/comments?post=69509"}],"version-history":[{"count":0,"href":"https:\/\/www.europesays.com\/lv\/wp-json\/wp\/v2\/posts\/69509\/revisions"}],"wp:featuredmedia":[{"embeddable":true,"href":"https:\/\/www.europesays.com\/lv\/wp-json\/wp\/v2\/media\/69510"}],"wp:attachment":[{"href":"https:\/\/www.europesays.com\/lv\/wp-json\/wp\/v2\/media?parent=69509"}],"wp:term":[{"taxonomy":"category","embeddable":true,"href":"https:\/\/www.europesays.com\/lv\/wp-json\/wp\/v2\/categories?post=69509"},{"taxonomy":"post_tag","embeddable":true,"href":"https:\/\/www.europesays.com\/lv\/wp-json\/wp\/v2\/tags?post=69509"}],"curies":[{"name":"wp","href":"https:\/\/api.w.org\/{rel}","templated":true}]}}