{"id":69533,"date":"2025-12-09T07:09:09","date_gmt":"2025-12-09T07:09:09","guid":{"rendered":"https:\/\/www.europesays.com\/lv\/69533\/"},"modified":"2025-12-09T07:09:09","modified_gmt":"2025-12-09T07:09:09","slug":"zelenskis-atklaj-potencialos-kancelejas-vaditaja-kandidatus","status":"publish","type":"post","link":"https:\/\/www.europesays.com\/lv\/69533\/","title":{"rendered":"Zelenskis atkl\u0101j potenci\u0101los kancelejas vad\u012bt\u0101ja kandid\u0101tus"},"content":{"rendered":"<p class=\"descr\">Ukrainas prezidents Volodimirs Zelenskis p\u0113c sarun\u0101m London\u0101 ar Eiropas sabiedrotajiem pirmo reizi nosaucis iesp\u0113jamos kandid\u0101tus uz prezidenta kancelejas vad\u012bt\u0101ja amatu, kas k\u013cuvis vakants p\u0113c l\u012bdz\u0161in\u0113j\u0101 vad\u012bt\u0101ja Andrija Jermaka atk\u0101p\u0161an\u0101s.<\/p>\n<p>Iepriek\u0161 mediji zi\u0146oja, ka visticam\u0101kais kandid\u0101ts ir premjerministra vietnieks digit\u0101l\u0101s transform\u0101cijas jaut\u0101jumos <a href=\"https:\/\/nra.lv\/pasaule\/452406-ukrainas-riciba-ir-droni-kas-spej-nolidot-vairak-neka-1000-kilometru.htm\" data-item-link=\"true\" data-item-id=\"452406\" rel=\"nofollow noopener\" target=\"_blank\">Mihailo Fedorovs<\/a>.<\/p>\n<p>Ir tr\u012bs kandid\u0101ti &#8211; aizsardz\u012bbas ministrs <a href=\"https:\/\/nra.lv\/birka\/deniss-smihals\/\" target=\"_blank\" rel=\"noopener nofollow\">Deniss \u0160miha\u013cs<\/a>, Fedorovs un milit\u0101r\u0101 izl\u016bkdienesta vad\u012bt\u0101js <a href=\"https:\/\/nra.lv\/birka\/kirilo-budanovs\/\" target=\"_blank\" rel=\"noopener nofollow\">Kirilo Budanovs<\/a>, par Zelenska teikto v\u0113sta ukrai\u0146u t\u012bmek\u013ca izdevums &#8220;Babel&#8221;.<\/p>\n<p>\u0160ie v\u0101rdi ukrai\u0146u medijos izskan\u0113ju\u0161i ar\u012b iepriek\u0161.<\/p>\n<p>\u0160\u012b bija pirm\u0101 reize, kad Zelenskis publiski izteicies par iesp\u0113jamajiem prezidenta kancelejas vad\u012bt\u0101ja amata kandid\u0101tiem.<\/p>\n<p>Jermaks 28. novembr\u012b iesniedza atl\u016bgumu.<\/p>\n<p>\t\t\t\t\t\tinfo<\/p>\n<p>Uzzini pirmais<br \/>kas interesants noticis Latvij\u0101 un pasaul\u0113,<br \/>pievienojoties mums <a href=\"https:\/\/t.me\/neatkariga\" rel=\"nofollow\">Telegram<\/a> vai <a href=\"https:\/\/whatsapp.com\/channel\/0029VaMLFUH5K3zLU5s4wm3y\" rel=\"nofollow noopener\" target=\"_blank\">Whatsapp<\/a> kan\u0101l\u0101<\/p>\n","protected":false},"excerpt":{"rendered":"Ukrainas prezidents Volodimirs Zelenskis p\u0113c sarun\u0101m London\u0101 ar Eiropas sabiedrotajiem pirmo reizi nosaucis iesp\u0113jamos kandid\u0101tus uz prezidenta kancelejas&hellip;\n","protected":false},"author":2,"featured_media":69534,"comment_status":"","ping_status":"","sticky":false,"template":"","format":"standard","meta":{"footnotes":""},"categories":[14],"tags":[23,57,28,29,32,33,22,30,31,35,39,38,36,37,34,40,20,26,27,24,25,54,55,56,21,58],"class_list":{"0":"post-69533","1":"post","2":"type-post","3":"status-publish","4":"format-standard","5":"has-post-thumbnail","7":"category-zinas-no-arvalstim","8":"tag-aktualitates","9":"tag-arvalstim","10":"tag-breaking-news","11":"tag-breakingnews","12":"tag-featured-news","13":"tag-featurednews","14":"tag-headlines","15":"tag-latest-news","16":"tag-latestnews","17":"tag-latvia","18":"tag-latvian","19":"tag-latviesu","20":"tag-latviesu-valoda","21":"tag-latviesuvaloda","22":"tag-latvija","23":"tag-lv","24":"tag-news","25":"tag-popularakas-zinas","26":"tag-popularakaszinas","27":"tag-top-stories","28":"tag-topstories","29":"tag-world","30":"tag-world-news","31":"tag-worldnews","32":"tag-zinas","33":"tag-zinas-no-arvalstim"},"share_on_mastodon":{"url":"https:\/\/pubeurope.com\/@lv\/115688358821194506","error":""},"_links":{"self":[{"href":"https:\/\/www.europesays.com\/lv\/wp-json\/wp\/v2\/posts\/69533","targetHints":{"allow":["GET"]}}],"collection":[{"href":"https:\/\/www.europesays.com\/lv\/wp-json\/wp\/v2\/posts"}],"about":[{"href":"https:\/\/www.europesays.com\/lv\/wp-json\/wp\/v2\/types\/post"}],"author":[{"embeddable":true,"href":"https:\/\/www.europesays.com\/lv\/wp-json\/wp\/v2\/users\/2"}],"replies":[{"embeddable":true,"href":"https:\/\/www.europesays.com\/lv\/wp-json\/wp\/v2\/comments?post=69533"}],"version-history":[{"count":0,"href":"https:\/\/www.europesays.com\/lv\/wp-json\/wp\/v2\/posts\/69533\/revisions"}],"wp:featuredmedia":[{"embeddable":true,"href":"https:\/\/www.europesays.com\/lv\/wp-json\/wp\/v2\/media\/69534"}],"wp:attachment":[{"href":"https:\/\/www.europesays.com\/lv\/wp-json\/wp\/v2\/media?parent=69533"}],"wp:term":[{"taxonomy":"category","embeddable":true,"href":"https:\/\/www.europesays.com\/lv\/wp-json\/wp\/v2\/categories?post=69533"},{"taxonomy":"post_tag","embeddable":true,"href":"https:\/\/www.europesays.com\/lv\/wp-json\/wp\/v2\/tags?post=69533"}],"curies":[{"name":"wp","href":"https:\/\/api.w.org\/{rel}","templated":true}]}}