{"id":69537,"date":"2025-12-09T07:11:07","date_gmt":"2025-12-09T07:11:07","guid":{"rendered":"https:\/\/www.europesays.com\/lv\/69537\/"},"modified":"2025-12-09T07:11:07","modified_gmt":"2025-12-09T07:11:07","slug":"indexo-akciju-emisija-piesaista-495-miljonus-eiro-dienas-bizness","status":"publish","type":"post","link":"https:\/\/www.europesays.com\/lv\/69537\/","title":{"rendered":"INDEXO akciju emisij\u0101 piesaista 4,95 miljonus eiro :: Dienas Bizness"},"content":{"rendered":"<p class=\"text-font font-size--text-xlarge margin-3--bottom font-weight--bold padding-1--top\">Pensiju p\u0101rvaldes uz\u0146\u0113mums IPAS \u201cIndexo\u201d (Indexo), kas p\u0113rn Latvij\u0101 atv\u0113ra ar\u012b viet\u0113jo banku, \u0161odien, 7. august\u0101, ir sa\u0146\u0113mis jaun\u0101s akciju emisijas prospekta apstiprin\u0101jumu no Latvijas Bankas. Vienas akcijas cena b\u016bs 10,15 eiro.<\/p>\n<p class=\"text-font font-size--text-xlarge margin-3--bottom\">Parakst\u012b\u0161an\u0101s periods norisin\u0101sies no \u0161\u012b gada 8. augusta l\u012bdz 15. augustam, uz jaunaj\u0101m akcij\u0101m var\u0113s parakst\u012bties jebkur\u0161 Latvijas iedz\u012bvot\u0101js un uz\u0146\u0113mumus, ieg\u0101d\u0101joties vismaz vienu akciju. Indexo jaunaj\u0101 akciju emisij\u0101 pl\u0101no piesaist\u012bt l\u012bdz 3,5 miljoniem eiro, kopum\u0101 pied\u0101v\u0101jot l\u012bdz 345 000 akcij\u0101m.<\/p>\n<p class=\"text-font font-size--text-xlarge margin-3--bottom\">AS ALLPES Capital ir apliecin\u0101jis gatav\u012bbu izpirkt visu akciju laidienu, bet, saska\u0146\u0101 ar akciju sadales noteikumiem, akcijas vispirms tiks pie\u0161\u0137irtas eso\u0161ajiem Indexo akcion\u0101riem, kas piedal\u0101s emisij\u0101 (ieskaitot AS ALPPES Capital), proporcion\u0101li vi\u0146u attiec\u012bgajai l\u012bdzdal\u012bbai Indexo pamatkapit\u0101l\u0101. P\u0113c tam tiks sadal\u012btas p\u0101r\u0113j\u0101s akcijas \u2013 proporcion\u0101li investoru (ieskaitot eso\u0161os akcion\u0101rus) iesniegtajiem pirkuma r\u012bkojumiem.<\/p>\n<p class=\"text-font font-size--text-xlarge margin-3--bottom\">\u201cM\u0113s m\u0113r\u0137tiec\u012bgi \u012bstenojam Indexo izaugsmes pl\u0101nus un piesaist\u0101m jaunu kapit\u0101lu, lai turpin\u0101tu bankas att\u012bst\u012bbu un arvien akt\u012bv\u0101k iesaist\u012btos kredit\u0113\u0161an\u0101. M\u016bsu m\u0113r\u0137is ir sasniegt t\u0101du m\u0113rogu un rentabilit\u0101ti, kad Indexo grupa k\u013c\u016bst pietiekami pelno\u0161a, lai turpm\u0101kai izaugsmei nepiecie\u0161amo kapit\u0101lu var\u0113tu nodro\u0161in\u0101t pati. Indexo pan\u0101kumi gan pensiju, gan bankas jom\u0101 jau \u0161obr\u012bd paaugstina visas grupas v\u0113rt\u012bbu m\u016bsu akcion\u0101riem. Sagaid\u0101ms, ka \u0161oreiz jaun\u0101s Indexo akcijas b\u016bs defic\u012bts, jo piepras\u012bjums p\u0101rsniegs pied\u0101v\u0101jumu. Akciju sadales noteikumi priek\u0161roku dos l\u012bdz\u0161in\u0113jiem Indexo akcion\u0101riem, t\u0101p\u0113c \u012bpa\u0161i aicinu visus m\u016bsu akcion\u0101rus piedal\u012bties emisij\u0101. \u0160\u012b ir ar\u012b iesp\u0113ja tiem, kuri v\u0113l nav Indexo akcion\u0101ri, ieg\u016bt savu da\u013cu viet\u0113j\u0101 finan\u0161u pakalpojumu grup\u0101,\u201d saka Valdis Siksnis, AS Indexo Banka valdes priek\u0161s\u0113d\u0113t\u0101js un viens no dibin\u0101t\u0101jiem.<\/p>\n<p class=\"text-font font-size--text-xlarge margin-3--bottom\">Visi interesenti aicin\u0101ti 7. august\u0101 plkst. 16.30 latvie\u0161u valod\u0101 (plkst. 18.00 ang\u013cu valod\u0101) pievienoties bezmaksas tie\u0161saistes vebin\u0101ram \u201cIndexo rezult\u0101ti un n\u0101kotnes pl\u0101ni\u201d, kur Indexo komanda iepaz\u012bstin\u0101s ar Indexo pirm\u0101 pusgada darb\u012bbas rezult\u0101tiem, t\u0101l\u0101kajiem uz\u0146\u0113muma att\u012bst\u012bbas pl\u0101niem un to, k\u0101p\u0113c k\u013c\u016bt par Indexo akcion\u0101ru.<\/p>\n","protected":false},"excerpt":{"rendered":"Pensiju p\u0101rvaldes uz\u0146\u0113mums IPAS \u201cIndexo\u201d (Indexo), kas p\u0113rn Latvij\u0101 atv\u0113ra ar\u012b viet\u0113jo banku, \u0161odien, 7. august\u0101, ir sa\u0146\u0113mis&hellip;\n","protected":false},"author":2,"featured_media":69538,"comment_status":"","ping_status":"","sticky":false,"template":"","format":"standard","meta":{"footnotes":""},"categories":[5],"tags":[23,869,77,870,28,29,867,32,33,22,30,31,35,39,38,36,37,34,871,868,40,20,26,27,24,25,21],"class_list":{"0":"post-69537","1":"post","2":"type-post","3":"status-publish","4":"format-standard","5":"has-post-thumbnail","7":"category-aktualitates","8":"tag-aktualitates","9":"tag-biznesa-zinas","10":"tag-bizness","11":"tag-bizness-latvija","12":"tag-breaking-news","13":"tag-breakingnews","14":"tag-dienas-zinas","15":"tag-featured-news","16":"tag-featurednews","17":"tag-headlines","18":"tag-latest-news","19":"tag-latestnews","20":"tag-latvia","21":"tag-latvian","22":"tag-latviesu","23":"tag-latviesu-valoda","24":"tag-latviesuvaloda","25":"tag-latvija","26":"tag-latvijas-biznesa-zinas","27":"tag-latvijas-zinas","28":"tag-lv","29":"tag-news","30":"tag-popularakas-zinas","31":"tag-popularakaszinas","32":"tag-top-stories","33":"tag-topstories","34":"tag-zinas"},"share_on_mastodon":{"url":"https:\/\/pubeurope.com\/@lv\/115688366743273268","error":""},"_links":{"self":[{"href":"https:\/\/www.europesays.com\/lv\/wp-json\/wp\/v2\/posts\/69537","targetHints":{"allow":["GET"]}}],"collection":[{"href":"https:\/\/www.europesays.com\/lv\/wp-json\/wp\/v2\/posts"}],"about":[{"href":"https:\/\/www.europesays.com\/lv\/wp-json\/wp\/v2\/types\/post"}],"author":[{"embeddable":true,"href":"https:\/\/www.europesays.com\/lv\/wp-json\/wp\/v2\/users\/2"}],"replies":[{"embeddable":true,"href":"https:\/\/www.europesays.com\/lv\/wp-json\/wp\/v2\/comments?post=69537"}],"version-history":[{"count":0,"href":"https:\/\/www.europesays.com\/lv\/wp-json\/wp\/v2\/posts\/69537\/revisions"}],"wp:featuredmedia":[{"embeddable":true,"href":"https:\/\/www.europesays.com\/lv\/wp-json\/wp\/v2\/media\/69538"}],"wp:attachment":[{"href":"https:\/\/www.europesays.com\/lv\/wp-json\/wp\/v2\/media?parent=69537"}],"wp:term":[{"taxonomy":"category","embeddable":true,"href":"https:\/\/www.europesays.com\/lv\/wp-json\/wp\/v2\/categories?post=69537"},{"taxonomy":"post_tag","embeddable":true,"href":"https:\/\/www.europesays.com\/lv\/wp-json\/wp\/v2\/tags?post=69537"}],"curies":[{"name":"wp","href":"https:\/\/api.w.org\/{rel}","templated":true}]}}