{"id":69545,"date":"2025-12-09T07:15:12","date_gmt":"2025-12-09T07:15:12","guid":{"rendered":"https:\/\/www.europesays.com\/lv\/69545\/"},"modified":"2025-12-09T07:15:12","modified_gmt":"2025-12-09T07:15:12","slug":"ka-reaget-uz-putina-draudiem-eiropai","status":"publish","type":"post","link":"https:\/\/www.europesays.com\/lv\/69545\/","title":{"rendered":"K\u0101 rea\u0123\u0113t uz Putina draudiem Eiropai?"},"content":{"rendered":"<p class=\"descr\">K\u0101 Latvijai mier\u012bgi rea\u0123\u0113t uz Krievijas prezidenta Vladimira Putina runu, kur\u0101 vi\u0146\u0161 apgalvoja, ka ir gatavs karot ar Eiropu? Politolo\u0123e, R\u012bgas Stradi\u0146a universit\u0101tes lektore Lelde Metla-Rozent\u0101le TV24 sac\u012bja, ka vi\u0146a uzskata \u2013 t\u0101 vair\u0101k bija t\u0101da iek\u0161politiska Putina runa, taisno\u0161an\u0101s Krievijas tautai, bet faktiski tautas musin\u0101\u0161ana un apv\u0101rdo\u0161ana.<\/p>\n<p>Politolo\u0123e uzsv\u0113ra, ka \u0161aj\u0101 Putina run\u0101 bija t\u0101da d\u012bvaina retorika, kur Putins saviem cilv\u0113kiem skaidroja, ka \u201ctas, ko m\u0113s dar\u0101m Ukrain\u0101, v\u0113l ir \u013coti saudz\u012bgi, tie jau mums ir t\u0101da br\u0101\u013cu tauta, un paties\u012bb\u0101 jau m\u0113s speci\u0101li t\u0101 l\u0113ni karojam\u201d. <\/p>\n<p>L. Metla-Rozent\u0101le ir p\u0101rliecin\u0101ta, ka paties\u012bb\u0101 Putina m\u0113r\u0137is bija attaisnoties, jo vienai da\u013cai cilv\u0113ku Krievij\u0101 ir jaut\u0101jums, kur tad ir t\u0101 stipr\u0101 un varen\u0101 Krievija un k\u0101p\u0113c Ukraina jau sen nav sakuta. Un tad <a href=\"https:\/\/nra.lv\/birka\/vladimirs-putins\/\" target=\"_blank\" rel=\"noopener nofollow\">Putins<\/a> saka: n\u0113, t\u0101 ir mana taktika, ka m\u0113s t\u0101 pamaz\u0101m, bet tad, kad man vajadz\u0113s Eiropu, tad gan es vien\u0101 dien\u0101 visu noslauc\u012b\u0161u. P\u0113c politolo\u0123es sac\u012bt\u0101, t\u0101 ir t\u0101da pa\u0161a tautas musin\u0101\u0161ana un apv\u0101rdo\u0161ana, lai nerastos lieki jaut\u0101jumi.<\/p>\n<p>\u0160eit atkal ir v\u0113rojama Krievijas \u0101r\u0113j\u0101 ienaidnieka t\u0113la uztur\u0113\u0161ana &#8211; m\u0113s jau neko, bet tie sliktie Rietumi visu laiku m\u016bs provoc\u0113, un tad m\u0113s esam spiesti c\u012bn\u012bties, sac\u012bja L. Metla-Rozent\u0101le. <\/p>\n<p>\t\t\t\t\t\tinfo<\/p>\n<p>Uzzini pirmais<br \/>kas interesants noticis Latvij\u0101 un pasaul\u0113,<br \/>pievienojoties mums <a href=\"https:\/\/t.me\/neatkariga\" rel=\"nofollow\">Telegram<\/a> vai <a href=\"https:\/\/whatsapp.com\/channel\/0029VaMLFUH5K3zLU5s4wm3y\" rel=\"nofollow noopener\" target=\"_blank\">Whatsapp<\/a> kan\u0101l\u0101<\/p>\n","protected":false},"excerpt":{"rendered":"K\u0101 Latvijai mier\u012bgi rea\u0123\u0113t uz Krievijas prezidenta Vladimira Putina runu, kur\u0101 vi\u0146\u0161 apgalvoja, ka ir gatavs karot ar&hellip;\n","protected":false},"author":2,"featured_media":69546,"comment_status":"","ping_status":"","sticky":false,"template":"","format":"standard","meta":{"footnotes":""},"categories":[14],"tags":[23,57,28,29,32,33,22,30,31,35,39,38,36,37,34,40,20,26,27,24,25,54,55,56,21,58],"class_list":{"0":"post-69545","1":"post","2":"type-post","3":"status-publish","4":"format-standard","5":"has-post-thumbnail","7":"category-zinas-no-arvalstim","8":"tag-aktualitates","9":"tag-arvalstim","10":"tag-breaking-news","11":"tag-breakingnews","12":"tag-featured-news","13":"tag-featurednews","14":"tag-headlines","15":"tag-latest-news","16":"tag-latestnews","17":"tag-latvia","18":"tag-latvian","19":"tag-latviesu","20":"tag-latviesu-valoda","21":"tag-latviesuvaloda","22":"tag-latvija","23":"tag-lv","24":"tag-news","25":"tag-popularakas-zinas","26":"tag-popularakaszinas","27":"tag-top-stories","28":"tag-topstories","29":"tag-world","30":"tag-world-news","31":"tag-worldnews","32":"tag-zinas","33":"tag-zinas-no-arvalstim"},"share_on_mastodon":{"url":"https:\/\/pubeurope.com\/@lv\/115688382373503137","error":""},"_links":{"self":[{"href":"https:\/\/www.europesays.com\/lv\/wp-json\/wp\/v2\/posts\/69545","targetHints":{"allow":["GET"]}}],"collection":[{"href":"https:\/\/www.europesays.com\/lv\/wp-json\/wp\/v2\/posts"}],"about":[{"href":"https:\/\/www.europesays.com\/lv\/wp-json\/wp\/v2\/types\/post"}],"author":[{"embeddable":true,"href":"https:\/\/www.europesays.com\/lv\/wp-json\/wp\/v2\/users\/2"}],"replies":[{"embeddable":true,"href":"https:\/\/www.europesays.com\/lv\/wp-json\/wp\/v2\/comments?post=69545"}],"version-history":[{"count":0,"href":"https:\/\/www.europesays.com\/lv\/wp-json\/wp\/v2\/posts\/69545\/revisions"}],"wp:featuredmedia":[{"embeddable":true,"href":"https:\/\/www.europesays.com\/lv\/wp-json\/wp\/v2\/media\/69546"}],"wp:attachment":[{"href":"https:\/\/www.europesays.com\/lv\/wp-json\/wp\/v2\/media?parent=69545"}],"wp:term":[{"taxonomy":"category","embeddable":true,"href":"https:\/\/www.europesays.com\/lv\/wp-json\/wp\/v2\/categories?post=69545"},{"taxonomy":"post_tag","embeddable":true,"href":"https:\/\/www.europesays.com\/lv\/wp-json\/wp\/v2\/tags?post=69545"}],"curies":[{"name":"wp","href":"https:\/\/api.w.org\/{rel}","templated":true}]}}