{"id":69548,"date":"2025-12-09T07:17:07","date_gmt":"2025-12-09T07:17:07","guid":{"rendered":"https:\/\/www.europesays.com\/lv\/69548\/"},"modified":"2025-12-09T07:17:07","modified_gmt":"2025-12-09T07:17:07","slug":"latvija-renoveti-vien-4-no-daudzdzivoklu-ekam-kam-nepieciesama-renovacija","status":"publish","type":"post","link":"https:\/\/www.europesays.com\/lv\/69548\/","title":{"rendered":"Latvij\u0101 renov\u0113ti vien 4% no daudzdz\u012bvok\u013cu \u0113k\u0101m, kam nepiecie\u0161ama renov\u0101cija"},"content":{"rendered":"<p>Vi\u0146\u0161 uzsver, ka renov\u0101cija nav tikai skaist\u0101ka fas\u0101de &#8211; t\u0101 ir b\u016btiska, lai m\u0101jok\u013ci b\u016btu kvalitat\u012bvi, energoefekt\u012bvi un ekonomiski uzturami. &#8220;Jo ilg\u0101k tiek atlikts l\u0113mums par atjauno\u0161anu, jo d\u0101rg\u0101ka t\u0101 k\u013c\u016bst. Tom\u0113r \u0161odien Latvij\u0101 renov\u0113ti ir tikai aptuveni 4% m\u0101jok\u013cu, kas skaidri par\u0101da, ka j\u0101mekl\u0113 risin\u0101jumi, lai padar\u012btu renov\u0101ciju vienk\u0101r\u0161\u0101ku un pieejam\u0101ku,&#8221; pau\u017e Valsts kontroles padomes loceklis.<\/p>\n<p>Tom\u0113r esot redzams, ka iedz\u012bvot\u0101ju interese par siltin\u0101\u0161anu ir augusi. Piem\u0113ram, \u0161ogad AS &#8220;Att\u012bst\u012bbas finan\u0161u instit\u016bcijas &#8220;Altum&#8221;&#8221; (&#8220;Altum&#8221;) renov\u0101cijas programmas finans\u0113jums tika rezerv\u0113ts maz\u0101k nek\u0101 pusotra m\u0113ne\u0161a laik\u0101. Tas noz\u012bm\u0113, ka cilv\u0113ki ir gatavi r\u012bkoties, ja ir pieejams atbalsta finans\u0113jums, uzskata \u0100boli\u0146\u0161.<\/p>\n<p>Vienlaikus rev\u012bzij\u0101 Valsts kontrole secina, ka Ekonomikas ministrija un Klimata un ener\u0123\u0113tikas ministrija nav izmantoju\u0161as visas iesp\u0113jas renov\u0101cijas atbalsta finans\u0113juma pieejam\u012bbas veicin\u0101\u0161anai.<\/p>\n<p>Rev\u012bzij\u0101 konstat\u0113ts, ka dz\u012bvok\u013cu \u012bpa\u0161nieku inform\u0113t\u012bba joproj\u0101m ir nepietiekama un bie\u017ei vien k\u013c\u016bst par b\u016btisku \u0161\u0137\u0113rsli renov\u0101cijas s\u0101k\u0161anai. Valsts kontroles veikt\u0101s dz\u012bvok\u013cu \u012bpa\u0161nieku aptaujas rezult\u0101ti r\u0101da, ka tikai 39,5% ir inform\u0113ti par iesp\u0113ju veikt energoefektivit\u0101tes paaugstin\u0101\u0161anas pas\u0101kumus vai \u0113kas pilno renov\u0101ciju, savuk\u0101rt 29,8% ir da\u013c\u0113ji inform\u0113ti.<\/p>\n","protected":false},"excerpt":{"rendered":"Vi\u0146\u0161 uzsver, ka renov\u0101cija nav tikai skaist\u0101ka fas\u0101de &#8211; t\u0101 ir b\u016btiska, lai m\u0101jok\u013ci b\u016btu kvalitat\u012bvi, energoefekt\u012bvi un&hellip;\n","protected":false},"author":2,"featured_media":69549,"comment_status":"","ping_status":"","sticky":false,"template":"","format":"standard","meta":{"footnotes":""},"categories":[5],"tags":[23,28,29,17821,32,33,22,30,31,35,39,38,36,37,34,40,17418,20,26,27,17820,24,25,21],"class_list":{"0":"post-69548","1":"post","2":"type-post","3":"status-publish","4":"format-standard","5":"has-post-thumbnail","7":"category-aktualitates","8":"tag-aktualitates","9":"tag-breaking-news","10":"tag-breakingnews","11":"tag-buvdarbi","12":"tag-featured-news","13":"tag-featurednews","14":"tag-headlines","15":"tag-latest-news","16":"tag-latestnews","17":"tag-latvia","18":"tag-latvian","19":"tag-latviesu","20":"tag-latviesu-valoda","21":"tag-latviesuvaloda","22":"tag-latvija","23":"tag-lv","24":"tag-majas","25":"tag-news","26":"tag-popularakas-zinas","27":"tag-popularakaszinas","28":"tag-siltinasana","29":"tag-top-stories","30":"tag-topstories","31":"tag-zinas"},"share_on_mastodon":{"url":"https:\/\/pubeurope.com\/@lv\/115688390234695656","error":""},"_links":{"self":[{"href":"https:\/\/www.europesays.com\/lv\/wp-json\/wp\/v2\/posts\/69548","targetHints":{"allow":["GET"]}}],"collection":[{"href":"https:\/\/www.europesays.com\/lv\/wp-json\/wp\/v2\/posts"}],"about":[{"href":"https:\/\/www.europesays.com\/lv\/wp-json\/wp\/v2\/types\/post"}],"author":[{"embeddable":true,"href":"https:\/\/www.europesays.com\/lv\/wp-json\/wp\/v2\/users\/2"}],"replies":[{"embeddable":true,"href":"https:\/\/www.europesays.com\/lv\/wp-json\/wp\/v2\/comments?post=69548"}],"version-history":[{"count":0,"href":"https:\/\/www.europesays.com\/lv\/wp-json\/wp\/v2\/posts\/69548\/revisions"}],"wp:featuredmedia":[{"embeddable":true,"href":"https:\/\/www.europesays.com\/lv\/wp-json\/wp\/v2\/media\/69549"}],"wp:attachment":[{"href":"https:\/\/www.europesays.com\/lv\/wp-json\/wp\/v2\/media?parent=69548"}],"wp:term":[{"taxonomy":"category","embeddable":true,"href":"https:\/\/www.europesays.com\/lv\/wp-json\/wp\/v2\/categories?post=69548"},{"taxonomy":"post_tag","embeddable":true,"href":"https:\/\/www.europesays.com\/lv\/wp-json\/wp\/v2\/tags?post=69548"}],"curies":[{"name":"wp","href":"https:\/\/api.w.org\/{rel}","templated":true}]}}