{"id":69621,"date":"2025-12-09T08:15:07","date_gmt":"2025-12-09T08:15:07","guid":{"rendered":"https:\/\/www.europesays.com\/lv\/69621\/"},"modified":"2025-12-09T08:15:07","modified_gmt":"2025-12-09T08:15:07","slug":"ziemas-izlaiduma-suminas-biznesa-augstskolas-turiba-19-000-absolventu-09-12-2025-jaunumi","status":"publish","type":"post","link":"https:\/\/www.europesays.com\/lv\/69621\/","title":{"rendered":"Ziemas izlaidum\u0101 sumin\u0101s Biznesa augstskolas Tur\u012bba 19\u00a0000. absolventu &#8211; 09.12.2025 &#8211; Jaunumi"},"content":{"rendered":"<p style=\"margin-bottom: 11px; text-align: justify;\">13. decembr\u012b notiks Biznesa augstskolas Tur\u012bba ziemas izlaidums, kur\u0101 absolventu pulkam pievienosies 326 jaunie profesion\u0101\u013ci, liel\u0101k\u0101 da\u013ca ieg\u016bs ma\u0123istra gr\u0101du, bet \u010detri absolv\u0113s doktora programmu. <\/p>\n<p style=\"text-align: justify;\">Izlaidum\u0101 tiks sumin\u0101ts 19 000. absolvents, 1000. starptautiskais students, 2000. Uz\u0146\u0113m\u0113jdarb\u012bbas vad\u012bbas ma\u0123istra programmas absolvents, k\u0101 ar\u012b septi\u0146i laure\u0101ti \u201cGada doc\u0113t\u0101js 2025.\/2026. studiju gad\u0101\u201d.<\/p>\n<p style=\"text-align: justify;\">\u0145emot v\u0113r\u0101 lielo absolventu skaitu un pl\u0101nojot skaistus sv\u0113tkus absolventiem un vi\u0146u viesiem, tiks r\u012bkoti tr\u012bs izlaidumi: pirmie, plkst.11.00, diplomus par augst\u0101k\u0101s izgl\u012bt\u012bbas ieg\u016b\u0161anu sa\u0146ems bakalaura, ma\u0123istra studiju programmu absolventi ang\u013cu valodas p\u016bsm\u0101. Savuk\u0101rt plkst.14.00 &#8211; \u012bs\u0101 cikla jeb koled\u017eas studiju programmas latvie\u0161u un ang\u013cu valodas p\u016bsmas absolventi, bet sv\u0113tkus nosl\u0113gs plkst. 17.00 doktora studiju programmas latvie\u0161u un ang\u013cu valodas pl\u016bsmas absolventi, ma\u0123istra un bakalaura programmas latvie\u0161u valodas pl\u016bsmas  absolventi.<\/p>\n<p style=\"text-align: justify;\">\u012apa\u0161s br\u012bdis b\u016bs \u010detriem Uz\u0146\u0113m\u0113jdarb\u012bbas vad\u012bbas fakult\u0101tes doktorant\u016bras absolventiem \u2013 Dacei \u0160akenai, Annemarija \u0160perli\u0146ai, Ketevan Rizhamadze un Charles Nnamdi Ohanyelu, kuri piepulc\u0113sies Tur\u012bbas 47 doktoru kopienai. Jaunie doktori absolv\u0113s doktora studiju programmas \u201cKomunik\u0101cijas vad\u012bba\u201d, \u201cUz\u0146\u0113m\u0113jdarb\u012bbas vad\u012bba\u201d un \u201cVadzin\u012bba\u201d.<\/p>\n<p style=\"text-align: justify;\">Visliel\u0101kais absolventu skaits ziemas izlaidum\u0101 \u0161ogad ir Uz\u0146\u0113m\u0113jdarb\u012bbas vad\u012bbas fakult\u0101t\u0113 \u2013 to absolv\u0113s 229 studenti. Juridisk\u0101s fakult\u0101tes absolventu pulkam pievienosies 78 jauni speci\u0101listi, Starptautisk\u0101 t\u016brisma fakult\u0101t\u0113 \u2013 15, bet Inform\u0101cijas tehnolo\u0123ijas fakult\u0101ti \u0161ovasar absolv\u0113s \u010detri studenti.<\/p>\n<p style=\"text-align: justify;\">Raugoties no studiju l\u012bme\u0146a, tad visliel\u0101kais absolvents skaits ir v\u0113rojams tie\u0161i ma\u0123istra programm\u0101s \u2013 kopum\u0101 absolv\u0113s 151 ma\u0123istrs, kuri stud\u0113ju\u0161i t\u0101d\u0101s programm\u0101s k\u0101 \u201cBiznesa psiholo\u0123ija un cilv\u0113kresursu vad\u012bba uz\u0146\u0113m\u0113jdarb\u012bb\u0101\u201d, \u201cTies\u012bbas organiz\u0101cijas vad\u012bb\u0101\u201d, \u201cOrganiz\u0101cijas dro\u0161\u012bbas vad\u012bba\u201d, \u201cStrat\u0113\u0123isk\u0101 komunik\u0101cijas vad\u012bba\u201d, \u201cT\u016brisma strat\u0113\u0123isk\u0101 vad\u012bba\u201d,  \u201cUz\u0146\u0113m\u0113jdarb\u012bbas vad\u012bba\u201d un \u201cPublisk\u0101 p\u0101rvalde\u201d.<\/p>\n<p style=\"text-align: justify;\">Bakalaura diplomus \u0161ogad sa\u0146ems 72 absolventi, kuri stud\u0113ju\u0161i programm\u0101s \u201cUz\u0146\u0113m\u0113jdarb\u012bbas vad\u012bba\u201d, \u201cStarptautisk\u0101 finan\u0161u vad\u012bba\u201d, \u201cBiznesa lo\u0123istikas vad\u012bba\u201d, \u201cTies\u012bbu zin\u0101tne\u201d, \u201cT\u016brisma un viesm\u012bl\u012bbas nozares uz\u0146\u0113mumu vad\u012bba\u201d, \u201cKomunik\u0101cijas un sabiedrisko attiec\u012bbu vad\u012bba\u201d, k\u0101 ar\u012b \u201cPas\u0101kumu produc\u0113\u0161ana un vad\u012bba\u201d.<\/p>\n<p style=\"text-align: justify;\">Savuk\u0101rt koled\u017eas jeb \u012bs\u0101 cikla studijas \u0161ogad nosl\u0113gs 99 studenti, apg\u016bstot t\u0101das programmas k\u0101 \u201cProgramm\u0113t\u0101js\u201d, \u201cOrganiz\u0101cijas dro\u0161\u012bba\u201d, \u201cFinanses un gr\u0101matved\u012bba\u201d, \u201cM\u0101rketings un tirdzniec\u012bba\u201d, \u201cTies\u012bbu zin\u0101tne\u201d un \u201cViesn\u012bcu pakalpojumu organizators\u201d.  Visliel\u0101kais absolventu skaits koled\u017eas programm\u0101s ir C\u0113su fili\u0101l\u0113 ar 36 absolventiem, Zieme\u013ckurzemes fili\u0101li absolv\u0113s 20 un Liep\u0101jas fili\u0101li \u2013 14 absolventi.<\/p>\n<p style=\"text-align: justify;\">Studijas \u0161ogad Tur\u012bb\u0101 nosl\u0113dz 91\u0101rvalstu students \u2013 divi no tiem absolv\u0113s doktora programmas, 85 ma\u0123istra programmas un \u010detri bakalaura programmas. \u0100rvalstu studenti izv\u0113las stud\u0113t \u0161\u0101das ma\u0123istra studiju programmas \u201cBiznesa psiholo\u0123ija un cilv\u0113kresursu vad\u012bba uz\u0146\u0113m\u0113jdarb\u012bb\u0101\u201d, \u201cStrat\u0113\u0123isk\u0101 komunik\u0101cijas vad\u012bba\u201d, \u201cT\u016brisma strat\u0113\u0123isk\u0101 vad\u012bba\u201d,  \u201cUz\u0146\u0113m\u0113jdarb\u012bbas vad\u012bba\u201d.<\/p>\n<p style=\"text-align: justify;\">Ziemas izlaidum\u0101 absolv\u0113s studenti no 10 valst\u012bm &#8211; Latvijas, Ukrainas, It\u0101lijas, Meksikas, Gruzijas, Indijas, Nig\u0113rijas, \u0160rilankas, k\u0101 ar\u012b b\u016bs pirmais absolvents no Dienvidkorejas. Ta\u010du kopum\u0101 Biznesa augstskolu Tur\u012bba absolv\u0113ju\u0161i studenti no 41 da\u017e\u0101das pasaules valsts.<\/p>\n<p style=\"text-align: justify;\">Biznesa augstskola Tur\u012bba ir liel\u0101k\u0101 biznesa augstskola Baltij\u0101, biznes\u0101 balst\u012bta un atbilsto\u0161\u0101s aktivit\u0101t\u0113s studentu orient\u0113ta starptautiska augstskola, kas ietver biznesa dom\u0101\u0161anu visos studiju virzienos. Studiju process tiek veidots t\u0101, lai students maksim\u0101lu sp\u0113tu izmantot un att\u012bst\u012bt savu potenci\u0101lu. Tur\u012bbas priek\u0161roc\u012bba ir t\u0101s kvalitat\u012bvais un aktu\u0101lais studiju satura pied\u0101v\u0101jums, kas orient\u0113ts uz profesion\u0101laj\u0101m zin\u0101\u0161an\u0101m un prasmju apg\u016b\u0161anu, apvienojot studij\u0101s uz\u0146\u0113m\u0113jdarb\u012bbas aspektus ar lieti\u0161\u0137o zin\u0101tni.<\/p>\n<p style=\"text-align: justify;\">Kopum\u0101 Biznesa augstskola Tur\u012bba pied\u0101v\u0101 <a href=\"https:\/\/www.turiba.lv\/lv\/uznemsana\/studiju-programmas-1\" rel=\"nofollow noopener\" target=\"_blank\">studijas 33 programm\u0101.<\/a><\/p>\n<p style=\"text-align: justify;\">Biznesa augstskola Tur\u012bba sveic visus 2025.\u202fgada ziemas izlaiduma absolventus un nov\u0113l g\u016bt pan\u0101kumus, drosm\u012bgi un m\u0113r\u0137tiec\u012bgi virzoties t\u0101l\u0101k profesion\u0101laj\u0101 ce\u013c\u0101!<\/p>\n","protected":false},"excerpt":{"rendered":"13. decembr\u012b notiks Biznesa augstskolas Tur\u012bba ziemas izlaidums, kur\u0101 absolventu pulkam pievienosies 326 jaunie profesion\u0101\u013ci, liel\u0101k\u0101 da\u013ca ieg\u016bs&hellip;\n","protected":false},"author":2,"featured_media":69622,"comment_status":"","ping_status":"","sticky":false,"template":"","format":"standard","meta":{"footnotes":""},"categories":[14],"tags":[23,57,28,29,32,33,22,30,31,35,39,38,36,37,34,40,20,26,27,24,25,54,55,56,21,58],"class_list":{"0":"post-69621","1":"post","2":"type-post","3":"status-publish","4":"format-standard","5":"has-post-thumbnail","7":"category-zinas-no-arvalstim","8":"tag-aktualitates","9":"tag-arvalstim","10":"tag-breaking-news","11":"tag-breakingnews","12":"tag-featured-news","13":"tag-featurednews","14":"tag-headlines","15":"tag-latest-news","16":"tag-latestnews","17":"tag-latvia","18":"tag-latvian","19":"tag-latviesu","20":"tag-latviesu-valoda","21":"tag-latviesuvaloda","22":"tag-latvija","23":"tag-lv","24":"tag-news","25":"tag-popularakas-zinas","26":"tag-popularakaszinas","27":"tag-top-stories","28":"tag-topstories","29":"tag-world","30":"tag-world-news","31":"tag-worldnews","32":"tag-zinas","33":"tag-zinas-no-arvalstim"},"share_on_mastodon":{"url":"https:\/\/pubeurope.com\/@lv\/115688618455451911","error":""},"_links":{"self":[{"href":"https:\/\/www.europesays.com\/lv\/wp-json\/wp\/v2\/posts\/69621","targetHints":{"allow":["GET"]}}],"collection":[{"href":"https:\/\/www.europesays.com\/lv\/wp-json\/wp\/v2\/posts"}],"about":[{"href":"https:\/\/www.europesays.com\/lv\/wp-json\/wp\/v2\/types\/post"}],"author":[{"embeddable":true,"href":"https:\/\/www.europesays.com\/lv\/wp-json\/wp\/v2\/users\/2"}],"replies":[{"embeddable":true,"href":"https:\/\/www.europesays.com\/lv\/wp-json\/wp\/v2\/comments?post=69621"}],"version-history":[{"count":0,"href":"https:\/\/www.europesays.com\/lv\/wp-json\/wp\/v2\/posts\/69621\/revisions"}],"wp:featuredmedia":[{"embeddable":true,"href":"https:\/\/www.europesays.com\/lv\/wp-json\/wp\/v2\/media\/69622"}],"wp:attachment":[{"href":"https:\/\/www.europesays.com\/lv\/wp-json\/wp\/v2\/media?parent=69621"}],"wp:term":[{"taxonomy":"category","embeddable":true,"href":"https:\/\/www.europesays.com\/lv\/wp-json\/wp\/v2\/categories?post=69621"},{"taxonomy":"post_tag","embeddable":true,"href":"https:\/\/www.europesays.com\/lv\/wp-json\/wp\/v2\/tags?post=69621"}],"curies":[{"name":"wp","href":"https:\/\/api.w.org\/{rel}","templated":true}]}}