{"id":69678,"date":"2025-12-09T09:02:09","date_gmt":"2025-12-09T09:02:09","guid":{"rendered":"https:\/\/www.europesays.com\/lv\/69678\/"},"modified":"2025-12-09T09:02:09","modified_gmt":"2025-12-09T09:02:09","slug":"meta-paraksta-ligumus-ar-izdevejiem-par-aktualo-zinu-piedavasanu-meta-ai-platforma","status":"publish","type":"post","link":"https:\/\/www.europesays.com\/lv\/69678\/","title":{"rendered":"\u201cMeta\u201d paraksta l\u012bgumus ar izdev\u0113jiem par aktu\u0101lo zi\u0146u pied\u0101v\u0101\u0161anu \u201cMeta AI\u201d platform\u0101"},"content":{"rendered":"<p>Marka Zakerberga vad\u012bt\u0101 komp\u0101nija \u201c<a href=\"https:\/\/kursors.lv\/2025\/12\/08\/meta-apsver-butiski-samazinat-investicijas-metaversa-investori-par-to-ir-sajusma\/\" rel=\"nofollow noopener\" target=\"_blank\">Meta<\/a>\u201d pazi\u0146ojusi, ka parakst\u012bjusi l\u012bgumus ar vair\u0101kiem zi\u0146u izdev\u0113jiem, kas \u013caus \u201c<a href=\"https:\/\/kursors.lv\/2025\/09\/29\/meta-ai-lietotne-papildinata-ar-mi-generetiem-isajiem-video\/\" rel=\"nofollow noopener\" target=\"_blank\">Meta AI<\/a>\u201d \u010datbotam pied\u0101v\u0101t aktu\u0101l\u0101s zi\u0146as re\u0101llaik\u0101. Praktiski tas noz\u012bm\u0113, ka, uzdodot ar zi\u0146\u0101m saist\u012btus jaut\u0101jumus, lietot\u0101ji sa\u0146ems inform\u0101ciju, kas ir balst\u012bta uzticamos zi\u0146u avotos. \u010catbota atbild\u0113s tiks iek\u013cautas ar\u012b saites uz rakstiem, lai lietot\u0101js var\u0113tu iepaz\u012bties ar pilnu inform\u0101ciju par konkr\u0113to t\u0113mu.\n<\/p>\n<p>\u201cMeta\u201d uzsver, ka \u0161\u012b sadarb\u012bba sniegs priek\u0161roc\u012bbas ar\u012b pa\u0161iem zi\u0146u izdev\u0113jiem, jo tie var\u0113s sasniegt jaunu auditoriju. Zin\u0101ms, ka komp\u0101nija parakst\u012bjusi l\u012bgumu ar t\u0101diem zi\u0146u izdev\u0113jiem k\u0101 \u201cCNN\u201d, \u201cFox News\u201d, \u201cFox Sports\u201d, \u201cLe Monde Group\u201d, People Inc. z\u012bmolu, \u201cThe Daily Caller\u201d, \u201cThe Washington Examiner\u201d un \u201cUSA Today\u201d. N\u0101kotn\u0113 partneru loku pl\u0101nots papla\u0161in\u0101t, pied\u0101v\u0101jot \u201cMeta AI\u201d lietot\u0101jiem pla\u0161\u0101ku un daudzveid\u012bg\u0101ku saturu.\n<\/p>\n<p>Komp\u0101nija skaidro, ka ar \u0161o soli cer padar\u012bt \u201cMeta AI\u201d \u010datbota atbildes prec\u012bz\u0101kas, uzticam\u0101kas un daudzpus\u012bg\u0101kas. Re\u0101llaika notikumu atspogu\u013cojums ir bijis izaicin\u0101jums m\u0101ksl\u012bgajam intelektam, t\u0101p\u0113c pla\u0161\u0101ks zi\u0146u avotu kl\u0101sts, p\u0113c \u201cMeta\u201d uzskatiem, \u013caus nodro\u0161in\u0101t lietot\u0101jiem kvalitat\u012bv\u0101ku saturu. \u0160\u0101d\u0101 veid\u0101 komp\u0101nija ar\u012b cer piesaist\u012bt vair\u0101k lietot\u0101ju savam \u010datbotam un palielin\u0101t konkur\u0113tsp\u0113ju tirg\u016b.<\/p>\n","protected":false},"excerpt":{"rendered":"Marka Zakerberga vad\u012bt\u0101 komp\u0101nija \u201cMeta\u201d pazi\u0146ojusi, ka parakst\u012bjusi l\u012bgumus ar vair\u0101kiem zi\u0146u izdev\u0113jiem, kas \u013caus \u201cMeta AI\u201d \u010datbotam&hellip;\n","protected":false},"author":2,"featured_media":69679,"comment_status":"","ping_status":"","sticky":false,"template":"","format":"standard","meta":{"footnotes":""},"categories":[16],"tags":[77,76,35,39,38,36,37,34,40],"class_list":{"0":"post-69678","1":"post","2":"type-post","3":"status-publish","4":"format-standard","5":"has-post-thumbnail","7":"category-bizness","8":"tag-bizness","9":"tag-business","10":"tag-latvia","11":"tag-latvian","12":"tag-latviesu","13":"tag-latviesu-valoda","14":"tag-latviesuvaloda","15":"tag-latvija","16":"tag-lv"},"share_on_mastodon":{"url":"https:\/\/pubeurope.com\/@lv\/115688803198127726","error":""},"_links":{"self":[{"href":"https:\/\/www.europesays.com\/lv\/wp-json\/wp\/v2\/posts\/69678","targetHints":{"allow":["GET"]}}],"collection":[{"href":"https:\/\/www.europesays.com\/lv\/wp-json\/wp\/v2\/posts"}],"about":[{"href":"https:\/\/www.europesays.com\/lv\/wp-json\/wp\/v2\/types\/post"}],"author":[{"embeddable":true,"href":"https:\/\/www.europesays.com\/lv\/wp-json\/wp\/v2\/users\/2"}],"replies":[{"embeddable":true,"href":"https:\/\/www.europesays.com\/lv\/wp-json\/wp\/v2\/comments?post=69678"}],"version-history":[{"count":0,"href":"https:\/\/www.europesays.com\/lv\/wp-json\/wp\/v2\/posts\/69678\/revisions"}],"wp:featuredmedia":[{"embeddable":true,"href":"https:\/\/www.europesays.com\/lv\/wp-json\/wp\/v2\/media\/69679"}],"wp:attachment":[{"href":"https:\/\/www.europesays.com\/lv\/wp-json\/wp\/v2\/media?parent=69678"}],"wp:term":[{"taxonomy":"category","embeddable":true,"href":"https:\/\/www.europesays.com\/lv\/wp-json\/wp\/v2\/categories?post=69678"},{"taxonomy":"post_tag","embeddable":true,"href":"https:\/\/www.europesays.com\/lv\/wp-json\/wp\/v2\/tags?post=69678"}],"curies":[{"name":"wp","href":"https:\/\/api.w.org\/{rel}","templated":true}]}}