{"id":69689,"date":"2025-12-09T09:08:08","date_gmt":"2025-12-09T09:08:08","guid":{"rendered":"https:\/\/www.europesays.com\/lv\/69689\/"},"modified":"2025-12-09T09:08:08","modified_gmt":"2025-12-09T09:08:08","slug":"apple-iphone-17e-varetu-sanemt-divas-vizualas-izmainas","status":"publish","type":"post","link":"https:\/\/www.europesays.com\/lv\/69689\/","title":{"rendered":"\u201cApple iPhone 17e\u201d var\u0113tu sa\u0146emt divas vizu\u0101las izmai\u0146as"},"content":{"rendered":"<p>Ja Apple pietur\u0113sies pie \u0161\u012b gada uzs\u0101kt\u0101 iPhone izlai\u0161anas grafika, tad n\u0101kam\u0101 gada febru\u0101r\u012b vai vismaz pirmaj\u0101 ceturksn\u012b tiks izzi\u0146ots jauns l\u0113t\u0101k\u0101 iPhone 17e modelis. Eksperti l\u0113\u0161, ka tas sa\u0146ems divas vizu\u0101las izmai\u0146as.\n<\/p>\n<p>Kopum\u0101 <a href=\"https:\/\/kursors.lv\/2025\/04\/04\/apple-iphone-16e-viedtalruna-apskats-midreindzeris-par-flagmana-cenu\/\" rel=\"nofollow noopener\" target=\"_blank\">iPhone 16e<\/a> var\u0113tu d\u0113v\u0113t par sal\u012bdzino\u0161i veiksm\u012bgu Apple viedt\u0101lruni, jo kaut ar\u012b tas varb\u016bt maz\u0101k interes\u0113 ikdienas pirc\u0113jus, tikm\u0113r to atzin\u012bgi nov\u0113rt\u0113 biznesa klienti. Ta\u010du tas vair\u0101k ir mans person\u012bgais nov\u0113rojums un pie\u0146\u0113mums. N\u0101kamais iPhone 17e b\u016bs apr\u012bkots ar OLED ekr\u0101nu, kura specifik\u0101cija l\u012bdzin\u0101sies iPhone 14 modelim. Ieguvums pret iPhone 16e b\u016bs maz\u0101kas ekr\u0101na apmales, ta\u010du joproj\u0101m tiks saglab\u0101ta 60Hz atsvaidze.\n<\/p>\n<p>Tas jaunajam \u201cbud\u017eeta\u201d iPhone \u013caus izskat\u012bties v\u0113l nedaudz m\u016bsdien\u012bg\u0101kam, jo eso\u0161ajam modelim apmales ir \u013coti izteiktais. Otrais vizu\u0101lais jaunums b\u016bs ov\u0101lais priek\u0161\u0113j\u0101 ekr\u0101na izgriezums jeb Dynamic Island. To varam redz\u0113t visos \u0161obr\u012bd <a href=\"https:\/\/kursors.lv\/2025\/12\/07\/apple-iphone-air-plana-viedtalruna-apskats-aifons-ka-aifons-bet-tikai-super-plans\/\" rel=\"nofollow noopener\" target=\"_blank\">aktu\u0101lajos iPhone mode\u013cos<\/a>. V\u0113l viena lieta, kas \u0161o telefonu padar\u012bs nosac\u012bti modern\u0101ku.\n<\/p>\n<p>\u0100trdarb\u012bbu nodro\u0161in\u0101s Apple A19 procesors, ar ko apr\u012bkots jaun\u0101kais iPhone 17, t\u0101 k\u0101 par jaudu neb\u016bs j\u0101uztraucas. Pagaid\u0101m gan nav zin\u0101ms, vai iPhone 17e ar\u012b b\u016bs apr\u012bkots ar <a href=\"https:\/\/kursors.lv\/2025\/11\/26\/riza-apple-iphone-17-pro-max-viedtalruna-apskats-nonemot-emocijas-tiri-feins-un-jaudigs-kartejais-iphone\/\" rel=\"nofollow noopener\" target=\"_blank\">jauno 18MP kvadr\u0101tveida priek\u0161\u0113j\u0101s kameras<\/a> sensoru, kas ir hits vis\u0101 jauno iPhone l\u012bnij\u0101. Iesp\u0113jams, ka n\u0101kamais l\u0113t\u0101kais iPhone b\u016bs apr\u012bkots ar MagSafe l\u0101d\u0113t\u0101ju.\n<\/p>\n<blockquote class=\"wp-embedded-content\" data-secret=\"OJVoF3RweZ\">\n<p><a href=\"https:\/\/kursors.lv\/2025\/04\/04\/apple-iphone-16e-viedtalruna-apskats-midreindzeris-par-flagmana-cenu\/\" rel=\"nofollow noopener\" target=\"_blank\">Apple iPhone 16e viedt\u0101lru\u0146a apskats \u2013 \u201cmidreind\u017eeris\u201d par flagma\u0146a cenu<\/a><\/p>\n<\/blockquote>\n","protected":false},"excerpt":{"rendered":"Ja Apple pietur\u0113sies pie \u0161\u012b gada uzs\u0101kt\u0101 iPhone izlai\u0161anas grafika, tad n\u0101kam\u0101 gada febru\u0101r\u012b vai vismaz pirmaj\u0101 ceturksn\u012b&hellip;\n","protected":false},"author":2,"featured_media":69690,"comment_status":"","ping_status":"","sticky":false,"template":"","format":"standard","meta":{"footnotes":""},"categories":[16],"tags":[77,76,35,39,38,36,37,34,40],"class_list":{"0":"post-69689","1":"post","2":"type-post","3":"status-publish","4":"format-standard","5":"has-post-thumbnail","7":"category-bizness","8":"tag-bizness","9":"tag-business","10":"tag-latvia","11":"tag-latvian","12":"tag-latviesu","13":"tag-latviesu-valoda","14":"tag-latviesuvaloda","15":"tag-latvija","16":"tag-lv"},"share_on_mastodon":{"url":"https:\/\/pubeurope.com\/@lv\/115688826819736665","error":""},"_links":{"self":[{"href":"https:\/\/www.europesays.com\/lv\/wp-json\/wp\/v2\/posts\/69689","targetHints":{"allow":["GET"]}}],"collection":[{"href":"https:\/\/www.europesays.com\/lv\/wp-json\/wp\/v2\/posts"}],"about":[{"href":"https:\/\/www.europesays.com\/lv\/wp-json\/wp\/v2\/types\/post"}],"author":[{"embeddable":true,"href":"https:\/\/www.europesays.com\/lv\/wp-json\/wp\/v2\/users\/2"}],"replies":[{"embeddable":true,"href":"https:\/\/www.europesays.com\/lv\/wp-json\/wp\/v2\/comments?post=69689"}],"version-history":[{"count":0,"href":"https:\/\/www.europesays.com\/lv\/wp-json\/wp\/v2\/posts\/69689\/revisions"}],"wp:featuredmedia":[{"embeddable":true,"href":"https:\/\/www.europesays.com\/lv\/wp-json\/wp\/v2\/media\/69690"}],"wp:attachment":[{"href":"https:\/\/www.europesays.com\/lv\/wp-json\/wp\/v2\/media?parent=69689"}],"wp:term":[{"taxonomy":"category","embeddable":true,"href":"https:\/\/www.europesays.com\/lv\/wp-json\/wp\/v2\/categories?post=69689"},{"taxonomy":"post_tag","embeddable":true,"href":"https:\/\/www.europesays.com\/lv\/wp-json\/wp\/v2\/tags?post=69689"}],"curies":[{"name":"wp","href":"https:\/\/api.w.org\/{rel}","templated":true}]}}