{"id":69691,"date":"2025-12-09T09:09:08","date_gmt":"2025-12-09T09:09:08","guid":{"rendered":"https:\/\/www.europesays.com\/lv\/69691\/"},"modified":"2025-12-09T09:09:08","modified_gmt":"2025-12-09T09:09:08","slug":"merilina-monro-un-kenediji-patiesiba-par-tragediju","status":"publish","type":"post","link":"https:\/\/www.europesays.com\/lv\/69691\/","title":{"rendered":"Merilina Monro un Kenediji: paties\u012bba par tra\u0123\u0113diju"},"content":{"rendered":"<p class=\"descr\">Amerik\u0101\u0146u rakstnieks D\u017eeimss Patersons gatavojas izdot jaunu gr\u0101matu, kas, k\u0101 v\u0113sta RadarOnline, balst\u012bta uz patiesiem notikumiem. Taj\u0101 vi\u0146\u0161 past\u0101st\u012bs par Merilinas Monro dz\u012bves p\u0113d\u0113j\u0101m stund\u0101m, \u012bpa\u0161i par vardarb\u012bbu no Roberta Kenedija, D\u017eona Kenedija br\u0101\u013ca, ar kuru aktrisei bija rom\u0101ns.<\/p>\n<blockquote><p>Patersons apgalvo, ka da\u017eas stundas pirms vi\u0146as n\u0101ves Roberts smac\u0113ja <a href=\"https:\/\/nra.lv\/birka\/merilina-monro\/\" target=\"_blank\" rel=\"noopener nofollow\">Merilinu<\/a> ar spilvenu, m\u0113\u0123inot vi\u0146u apklusin\u0101t, lai p\u0101rmekl\u0113tu vi\u0146as m\u0101ju, mekl\u0113jot dienasgr\u0101matu, kas bija pilna ar &#8220;politiskiem nosl\u0113pumiem&#8221;. Iesp\u0113jams, tas pamudin\u0101ja Monro iedzert nomierino\u0161u l\u012bdzekli, p\u0113c kura vi\u0146a vairs nepamod\u0101s.<\/p><\/blockquote>\n<p>Tas viss notika p\u0113c tam, kad toreiz\u0113jais ASV prezidents &#8220;nodeva&#8221; Monro savam br\u0101lim, nolemjot p\u0101rtraukt visas saites ar vi\u0146u. Merilina esot izmis\u012bgi m\u0113\u0123in\u0101jusi sazin\u0101ties ar D\u017eonu, zvan\u012bjusi vi\u0146am, bet vi\u0146\u0161 neatbild\u0113ja. Visbeidzot vi\u0146a past\u0101st\u012bja abu kop\u012bgajam draugam, ka r\u012bkos preses konferenci, jo &#8220;vi\u0146ai ir ko teikt&#8221;. P\u0113c k\u0101da laika Roberts ierad\u0101s pie vi\u0146as m\u0101j\u0101s un m\u0113\u0123in\u0101ja atrast jebko, kas var\u0113tu liecin\u0101t par aktrises iesaist\u012b\u0161anos sazv\u0113rest\u012bb\u0101 pret Kenediju.<\/p>\n<p>&#8220;Vi\u0146a kliedza k\u0101 traka&#8230; Bobijs pa\u0146\u0113ma spilvenu un nolika vi\u0146u uz gultas, lai kaimi\u0146i nedzird\u0113tu. Vi\u0146a beidzot apklusa, un tad vi\u0146\u0161 s\u0101ka mekl\u0113t veidu, k\u0101 tikt prom no turienes,&#8221; t\u0101 Patersons aprakst\u012bja \u0161o tik\u0161anos.<\/p>\n<p>Iepriek\u0161 avoti apgalvoja, ka Merilina patie\u0161\u0101m bija gatava atkl\u0101ti run\u0101t par savu gr\u016btniec\u012bbu un attiec\u012bb\u0101m ar Kenediju br\u0101\u013ciem, ta\u010du vi\u0146ai nebija laika to dar\u012bt.<\/p>\n","protected":false},"excerpt":{"rendered":"Amerik\u0101\u0146u rakstnieks D\u017eeimss Patersons gatavojas izdot jaunu gr\u0101matu, kas, k\u0101 v\u0113sta RadarOnline, balst\u012bta uz patiesiem notikumiem. Taj\u0101 vi\u0146\u0161&hellip;\n","protected":false},"author":2,"featured_media":69692,"comment_status":"","ping_status":"","sticky":false,"template":"","format":"standard","meta":{"footnotes":""},"categories":[14],"tags":[23,57,28,29,32,33,22,30,31,35,39,38,36,37,34,40,20,26,27,24,25,54,55,56,21,58],"class_list":{"0":"post-69691","1":"post","2":"type-post","3":"status-publish","4":"format-standard","5":"has-post-thumbnail","7":"category-zinas-no-arvalstim","8":"tag-aktualitates","9":"tag-arvalstim","10":"tag-breaking-news","11":"tag-breakingnews","12":"tag-featured-news","13":"tag-featurednews","14":"tag-headlines","15":"tag-latest-news","16":"tag-latestnews","17":"tag-latvia","18":"tag-latvian","19":"tag-latviesu","20":"tag-latviesu-valoda","21":"tag-latviesuvaloda","22":"tag-latvija","23":"tag-lv","24":"tag-news","25":"tag-popularakas-zinas","26":"tag-popularakaszinas","27":"tag-top-stories","28":"tag-topstories","29":"tag-world","30":"tag-world-news","31":"tag-worldnews","32":"tag-zinas","33":"tag-zinas-no-arvalstim"},"share_on_mastodon":{"url":"https:\/\/pubeurope.com\/@lv\/115688830605720081","error":""},"_links":{"self":[{"href":"https:\/\/www.europesays.com\/lv\/wp-json\/wp\/v2\/posts\/69691","targetHints":{"allow":["GET"]}}],"collection":[{"href":"https:\/\/www.europesays.com\/lv\/wp-json\/wp\/v2\/posts"}],"about":[{"href":"https:\/\/www.europesays.com\/lv\/wp-json\/wp\/v2\/types\/post"}],"author":[{"embeddable":true,"href":"https:\/\/www.europesays.com\/lv\/wp-json\/wp\/v2\/users\/2"}],"replies":[{"embeddable":true,"href":"https:\/\/www.europesays.com\/lv\/wp-json\/wp\/v2\/comments?post=69691"}],"version-history":[{"count":0,"href":"https:\/\/www.europesays.com\/lv\/wp-json\/wp\/v2\/posts\/69691\/revisions"}],"wp:featuredmedia":[{"embeddable":true,"href":"https:\/\/www.europesays.com\/lv\/wp-json\/wp\/v2\/media\/69692"}],"wp:attachment":[{"href":"https:\/\/www.europesays.com\/lv\/wp-json\/wp\/v2\/media?parent=69691"}],"wp:term":[{"taxonomy":"category","embeddable":true,"href":"https:\/\/www.europesays.com\/lv\/wp-json\/wp\/v2\/categories?post=69691"},{"taxonomy":"post_tag","embeddable":true,"href":"https:\/\/www.europesays.com\/lv\/wp-json\/wp\/v2\/tags?post=69691"}],"curies":[{"name":"wp","href":"https:\/\/api.w.org\/{rel}","templated":true}]}}