{"id":69703,"date":"2025-12-09T09:17:07","date_gmt":"2025-12-09T09:17:07","guid":{"rendered":"https:\/\/www.europesays.com\/lv\/69703\/"},"modified":"2025-12-09T09:17:07","modified_gmt":"2025-12-09T09:17:07","slug":"braucu-sava-josla-attapos-uz-saniem-riga-apgazusies-74-gadus-vecas-sievietes-vadita-automasina","status":"publish","type":"post","link":"https:\/\/www.europesays.com\/lv\/69703\/","title":{"rendered":"\u201cBraucu sav\u0101 josl\u0101 &#8211; attapos uz s\u0101niem\u201d: R\u012bg\u0101 apg\u0101zusies 74 gadus vecas sievietes vad\u012bta automa\u0161\u012bna"},"content":{"rendered":"<p>Av\u0101rij\u0101 cietu\u0161ais \u201cAudi\u201d vad\u012bt\u0101js past\u0101st\u012bja, k\u0101 kundze apsk\u0101d\u0113jusi savu un ar\u012b vi\u0146a ma\u0161\u012bnu: \u201cBiju \u201cnoparkojies\u201d aiz \u0161\u012bs automa\u0161\u012bnas, griezos \u0101r\u0101, braucu pa lab\u0113jo joslu. Knapi ies\u0101ku kust\u012bbu, p\u0113k\u0161\u0146i j\u016btu trieciens, un t\u0101 automa\u0161\u012bna atrodas uz s\u0101na. Braucu pa \u0161o lab\u0113jo malu, vi\u0146a vair\u0101k t\u0101 k\u0101 pa kreiso, bet laikam pa vidu vair\u0101k, un vi\u0146a man uz kreis\u0101 rata un apmet\u0101s uz s\u0101na.\u201d<\/p>\n","protected":false},"excerpt":{"rendered":"Av\u0101rij\u0101 cietu\u0161ais \u201cAudi\u201d vad\u012bt\u0101js past\u0101st\u012bja, k\u0101 kundze apsk\u0101d\u0113jusi savu un ar\u012b vi\u0146a ma\u0161\u012bnu: \u201cBiju \u201cnoparkojies\u201d aiz \u0161\u012bs automa\u0161\u012bnas,&hellip;\n","protected":false},"author":2,"featured_media":69704,"comment_status":"","ping_status":"","sticky":false,"template":"","format":"standard","meta":{"footnotes":""},"categories":[5],"tags":[23,28,29,32,33,22,30,31,35,39,38,36,37,34,40,20,26,27,24,25,21],"class_list":{"0":"post-69703","1":"post","2":"type-post","3":"status-publish","4":"format-standard","5":"has-post-thumbnail","7":"category-aktualitates","8":"tag-aktualitates","9":"tag-breaking-news","10":"tag-breakingnews","11":"tag-featured-news","12":"tag-featurednews","13":"tag-headlines","14":"tag-latest-news","15":"tag-latestnews","16":"tag-latvia","17":"tag-latvian","18":"tag-latviesu","19":"tag-latviesu-valoda","20":"tag-latviesuvaloda","21":"tag-latvija","22":"tag-lv","23":"tag-news","24":"tag-popularakas-zinas","25":"tag-popularakaszinas","26":"tag-top-stories","27":"tag-topstories","28":"tag-zinas"},"share_on_mastodon":{"url":"https:\/\/pubeurope.com\/@lv\/115688862140251242","error":""},"_links":{"self":[{"href":"https:\/\/www.europesays.com\/lv\/wp-json\/wp\/v2\/posts\/69703","targetHints":{"allow":["GET"]}}],"collection":[{"href":"https:\/\/www.europesays.com\/lv\/wp-json\/wp\/v2\/posts"}],"about":[{"href":"https:\/\/www.europesays.com\/lv\/wp-json\/wp\/v2\/types\/post"}],"author":[{"embeddable":true,"href":"https:\/\/www.europesays.com\/lv\/wp-json\/wp\/v2\/users\/2"}],"replies":[{"embeddable":true,"href":"https:\/\/www.europesays.com\/lv\/wp-json\/wp\/v2\/comments?post=69703"}],"version-history":[{"count":0,"href":"https:\/\/www.europesays.com\/lv\/wp-json\/wp\/v2\/posts\/69703\/revisions"}],"wp:featuredmedia":[{"embeddable":true,"href":"https:\/\/www.europesays.com\/lv\/wp-json\/wp\/v2\/media\/69704"}],"wp:attachment":[{"href":"https:\/\/www.europesays.com\/lv\/wp-json\/wp\/v2\/media?parent=69703"}],"wp:term":[{"taxonomy":"category","embeddable":true,"href":"https:\/\/www.europesays.com\/lv\/wp-json\/wp\/v2\/categories?post=69703"},{"taxonomy":"post_tag","embeddable":true,"href":"https:\/\/www.europesays.com\/lv\/wp-json\/wp\/v2\/tags?post=69703"}],"curies":[{"name":"wp","href":"https:\/\/api.w.org\/{rel}","templated":true}]}}