{"id":69821,"date":"2025-12-09T11:41:14","date_gmt":"2025-12-09T11:41:14","guid":{"rendered":"https:\/\/www.europesays.com\/lv\/69821\/"},"modified":"2025-12-09T11:41:14","modified_gmt":"2025-12-09T11:41:14","slug":"blugers-laukuma-varetu-atgriezties-pec-ziemassvetkiem","status":"publish","type":"post","link":"https:\/\/www.europesays.com\/lv\/69821\/","title":{"rendered":"B\u013cugers laukum\u0101 var\u0113tu atgriezties p\u0113c Ziemassv\u0113tkiem"},"content":{"rendered":"<p>Latvijas uzbruc\u0113js Teodors B\u013cugers laukum\u0101 \u0101tr\u0101kais var\u0113tu atgriezties p\u0113c Ziemassv\u0113tkiem, pirmdien pazi\u0146oja vi\u0146a p\u0101rst\u0101v\u0113t\u0101 Nacion\u0101l\u0101s hokeja l\u012bgas (NHL) kluba Vank\u016bveras &#8220;Canucks&#8221; galvenais treneris Adams F\u016bts.<\/p>\n<p>B\u013cugers \u0161osezon traumu d\u0113\u013c piedal\u012bjies tikai div\u0101s NHL sp\u0113l\u0113s, kur\u0101s izc\u0113lies ar vienu v\u0101rtu guvumu. P\u0113d\u0113jo reizi laukum\u0101 31 gadu vecais latvie\u0161u uzbruc\u0113js dev\u0101s oktobra vid\u016b.<\/p>\n<p>Novembr\u012b B\u013cugers ats\u0101ka slidot, tom\u0113r atg\u016b\u0161an\u0101s no \u0137erme\u0146a lejasda\u013cas traumas nenorit\u0113ja k\u0101 iepl\u0101nots, un savainojums tika atjaunin\u0101ts.<\/p>\n<p>&#8220;Ceram vi\u0146u redz\u0113t laukum\u0101 t\u016bl\u012bt p\u0113c Ziemassv\u0113tkiem,&#8221; sac\u012bja F\u016bts. &#8220;P\u0113c t\u0101, kas ar vi\u0146u notika [kad vi\u0146\u0161 saasin\u0101ja traumu], vi\u0146am princip\u0101 atlab\u0161ana bija j\u0101s\u0101k no s\u0101kuma. \u013boti \u017e\u0113l, jo mums vi\u0146a pietr\u016bkst.&#8221;<\/p>\n<p>B\u013cugers &#8220;Canucks&#8221; rind\u0101s sp\u0113l\u0113 tre\u0161o sezonu, bet pirms tam vi\u0146\u0161 p\u0101rst\u0101v\u0113ja ar\u012b Vegasas &#8220;Golden Knights&#8221; un Pitsburgas &#8220;Penguins&#8221;. Kopum\u0101 latvie\u0161u uzbruc\u0113js NHL aizvad\u012bjis 420 ma\u010dus regul\u0101raj\u0101 \u010dempion\u0101t\u0101, kuros izc\u0113lies ar 153 (50+103) punktiem, bet Stenlija kaus\u0101 vi\u0146am 37 ma\u010di un se\u0161i (2+4) punkti.<\/p>\n<p>&#8220;Canucks&#8221; ar 25 punktiem 30 sp\u0113l\u0113s Rietumu konferenc\u0113 ie\u0146em 15. poz\u012bciju, apsteidzot tikai Ne\u0161vilas &#8220;Predators&#8221;, kuru kont\u0101 ir 24 punkti 28 ma\u010dos.<\/p>\n<p>N\u0101kamo sp\u0113li &#8220;Canucks&#8221; aizvad\u012bs nakt\u012b uz piektdienu p\u0113c Latvijas laika, sav\u0101 laukum\u0101 uz\u0146emot Bufalo &#8220;Sabres&#8221; komandu, kas ar 26 punktiem 29 sp\u0113l\u0113s ie\u0146em p\u0113d\u0113jo vietu Austrumu konferenc\u0113.<\/p>\n<p><img decoding=\"async\" src=\"https:\/\/www.europesays.com\/lv\/wp-content\/uploads\/2025\/12\/a5b1de1e5fc40b08d8e484c42d367b46.png\" title=\"Teodors B\u013cugers ar komandas biedriem. Foto: AP Photo\/Nick Wass\/Scanpix\" alt=\"Teodors B\u013cugers ar komandas biedriem. Foto: AP Photo\/Nick Wass\/Scanpix\"\/><\/p>\n<p class=\"article-img-desc\">Teodors B\u013cugers ar komandas biedriem. Foto: AP Photo\/Nick Wass\/Scanpix<\/p>\n","protected":false},"excerpt":{"rendered":"Latvijas uzbruc\u0113js Teodors B\u013cugers laukum\u0101 \u0101tr\u0101kais var\u0113tu atgriezties p\u0113c Ziemassv\u0113tkiem, pirmdien pazi\u0146oja vi\u0146a p\u0101rst\u0101v\u0113t\u0101 Nacion\u0101l\u0101s hokeja l\u012bgas (NHL)&hellip;\n","protected":false},"author":2,"featured_media":69822,"comment_status":"","ping_status":"","sticky":false,"template":"","format":"standard","meta":{"footnotes":""},"categories":[17],"tags":[129,10261,1136,126,35,39,38,36,37,34,40,1137,10262,127,67,1138,10263,128],"class_list":{"0":"post-69821","1":"post","2":"type-post","3":"status-publish","4":"format-standard","5":"has-post-thumbnail","7":"category-sports","8":"tag-__typenameadvicekeyword","9":"tag-id1235","10":"tag-id220","11":"tag-id770","12":"tag-latvia","13":"tag-latvian","14":"tag-latviesu","15":"tag-latviesu-valoda","16":"tag-latviesuvaloda","17":"tag-latvija","18":"tag-lv","19":"tag-slughokejs","20":"tag-slugnhl","21":"tag-slugsports","22":"tag-sports","23":"tag-titlehokejs","24":"tag-titlenhl","25":"tag-titlesports"},"share_on_mastodon":{"url":"https:\/\/pubeurope.com\/@lv\/115689428545421301","error":""},"_links":{"self":[{"href":"https:\/\/www.europesays.com\/lv\/wp-json\/wp\/v2\/posts\/69821","targetHints":{"allow":["GET"]}}],"collection":[{"href":"https:\/\/www.europesays.com\/lv\/wp-json\/wp\/v2\/posts"}],"about":[{"href":"https:\/\/www.europesays.com\/lv\/wp-json\/wp\/v2\/types\/post"}],"author":[{"embeddable":true,"href":"https:\/\/www.europesays.com\/lv\/wp-json\/wp\/v2\/users\/2"}],"replies":[{"embeddable":true,"href":"https:\/\/www.europesays.com\/lv\/wp-json\/wp\/v2\/comments?post=69821"}],"version-history":[{"count":0,"href":"https:\/\/www.europesays.com\/lv\/wp-json\/wp\/v2\/posts\/69821\/revisions"}],"wp:featuredmedia":[{"embeddable":true,"href":"https:\/\/www.europesays.com\/lv\/wp-json\/wp\/v2\/media\/69822"}],"wp:attachment":[{"href":"https:\/\/www.europesays.com\/lv\/wp-json\/wp\/v2\/media?parent=69821"}],"wp:term":[{"taxonomy":"category","embeddable":true,"href":"https:\/\/www.europesays.com\/lv\/wp-json\/wp\/v2\/categories?post=69821"},{"taxonomy":"post_tag","embeddable":true,"href":"https:\/\/www.europesays.com\/lv\/wp-json\/wp\/v2\/tags?post=69821"}],"curies":[{"name":"wp","href":"https:\/\/api.w.org\/{rel}","templated":true}]}}