{"id":69891,"date":"2025-12-09T12:49:07","date_gmt":"2025-12-09T12:49:07","guid":{"rendered":"https:\/\/www.europesays.com\/lv\/69891\/"},"modified":"2025-12-09T12:49:07","modified_gmt":"2025-12-09T12:49:07","slug":"tenerife-milzu-vilnis-okeana-cilvekus-jura-bojagajusie-un-cietusie","status":"publish","type":"post","link":"https:\/\/www.europesays.com\/lv\/69891\/","title":{"rendered":"Tenerif\u0113 milzu vilnis oke\u0101n\u0101 cilv\u0113kus j\u016br\u0101 \u2013 boj\u0101g\u0101ju\u0161ie un cietu\u0161ie"},"content":{"rendered":"<p class=\"descr\">Tr\u012bs cilv\u0113ki g\u0101ja boj\u0101 un vair\u0101ki citi guvu\u0161i ievainojumus p\u0113c tam, kad sp\u0113c\u012bgs vilnis t\u016bristu iecien\u012bt\u0101 viet\u0101 Tenerif\u0113 ier\u0101va cilv\u0113kus \u016bden\u012b, raksta \u201cThe Independent\u201d.<\/p>\n<p>Saska\u0146\u0101 ar laikraksta sniegto inform\u0101ciju, ap plkst. 16.00 sv\u0113tdien, 2025. gada 7. decembr\u012b, p\u0113k\u0161\u0146s \u016bdens vilnis ietriec\u0101s Los Gigantes klint\u012bs, <a href=\"https:\/\/nra.lv\/pasaule\/506334-tenerifes-vilnu-uzpludi-tris-mirusi-vairaki-ievainoti.htm\" data-item-link=\"true\" data-item-id=\"506334\" rel=\"nofollow noopener\" target=\"_blank\">ieraujot upurus j\u016br\u0101.<\/a><\/p>\n<p>\u0100rk\u0101rtas situ\u0101ciju un dro\u0161\u012bbas koordin\u0101cijas centrs uzs\u0101ka pla\u0161a m\u0113roga gl\u0101b\u0161anas oper\u0101ciju, kur\u0101 piedal\u012bj\u0101s j\u016bras gl\u0101b\u0161anas helikopteri, medic\u012bniskie helikopteri un \u0101tr\u0101s pal\u012bdz\u012bbas automa\u0161\u012bnas. Vi\u0146iem pal\u012bdz\u0113ja Civil\u0101 gvarde un viet\u0113j\u0101 policija. \u0100rk\u0101rtas dienesti turpina piekrast\u0113 mekl\u0113t cilv\u0113kus.<\/p>\n<p>T\u016bristi par briesm\u0101m bija br\u012bdin\u0101ti jau iepriek\u0161\u0113j\u0101 dien\u0101 &#8211; Kan\u0101riju sal\u0101s bija izsludin\u0101ts \u0101rk\u0101rtas vi\u013c\u0146u br\u012bdin\u0101jums, un tika prognoz\u0113ts, ka da\u017eviet vi\u013c\u0146i sasniegs piecu metru augstumu.<\/p>\n<p>Ar\u012b viet\u0113j\u0101s varas iest\u0101des aicin\u0101ja t\u016bristus un viet\u0113jos iedz\u012bvot\u0101jus iev\u0113rot piesardz\u012bbu piekrast\u0113 un izvair\u012bties no jebk\u0101diem iesp\u0113jamiem riskiem.<\/p>\n<p>K\u0101 v\u0113l\u0101k radio kan\u0101lim \u201cLa Radio Canaria\u201d past\u0101st\u012bja Santjago del Teides m\u0113rs Emilio Navarro, \u0161oreiz upuri bija t\u016bristi, kuri ignor\u0113ja notikuma viet\u0101 uzst\u0101d\u012bt\u0101s barjeras.<\/p>\n<p>\t\t\t\t\t\tinfo<\/p>\n<p>Uzzini pirmais<br \/>kas interesants noticis Latvij\u0101 un pasaul\u0113,<br \/>pievienojoties mums <a href=\"https:\/\/t.me\/neatkariga\" rel=\"nofollow\">Telegram<\/a> vai <a href=\"https:\/\/whatsapp.com\/channel\/0029VaMLFUH5K3zLU5s4wm3y\" rel=\"nofollow noopener\" target=\"_blank\">Whatsapp<\/a> kan\u0101l\u0101<\/p>\n","protected":false},"excerpt":{"rendered":"Tr\u012bs cilv\u0113ki g\u0101ja boj\u0101 un vair\u0101ki citi guvu\u0161i ievainojumus p\u0113c tam, kad sp\u0113c\u012bgs vilnis t\u016bristu iecien\u012bt\u0101 viet\u0101 Tenerif\u0113&hellip;\n","protected":false},"author":2,"featured_media":69892,"comment_status":"","ping_status":"","sticky":false,"template":"","format":"standard","meta":{"footnotes":""},"categories":[14],"tags":[23,57,28,29,32,33,22,30,31,35,39,38,36,37,34,40,20,26,27,24,25,54,55,56,21,58],"class_list":{"0":"post-69891","1":"post","2":"type-post","3":"status-publish","4":"format-standard","5":"has-post-thumbnail","7":"category-zinas-no-arvalstim","8":"tag-aktualitates","9":"tag-arvalstim","10":"tag-breaking-news","11":"tag-breakingnews","12":"tag-featured-news","13":"tag-featurednews","14":"tag-headlines","15":"tag-latest-news","16":"tag-latestnews","17":"tag-latvia","18":"tag-latvian","19":"tag-latviesu","20":"tag-latviesu-valoda","21":"tag-latviesuvaloda","22":"tag-latvija","23":"tag-lv","24":"tag-news","25":"tag-popularakas-zinas","26":"tag-popularakaszinas","27":"tag-top-stories","28":"tag-topstories","29":"tag-world","30":"tag-world-news","31":"tag-worldnews","32":"tag-zinas","33":"tag-zinas-no-arvalstim"},"share_on_mastodon":{"url":"https:\/\/pubeurope.com\/@lv\/115689695667858989","error":""},"_links":{"self":[{"href":"https:\/\/www.europesays.com\/lv\/wp-json\/wp\/v2\/posts\/69891","targetHints":{"allow":["GET"]}}],"collection":[{"href":"https:\/\/www.europesays.com\/lv\/wp-json\/wp\/v2\/posts"}],"about":[{"href":"https:\/\/www.europesays.com\/lv\/wp-json\/wp\/v2\/types\/post"}],"author":[{"embeddable":true,"href":"https:\/\/www.europesays.com\/lv\/wp-json\/wp\/v2\/users\/2"}],"replies":[{"embeddable":true,"href":"https:\/\/www.europesays.com\/lv\/wp-json\/wp\/v2\/comments?post=69891"}],"version-history":[{"count":0,"href":"https:\/\/www.europesays.com\/lv\/wp-json\/wp\/v2\/posts\/69891\/revisions"}],"wp:featuredmedia":[{"embeddable":true,"href":"https:\/\/www.europesays.com\/lv\/wp-json\/wp\/v2\/media\/69892"}],"wp:attachment":[{"href":"https:\/\/www.europesays.com\/lv\/wp-json\/wp\/v2\/media?parent=69891"}],"wp:term":[{"taxonomy":"category","embeddable":true,"href":"https:\/\/www.europesays.com\/lv\/wp-json\/wp\/v2\/categories?post=69891"},{"taxonomy":"post_tag","embeddable":true,"href":"https:\/\/www.europesays.com\/lv\/wp-json\/wp\/v2\/tags?post=69891"}],"curies":[{"name":"wp","href":"https:\/\/api.w.org\/{rel}","templated":true}]}}