{"id":6990,"date":"2025-09-28T12:34:10","date_gmt":"2025-09-28T12:34:10","guid":{"rendered":"https:\/\/www.europesays.com\/lv\/6990\/"},"modified":"2025-09-28T12:34:10","modified_gmt":"2025-09-28T12:34:10","slug":"latvijas-cempionatu-ar-uzvaru-sak-ulbroka-sk-un-ask-msg-ii-handbols-sportacentrs-com","status":"publish","type":"post","link":"https:\/\/www.europesays.com\/lv\/6990\/","title":{"rendered":"Latvijas \u010dempion\u0101tu ar uzvaru s\u0101k &#8220;Ulbroka SK&#8221; un &#8220;ASK\/MS\u0122 II&#8221; \u2013 Handbols \u2013 Sportacentrs.com"},"content":{"rendered":"<p>Ludzas 2. vidusskolas sporta z\u0101l\u0113 notiku\u0161\u0101s sp\u0113les rezult\u0101tu jau 1. min\u016bt\u0113 ar prec\u012bzu metienu atkl\u0101ja ulbrocietis Andris Lazda (1:0), bet n\u0101kamo divu min\u016b\u0161u laik\u0101 tr\u012bs reizes viesu v\u0101rtsargu sar\u016bgtin\u0101ja m\u0101jinieki R\u016bdolfs Gabranovs, Daniils Dubrovskis un Dans I\u013cjins, izvirzot &#8220;SK Latgols&#8221; vad\u012bb\u0101 ar 3:1. L\u016bdz\u0101nie\u0161u prieki gan nebija ilgi. 13. min\u016bt\u0113 vi\u0146us v\u0113l p\u0113d\u0113jo reizi vad\u012bb\u0101 ar 7:6 izvirz\u012bja I\u013cja Nazarovs, bet uzreiz p\u0113c tam ar trim p\u0113c k\u0101rtas iemestiem goliem atbild\u0113ja Ulbrokas handbolisti &#8211; 9:7. Divus v\u0101rtus guva Lazda, bet vienus &#8211; D\u0101vis B\u0113rzi\u0146\u0161. P\u0113c pirm\u0101 puslaika viesiem bija piecu v\u0101rtu p\u0101rsvars (21:16), bet vis\u0101 sp\u0113l\u0113 &#8220;Ulbroka SK&#8221; svin\u0113ja \u013coti p\u0101rliecino\u0161u uzvaru ar 43:29.<\/p>\n<p>Vai\u0146odes vidusskolas sporta z\u0101l\u0113 notikus\u012b sp\u0113le izv\u0113rt\u0101s daudz spraig\u0101ka. 13. min\u016bt\u0113 rezult\u0101tu tablo v\u0113st\u012bja par iespaid\u012bgu vai\u0146odnieku p\u0101rsvaru &#8211; 7:1. Kam\u0113r R\u012bgas komandas lab\u0101 vien\u012bgo golu iemeta Markuss Ikvils, m\u0101jinieks Krists Barutis, izc\u0113l\u0101s ar trim goliem, Edgara Raiba kont\u0101 divi prec\u012bzi raid\u012bjumi, bet pa vieniem v\u0101rtiem guva M\u0101rti\u0146\u0161 S\u0113rmol\u012btis un K\u0101rlis Matisons. Lai ar\u012b viesi s\u0101ka \u013coti veiksm\u012bgi atsp\u0113l\u0113ties, p\u0113c pirm\u0101 puslaika Vai\u0146odes komandai v\u0113l bija vienu v\u0101rtu handikaps &#8211; 13:12. Pirmo reizi vad\u012bb\u0101 &#8220;ASK\/MS\u0122 II&#8221; izvirz\u012bj\u0101s 35. min\u016bt\u0113, kad prec\u012bzi meta Aivars \u010cikuts (16:15). Turpin\u0101jum\u0101 c\u012b\u0146a rit\u0113ja punkts punkt\u0101. 55. min\u016bt\u0113 rezult\u0101ts v\u0113l bija neiz\u0161\u0137irts (20:20), bet tad tr\u012bs v\u0101rtus p\u0113c k\u0101rtas guva viesi (Daniels Mikijanskis, Artis Putra un Makuss Ikvils) &#8211; 23:20. \u0160o p\u0101rsvaru &#8220;ASK\/MS\u0122 II&#8221; nosarg\u0101ja un uzvar\u0113ja ar 24:22.<\/p>\n<p>Izmantotie resursi:<br \/><a target=\"_blank\" href=\"http:\/\/www.handball.lv\" rel=\"nofollow noopener\">Latvijas Handbola Feder\u0101cija<\/a><\/p>\n","protected":false},"excerpt":{"rendered":"Ludzas 2. vidusskolas sporta z\u0101l\u0113 notiku\u0161\u0101s sp\u0113les rezult\u0101tu jau 1. min\u016bt\u0113 ar prec\u012bzu metienu atkl\u0101ja ulbrocietis Andris Lazda&hellip;\n","protected":false},"author":2,"featured_media":6991,"comment_status":"","ping_status":"","sticky":false,"template":"","format":"standard","meta":{"footnotes":""},"categories":[17],"tags":[1615,35,39,38,36,37,34,40,67],"class_list":{"0":"post-6990","1":"post","2":"type-post","3":"status-publish","4":"format-standard","5":"has-post-thumbnail","7":"category-sports","8":"tag-handbols","9":"tag-latvia","10":"tag-latvian","11":"tag-latviesu","12":"tag-latviesu-valoda","13":"tag-latviesuvaloda","14":"tag-latvija","15":"tag-lv","16":"tag-sports"},"share_on_mastodon":{"url":"","error":""},"_links":{"self":[{"href":"https:\/\/www.europesays.com\/lv\/wp-json\/wp\/v2\/posts\/6990","targetHints":{"allow":["GET"]}}],"collection":[{"href":"https:\/\/www.europesays.com\/lv\/wp-json\/wp\/v2\/posts"}],"about":[{"href":"https:\/\/www.europesays.com\/lv\/wp-json\/wp\/v2\/types\/post"}],"author":[{"embeddable":true,"href":"https:\/\/www.europesays.com\/lv\/wp-json\/wp\/v2\/users\/2"}],"replies":[{"embeddable":true,"href":"https:\/\/www.europesays.com\/lv\/wp-json\/wp\/v2\/comments?post=6990"}],"version-history":[{"count":0,"href":"https:\/\/www.europesays.com\/lv\/wp-json\/wp\/v2\/posts\/6990\/revisions"}],"wp:featuredmedia":[{"embeddable":true,"href":"https:\/\/www.europesays.com\/lv\/wp-json\/wp\/v2\/media\/6991"}],"wp:attachment":[{"href":"https:\/\/www.europesays.com\/lv\/wp-json\/wp\/v2\/media?parent=6990"}],"wp:term":[{"taxonomy":"category","embeddable":true,"href":"https:\/\/www.europesays.com\/lv\/wp-json\/wp\/v2\/categories?post=6990"},{"taxonomy":"post_tag","embeddable":true,"href":"https:\/\/www.europesays.com\/lv\/wp-json\/wp\/v2\/tags?post=6990"}],"curies":[{"name":"wp","href":"https:\/\/api.w.org\/{rel}","templated":true}]}}