{"id":69951,"date":"2025-12-09T14:04:08","date_gmt":"2025-12-09T14:04:08","guid":{"rendered":"https:\/\/www.europesays.com\/lv\/69951\/"},"modified":"2025-12-09T14:04:08","modified_gmt":"2025-12-09T14:04:08","slug":"sirsnigi-sveicam-kolegi-elitu-veidemani-apalaja-jubileja","status":"publish","type":"post","link":"https:\/\/www.europesays.com\/lv\/69951\/","title":{"rendered":"Sirsn\u012bgi sveicam kol\u0113\u0123i Elitu Veidemani apa\u013caj\u0101 jubilej\u0101"},"content":{"rendered":"<p class=\"descr\">\u0160odien \u012bpa\u0161a diena &#8211; apa\u013cu jubileju svin \u017eurn\u0101liste un publiciste Elita Veidemane &#8211; d\u0101ma ar sirdi \u012bstaj\u0101 viet\u0101, dz\u012bves gudr\u012bbu un vienm\u0113r dzirksto\u0161u ener\u0123iju. Elitas darbs un v\u0101rds daudzus gadus ir bijis uzticams ce\u013cabiedrs las\u012bt\u0101jiem, bet vi\u0146as person\u012bba \u2014 iedvesmas avots kol\u0113\u0123iem un draugiem.<\/p>\n<p>Nov\u0113lam Elitai vesel\u012bbu, sirsn\u012bgus cilv\u0113kus l\u012bdz\u0101s un daudz prieka br\u012b\u017eu, kas piepilda ikdienu. Lai dz\u012bve ar\u012b turpm\u0101k d\u0101v\u0101 jaunas kr\u0101sas, rado\u0161us impulsus un patiesu laimi.<\/p>\n<p>M\u012b\u013ci sveicam jubilej\u0101!<\/p>\n<p>\t\t\t\t\t\tinfo<\/p>\n<p>Uzzini pirmais<br \/>kas interesants noticis Latvij\u0101 un pasaul\u0113,<br \/>pievienojoties mums <a href=\"https:\/\/t.me\/neatkariga\" rel=\"nofollow\">Telegram<\/a> vai <a href=\"https:\/\/whatsapp.com\/channel\/0029VaMLFUH5K3zLU5s4wm3y\" rel=\"nofollow noopener\" target=\"_blank\">Whatsapp<\/a> kan\u0101l\u0101<\/p>\n","protected":false},"excerpt":{"rendered":"\u0160odien \u012bpa\u0161a diena &#8211; apa\u013cu jubileju svin \u017eurn\u0101liste un publiciste Elita Veidemane &#8211; d\u0101ma ar sirdi \u012bstaj\u0101 viet\u0101,&hellip;\n","protected":false},"author":2,"featured_media":69952,"comment_status":"","ping_status":"","sticky":false,"template":"","format":"standard","meta":{"footnotes":""},"categories":[5],"tags":[23,28,29,32,33,22,30,31,35,39,38,36,37,34,40,20,26,27,24,25,21],"class_list":{"0":"post-69951","1":"post","2":"type-post","3":"status-publish","4":"format-standard","5":"has-post-thumbnail","7":"category-aktualitates","8":"tag-aktualitates","9":"tag-breaking-news","10":"tag-breakingnews","11":"tag-featured-news","12":"tag-featurednews","13":"tag-headlines","14":"tag-latest-news","15":"tag-latestnews","16":"tag-latvia","17":"tag-latvian","18":"tag-latviesu","19":"tag-latviesu-valoda","20":"tag-latviesuvaloda","21":"tag-latvija","22":"tag-lv","23":"tag-news","24":"tag-popularakas-zinas","25":"tag-popularakaszinas","26":"tag-top-stories","27":"tag-topstories","28":"tag-zinas"},"share_on_mastodon":{"url":"https:\/\/pubeurope.com\/@lv\/115689990515789518","error":""},"_links":{"self":[{"href":"https:\/\/www.europesays.com\/lv\/wp-json\/wp\/v2\/posts\/69951","targetHints":{"allow":["GET"]}}],"collection":[{"href":"https:\/\/www.europesays.com\/lv\/wp-json\/wp\/v2\/posts"}],"about":[{"href":"https:\/\/www.europesays.com\/lv\/wp-json\/wp\/v2\/types\/post"}],"author":[{"embeddable":true,"href":"https:\/\/www.europesays.com\/lv\/wp-json\/wp\/v2\/users\/2"}],"replies":[{"embeddable":true,"href":"https:\/\/www.europesays.com\/lv\/wp-json\/wp\/v2\/comments?post=69951"}],"version-history":[{"count":0,"href":"https:\/\/www.europesays.com\/lv\/wp-json\/wp\/v2\/posts\/69951\/revisions"}],"wp:featuredmedia":[{"embeddable":true,"href":"https:\/\/www.europesays.com\/lv\/wp-json\/wp\/v2\/media\/69952"}],"wp:attachment":[{"href":"https:\/\/www.europesays.com\/lv\/wp-json\/wp\/v2\/media?parent=69951"}],"wp:term":[{"taxonomy":"category","embeddable":true,"href":"https:\/\/www.europesays.com\/lv\/wp-json\/wp\/v2\/categories?post=69951"},{"taxonomy":"post_tag","embeddable":true,"href":"https:\/\/www.europesays.com\/lv\/wp-json\/wp\/v2\/tags?post=69951"}],"curies":[{"name":"wp","href":"https:\/\/api.w.org\/{rel}","templated":true}]}}