{"id":6996,"date":"2025-09-28T12:56:16","date_gmt":"2025-09-28T12:56:16","guid":{"rendered":"https:\/\/www.europesays.com\/lv\/6996\/"},"modified":"2025-09-28T12:56:16","modified_gmt":"2025-09-28T12:56:16","slug":"novembri-notiks-balsojums-par-izraelas-izslegsanu-no-nakama-gada-eirovizijas","status":"publish","type":"post","link":"https:\/\/www.europesays.com\/lv\/6996\/","title":{"rendered":"Novembr\u012b notiks balsojums par Izra\u0113las izsl\u0113g\u0161anu no n\u0101kam\u0101 gada Eirov\u012bzijas"},"content":{"rendered":"<p>\u0160\u0101ds l\u0113mums pie\u0146emts p\u0113c vair\u0101ku dal\u012bbvalstu raidorganiz\u0101ciju pazi\u0146ojumiem par n\u0101kam\u0101 gada konkursa boikot\u0113\u0161anu, ja taj\u0101 piedal\u012bsies <a href=\"https:\/\/www.apollo.lv\/term\/555449\/izraela\" class=\"topicLink\" target=\"_blank\" rel=\"nofollow noopener\">Izra\u0113la<\/a>.\u00a0<\/p>\n<p>P\u0113c teroristisk\u0101 grup\u0113juma &#8220;Ham\u0101s&#8221; uzbrukuma 2023. gada 7. oktobr\u012b Izra\u0113la uzs\u0101ka milit\u0101ro ofens\u012bvu Gaz\u0101. Karadarb\u012bba un hum\u0101n\u0101 kr\u012bze Gaz\u0101 ir rais\u012bjusi domstarp\u012bbas konkursa dal\u012bbvalstu vid\u016b par to, vai Izra\u0113lai b\u016btu j\u0101piedal\u0101s konkurs\u0101. Lai gan <a href=\"https:\/\/www.apollo.lv\/term\/556481\/eirovizija\" class=\"topicLink\" target=\"_blank\" rel=\"nofollow noopener\">Eirov\u012bzija<\/a> tiek uzskat\u012bta par nepolitisku pas\u0101kumu,\u00a0p\u0113c Krievijas pilna apm\u0113ra iebrukuma Ukrain\u0101 s\u0101kuma 2022. gad\u0101 EBU liedza Krievijas dal\u012bbu konkurs\u0101.\u00a0<\/p>\n<p>Saska\u0146\u0101 ar EBU preses sekret\u0101ra Deiva Gudmena pazi\u0146ojumu, Eiropas Raidorganiz\u0101ciju savien\u012bbas valde\u00a0ir nos\u016bt\u012bjusi dal\u012bbvalst\u012bm v\u0113stuli. Taj\u0101 nor\u0101d\u012bts, ka balsojums par to, vai Izra\u0113las raidsabiedr\u012bba Kan piedal\u012bsies n\u0101kam\u0101 gada konkurs\u0101,\u00a0notiks \u0101rk\u0101rtas \u0123ener\u0101l\u0101s asamblejas laik\u0101 novembra s\u0101kum\u0101.<\/p>\n<p>\u00a0K\u0101 pazi\u0146ojis Gudmens, lai izsl\u0113g\u0161ana tiktu apstiprin\u0101ta, balsojum\u0101 b\u016btu nepiecie\u0161ams &#8220;absol\u016bts vair\u0101kums.&#8221;<\/p>\n<p>N\u012bderlandes un \u012arijas raidorganiz\u0101cijas pazi\u0146oju\u0161as, ka boikot\u0113s n\u0101kam\u0101 gada Eirov\u012bzijas dziesmu konkursu, ja taj\u0101 piedal\u012bsies Izra\u0113la. Vien\u012bg\u0101 no &#8220;liel\u0101 piecinieka&#8221; valst\u012bm, kas\u00a0sp\u0113rusi \u0161\u0101du soli, ir Sp\u0101nija.\u00a0Ar l\u012bdz\u012bgiem br\u012bdin\u0101jumiem n\u0101kusi klaj\u0101 Slov\u0113nija un Be\u013c\u0123ija.<\/p>\n<p>Eirov\u012bziju organiz\u0113 Eiropas Raidorganiz\u0101ciju apvien\u012bba (EBU) sadarb\u012bb\u0101 ar dal\u012bborganiz\u0101cij\u0101m vair\u0101k nek\u0101 35 valst\u012bs. \u0160ogad konkurs\u0101, kas notika B\u0101zel\u0113, \u0160veic\u0113, uzvar\u0113ja austrie\u0161u dzied\u0101t\u0101js JJ ar hitu &#8220;Wasted Love&#8221;. N\u0101kam\u0101 gada dziesmu konkurss notiks Austrijas galvaspils\u0113t\u0101 V\u012bn\u0113.<\/p>\n","protected":false},"excerpt":{"rendered":"\u0160\u0101ds l\u0113mums pie\u0146emts p\u0113c vair\u0101ku dal\u012bbvalstu raidorganiz\u0101ciju pazi\u0146ojumiem par n\u0101kam\u0101 gada konkursa boikot\u0113\u0161anu, ja taj\u0101 piedal\u012bsies Izra\u0113la.\u00a0 P\u0113c&hellip;\n","protected":false},"author":2,"featured_media":6997,"comment_status":"","ping_status":"","sticky":false,"template":"","format":"standard","meta":{"footnotes":""},"categories":[14],"tags":[23,57,28,29,492,32,33,22,493,30,31,35,39,38,36,37,34,40,20,26,27,24,25,54,55,56,21,58],"class_list":{"0":"post-6996","1":"post","2":"type-post","3":"status-publish","4":"format-standard","5":"has-post-thumbnail","7":"category-zinas-no-arvalstim","8":"tag-aktualitates","9":"tag-arvalstim","10":"tag-breaking-news","11":"tag-breakingnews","12":"tag-eirovizija","13":"tag-featured-news","14":"tag-featurednews","15":"tag-headlines","16":"tag-izraela","17":"tag-latest-news","18":"tag-latestnews","19":"tag-latvia","20":"tag-latvian","21":"tag-latviesu","22":"tag-latviesu-valoda","23":"tag-latviesuvaloda","24":"tag-latvija","25":"tag-lv","26":"tag-news","27":"tag-popularakas-zinas","28":"tag-popularakaszinas","29":"tag-top-stories","30":"tag-topstories","31":"tag-world","32":"tag-world-news","33":"tag-worldnews","34":"tag-zinas","35":"tag-zinas-no-arvalstim"},"share_on_mastodon":{"url":"","error":""},"_links":{"self":[{"href":"https:\/\/www.europesays.com\/lv\/wp-json\/wp\/v2\/posts\/6996","targetHints":{"allow":["GET"]}}],"collection":[{"href":"https:\/\/www.europesays.com\/lv\/wp-json\/wp\/v2\/posts"}],"about":[{"href":"https:\/\/www.europesays.com\/lv\/wp-json\/wp\/v2\/types\/post"}],"author":[{"embeddable":true,"href":"https:\/\/www.europesays.com\/lv\/wp-json\/wp\/v2\/users\/2"}],"replies":[{"embeddable":true,"href":"https:\/\/www.europesays.com\/lv\/wp-json\/wp\/v2\/comments?post=6996"}],"version-history":[{"count":0,"href":"https:\/\/www.europesays.com\/lv\/wp-json\/wp\/v2\/posts\/6996\/revisions"}],"wp:featuredmedia":[{"embeddable":true,"href":"https:\/\/www.europesays.com\/lv\/wp-json\/wp\/v2\/media\/6997"}],"wp:attachment":[{"href":"https:\/\/www.europesays.com\/lv\/wp-json\/wp\/v2\/media?parent=6996"}],"wp:term":[{"taxonomy":"category","embeddable":true,"href":"https:\/\/www.europesays.com\/lv\/wp-json\/wp\/v2\/categories?post=6996"},{"taxonomy":"post_tag","embeddable":true,"href":"https:\/\/www.europesays.com\/lv\/wp-json\/wp\/v2\/tags?post=6996"}],"curies":[{"name":"wp","href":"https:\/\/api.w.org\/{rel}","templated":true}]}}