{"id":6998,"date":"2025-09-28T12:57:07","date_gmt":"2025-09-28T12:57:07","guid":{"rendered":"https:\/\/www.europesays.com\/lv\/6998\/"},"modified":"2025-09-28T12:57:07","modified_gmt":"2025-09-28T12:57:07","slug":"danija-lidz-piektdienai-aizliegs-visus-civilo-dronu-lidojumus","status":"publish","type":"post","link":"https:\/\/www.europesays.com\/lv\/6998\/","title":{"rendered":"D\u0101nija l\u012bdz piektdienai aizliegs visus civilo dronu lidojumus"},"content":{"rendered":"<p>&#8220;D\u0101nija n\u0101kamned\u0113\u013c uz\u0146ems ES l\u012bderus, un m\u0113s piev\u0113rs\u012bsim \u012bpa\u0161u uzman\u012bbu dro\u0161\u012bbai. T\u0101p\u0113c no pirmdienas l\u012bdz piektdienai m\u0113s sl\u0113gsim D\u0101nijas gaisa telpu visiem civilo dronu lidojumiem,&#8221; pazi\u0146oja ministrija.<\/p>\n<p>Jau v\u0113st\u012bts, ka D\u0101nij\u0101 kop\u0161 22.septembra vair\u0101kk\u0101rt nov\u0113roti neidentific\u0113ti lidroboti, k\u0101 d\u0113\u013c tika sl\u0113gtas vair\u0101kas lidostas. Droni lidoja ar\u012b virs milit\u0101rajiem objektiem, tai skait\u0101 aizvad\u012btaj\u0101s div\u0101s nakt\u012bs.<\/p>\n<p>D\u0101nijas premjerministre Mete Frederiksena ceturtdien pazi\u0146oja, ka valsts pak\u013cauta hibr\u012bduzbrukumam. Lai gan policijai l\u012bdz \u0161im nav izdevies noskaidrot vain\u012bgos, Frederiksena nor\u0101d\u012bja, ka galveno apdraud\u0113jumu Eiropai \u0161obr\u012bd rada Krievija.<\/p>\n","protected":false},"excerpt":{"rendered":"&#8220;D\u0101nija n\u0101kamned\u0113\u013c uz\u0146ems ES l\u012bderus, un m\u0113s piev\u0113rs\u012bsim \u012bpa\u0161u uzman\u012bbu dro\u0161\u012bbai. T\u0101p\u0113c no pirmdienas l\u012bdz piektdienai m\u0113s sl\u0113gsim&hellip;\n","protected":false},"author":2,"featured_media":6999,"comment_status":"","ping_status":"","sticky":false,"template":"","format":"standard","meta":{"footnotes":""},"categories":[14],"tags":[23,57,28,29,1418,2008,427,514,32,33,22,30,31,35,39,38,36,37,34,40,20,26,27,24,25,54,55,56,21,58],"class_list":{"0":"post-6998","1":"post","2":"type-post","3":"status-publish","4":"format-standard","5":"has-post-thumbnail","7":"category-zinas-no-arvalstim","8":"tag-aktualitates","9":"tag-arvalstim","10":"tag-breaking-news","11":"tag-breakingnews","12":"tag-danija","13":"tag-drons","14":"tag-eiropa","15":"tag-eiropas-savieniba","16":"tag-featured-news","17":"tag-featurednews","18":"tag-headlines","19":"tag-latest-news","20":"tag-latestnews","21":"tag-latvia","22":"tag-latvian","23":"tag-latviesu","24":"tag-latviesu-valoda","25":"tag-latviesuvaloda","26":"tag-latvija","27":"tag-lv","28":"tag-news","29":"tag-popularakas-zinas","30":"tag-popularakaszinas","31":"tag-top-stories","32":"tag-topstories","33":"tag-world","34":"tag-world-news","35":"tag-worldnews","36":"tag-zinas","37":"tag-zinas-no-arvalstim"},"share_on_mastodon":{"url":"","error":""},"_links":{"self":[{"href":"https:\/\/www.europesays.com\/lv\/wp-json\/wp\/v2\/posts\/6998","targetHints":{"allow":["GET"]}}],"collection":[{"href":"https:\/\/www.europesays.com\/lv\/wp-json\/wp\/v2\/posts"}],"about":[{"href":"https:\/\/www.europesays.com\/lv\/wp-json\/wp\/v2\/types\/post"}],"author":[{"embeddable":true,"href":"https:\/\/www.europesays.com\/lv\/wp-json\/wp\/v2\/users\/2"}],"replies":[{"embeddable":true,"href":"https:\/\/www.europesays.com\/lv\/wp-json\/wp\/v2\/comments?post=6998"}],"version-history":[{"count":0,"href":"https:\/\/www.europesays.com\/lv\/wp-json\/wp\/v2\/posts\/6998\/revisions"}],"wp:featuredmedia":[{"embeddable":true,"href":"https:\/\/www.europesays.com\/lv\/wp-json\/wp\/v2\/media\/6999"}],"wp:attachment":[{"href":"https:\/\/www.europesays.com\/lv\/wp-json\/wp\/v2\/media?parent=6998"}],"wp:term":[{"taxonomy":"category","embeddable":true,"href":"https:\/\/www.europesays.com\/lv\/wp-json\/wp\/v2\/categories?post=6998"},{"taxonomy":"post_tag","embeddable":true,"href":"https:\/\/www.europesays.com\/lv\/wp-json\/wp\/v2\/tags?post=6998"}],"curies":[{"name":"wp","href":"https:\/\/api.w.org\/{rel}","templated":true}]}}