{"id":69999,"date":"2025-12-09T15:10:10","date_gmt":"2025-12-09T15:10:10","guid":{"rendered":"https:\/\/www.europesays.com\/lv\/69999\/"},"modified":"2025-12-09T15:10:10","modified_gmt":"2025-12-09T15:10:10","slug":"lietuva-pedejo-gadu-plasakais-protests-10-tukstosi-iestajas-par-sabiedriska-medija-neatkaribu","status":"publish","type":"post","link":"https:\/\/www.europesays.com\/lv\/69999\/","title":{"rendered":"Lietuv\u0101 p\u0113d\u0113jo gadu pla\u0161\u0101kais protests \u2013 10 t\u016bksto\u0161i iest\u0101jas par sabiedrisk\u0101 medija neatkar\u012bbu"},"content":{"rendered":"<p>\u201cRokas nost no v\u0101rda br\u012bv\u012bbas un neatkar\u012bgiem medijiem,\u201d t\u0101ds ir protesta r\u012bkot\u0101ju v\u0113st\u012bjums.<\/p>\n<p>Protest\u0101 pirmdien piedal\u012bju\u0161ies vair\u0101k nek\u0101 10 t\u016bksto\u0161i dal\u012bbnieku, un tas k\u013cuvis par apmekl\u0113t\u0101ko akciju valst\u012b p\u0113d\u0113jo gadu laik\u0101.<\/p>\n<ul>\n<li id=\"skaties-gallery-thumbnail-1\" style=\"background-image: url(https:\/\/tv3cdn.lv\/thumbnails\/650x415\/2025\/12\/52c1-693830489ed89-scaled.jpg)\" data-attachment-id=\"3694266\" data-small-file=\"https:\/\/tv3cdn.lv\/thumbnails\/70x70\/2025\/12\/52c1-693830489ed89-scaled.jpg\" data-medium-file=\"https:\/\/tv3cdn.lv\/thumbnails\/1920x1920x1\/2025\/12\/52c1-693830489ed89-scaled.jpg\" data-description=\"\" data-copyright=\"\u00a9 Mindaugas Kulbis, AP\" data-><a href=\"https:\/\/tv3cdn.lv\/2025\/12\/52c1-693830489ed89-scaled.jpg\" rel=\"nofollow noopener\" target=\"_blank\">\n<p>            <img loading=\"lazy\" decoding=\"async\" width=\"70\" height=\"70\" alt=\"\" title=\"\"  data- class=\"thumbnail lazyload blurred\"\/><\/p>\n<p>        <\/a>\u00a9 Mindaugas Kulbis, AP<a href=\"#foto-1\"> 5 att\u0113li Skat\u012bt galeriju<\/a><\/li>\n<li id=\"skaties-gallery-thumbnail-2\" style=\"background-image: url(https:\/\/tv3cdn.lv\/thumbnails\/650x415\/2025\/12\/7272-693830571836b-scaled.jpg)\" data-attachment-id=\"3694267\" data-small-file=\"https:\/\/tv3cdn.lv\/thumbnails\/70x70\/2025\/12\/7272-693830571836b-scaled.jpg\" data-medium-file=\"https:\/\/tv3cdn.lv\/thumbnails\/1920x1920x1\/2025\/12\/7272-693830571836b-scaled.jpg\" data-description=\"\" data-copyright=\"\u00a9 Mindaugas Kulbis, AP\" data-><a href=\"https:\/\/tv3cdn.lv\/2025\/12\/7272-693830571836b-scaled.jpg\" rel=\"nofollow noopener\" target=\"_blank\">\n<p>            <img loading=\"lazy\" decoding=\"async\" width=\"70\" height=\"70\" alt=\"\" title=\"\"  data- class=\"thumbnail lazyload blurred\"\/><\/p>\n<p>        <\/a>\u00a9 Mindaugas Kulbis, AP<\/li>\n<li id=\"skaties-gallery-thumbnail-3\" style=\"background-image: url(https:\/\/tv3cdn.lv\/thumbnails\/650x415\/2025\/12\/97cf-69383072b230f-scaled.jpg)\" data-attachment-id=\"3694268\" data-small-file=\"https:\/\/tv3cdn.lv\/thumbnails\/70x70\/2025\/12\/97cf-69383072b230f-scaled.jpg\" data-medium-file=\"https:\/\/tv3cdn.lv\/thumbnails\/1920x1920x1\/2025\/12\/97cf-69383072b230f-scaled.jpg\" data-description=\"\" data-copyright=\"\u00a9 Mindaugas Kulbis, AP\" data-><a href=\"https:\/\/tv3cdn.lv\/2025\/12\/97cf-69383072b230f-scaled.jpg\" rel=\"nofollow noopener\" target=\"_blank\">\n<p>            <img loading=\"lazy\" decoding=\"async\" width=\"70\" height=\"70\" alt=\"\" title=\"\"  data- class=\"thumbnail lazyload blurred\"\/><\/p>\n<p>        <\/a>\u00a9 Mindaugas Kulbis, AP<\/li>\n<li id=\"skaties-gallery-thumbnail-4\" style=\"background-image: url(https:\/\/tv3cdn.lv\/thumbnails\/650x415\/2025\/12\/3522-693830854a260-scaled.jpg)\" data-attachment-id=\"3694269\" data-small-file=\"https:\/\/tv3cdn.lv\/thumbnails\/70x70\/2025\/12\/3522-693830854a260-scaled.jpg\" data-medium-file=\"https:\/\/tv3cdn.lv\/thumbnails\/1920x1920x1\/2025\/12\/3522-693830854a260-scaled.jpg\" data-description=\"\" data-copyright=\"\u00a9 Mindaugas Kulbis, AP\" data-><a href=\"https:\/\/tv3cdn.lv\/2025\/12\/3522-693830854a260-scaled.jpg\" rel=\"nofollow noopener\" target=\"_blank\">\n<p>            <img loading=\"lazy\" decoding=\"async\" width=\"70\" height=\"70\" alt=\"\" title=\"\"  data- class=\"thumbnail lazyload blurred\"\/><\/p>\n<p>        <\/a>\u00a9 Mindaugas Kulbis, AP<\/li>\n<li id=\"skaties-gallery-thumbnail-5\" style=\"background-image: url(https:\/\/tv3cdn.lv\/thumbnails\/650x415\/2025\/12\/87c0-6938309257e5c-scaled.jpg)\" data-attachment-id=\"3694270\" data-small-file=\"https:\/\/tv3cdn.lv\/thumbnails\/70x70\/2025\/12\/87c0-6938309257e5c-scaled.jpg\" data-medium-file=\"https:\/\/tv3cdn.lv\/thumbnails\/1920x1920x1\/2025\/12\/87c0-6938309257e5c-scaled.jpg\" data-description=\"\" data-copyright=\"\u00a9 Mindaugas Kulbis, AP\" data-><a href=\"https:\/\/tv3cdn.lv\/2025\/12\/87c0-6938309257e5c-scaled.jpg\" rel=\"nofollow noopener\" target=\"_blank\">\n<p>            <img loading=\"lazy\" decoding=\"async\" width=\"70\" height=\"70\" alt=\"\" title=\"\"  data- class=\"thumbnail lazyload blurred\"\/><\/p>\n<p>        <\/a>\u00a9 Mindaugas Kulbis, AP<\/li>\n<\/ul>\n<p>Pa\u0161reiz\u0113jie noteikumi paredz, ka LRT \u0123ener\u0101ldirektoru var atlaist pirms termi\u0146a tikai tad, ja LRT padome pier\u0101da, ka tas ir sabiedr\u012bbas interes\u0113s, un par to nobalso vismaz divas tre\u0161da\u013cas padomes locek\u013cu (asto\u0146as balsis no 12). Savuk\u0101rt iecer\u0113tie groz\u012bjumi rosina samazin\u0101t nepiecie\u0161amo balsu skaitu uz se\u0161\u0101m vai septi\u0146\u0101m.<\/p>\n<p>Kriti\u0137i br\u012bdina, ka \u0161ie groz\u012bjumi apdraud LRT neatkar\u012bbu un ir pretrun\u0101 ar Eiropas Mediju br\u012bv\u012bbas aktu. Ar\u012b Latvijas \u017durn\u0101listu asoci\u0101cija (L\u017dA) ir satraukta par aktu\u0101laj\u0101m noris\u0113m saist\u012bb\u0101 ar Lietuvas sabiedrisko mediju LRT.<\/p>\n<p>L\u017dA uzsver, ka m\u0113\u0123in\u0101jumi politiski ietekm\u0113t sabiedrisk\u0101 medija p\u0101rvald\u012bbu un redakcion\u0101lo neatkar\u012bbu nav tikai iek\u0161politisks str\u012bds \u2013 tie ir b\u012bstami demokr\u0101tijas erozijas simptomi.<\/p>\n<p class=\"ad-desc ad-desc-main\">Saturs turpin\u0101s p\u0113c rekl\u0101mas<\/p>\n<p class=\"ad-desc ad-desc-sec\">Rekl\u0101ma<\/p>\n<p>L\u017dA skaidro, ka sabiedriskie mediji eksist\u0113, lai kontrol\u0113tu varu, atspogu\u013cotu sabiedr\u012bbai noz\u012bm\u012bgus faktus un veicin\u0101tu inform\u0113tu diskusiju, nevis lai pak\u013cautos politiskaj\u0101m interes\u0113m.<\/p>\n<p>Asoci\u0101cij\u0101 atz\u012bst, ka situ\u0101cija Lietuv\u0101 ir \u012bpa\u0161i satrauco\u0161a t\u0101p\u0113c, ka notieko\u0161ais nav vienreiz\u0113js incidents, bet gan tendence, kur\u0101 politiskie sp\u0113ki cen\u0161as papla\u0161in\u0101t kontroli p\u0101r sabiedrisko mediju telpu. \u201cPubliskie uzbrukumi \u017eurn\u0101listiem, spiediens uz\u00a0LRT\u00a0darbu, k\u0101 ar\u012b m\u0113\u0123in\u0101jumi rad\u012bt politiski izdev\u012bgus struktur\u0101lus risin\u0101jumus grauj sabiedrisk\u0101 medija reput\u0101ciju un autorit\u0101ti. Tie rada b\u012bstamu precedentu ne tikai Lietuvai, bet visam re\u0123ionam,\u201d nor\u0101da L\u017dA.<\/p>\n<p>Iebilstot pret likumprojektu, kas Lietuvas sabiedrisk\u0101s raidorganiz\u0101cijas LRT padomei atvieglotu \u0123ener\u0101ldirektora atlai\u0161anu, k\u0101 ar\u012b pret Seima l\u0113mumu uz trim gadiem iesald\u0113t LRT bud\u017eetu, LRT \u017eurn\u0101listi un citi darbinieki pirmdien s\u0101ka ned\u0113\u013cu ilgu protesta akciju.<\/p>\n<p class=\"tv3-fw-500\">Zi\u0146o par k\u013c\u016bdu rakst\u0101<\/p>\n<p class=\"d-md-block d-none\">Iez\u012bm\u0113 k\u013c\u016bdaino tekstu un spied Ctrl+Enter.<\/p>\n<p class=\"d-md-none d-block\">Iez\u012bm\u0113 k\u013c\u016bdaino tekstu un zi\u0146o par to!<\/p>\n","protected":false},"excerpt":{"rendered":"\u201cRokas nost no v\u0101rda br\u012bv\u012bbas un neatkar\u012bgiem medijiem,\u201d t\u0101ds ir protesta r\u012bkot\u0101ju v\u0113st\u012bjums. Protest\u0101 pirmdien piedal\u012bju\u0161ies vair\u0101k nek\u0101&hellip;\n","protected":false},"author":2,"featured_media":70000,"comment_status":"","ping_status":"","sticky":false,"template":"","format":"standard","meta":{"footnotes":""},"categories":[12],"tags":[23,28,29,32,33,22,30,31,35,39,38,36,37,34,17896,40,20,26,27,24,25,21],"class_list":{"0":"post-69999","1":"post","2":"type-post","3":"status-publish","4":"format-standard","5":"has-post-thumbnail","7":"category-latvija","8":"tag-aktualitates","9":"tag-breaking-news","10":"tag-breakingnews","11":"tag-featured-news","12":"tag-featurednews","13":"tag-headlines","14":"tag-latest-news","15":"tag-latestnews","16":"tag-latvia","17":"tag-latvian","18":"tag-latviesu","19":"tag-latviesu-valoda","20":"tag-latviesuvaloda","21":"tag-latvija","22":"tag-lietuvalrt","23":"tag-lv","24":"tag-news","25":"tag-popularakas-zinas","26":"tag-popularakaszinas","27":"tag-top-stories","28":"tag-topstories","29":"tag-zinas"},"share_on_mastodon":{"url":"https:\/\/pubeurope.com\/@lv\/115690250101837089","error":""},"_links":{"self":[{"href":"https:\/\/www.europesays.com\/lv\/wp-json\/wp\/v2\/posts\/69999","targetHints":{"allow":["GET"]}}],"collection":[{"href":"https:\/\/www.europesays.com\/lv\/wp-json\/wp\/v2\/posts"}],"about":[{"href":"https:\/\/www.europesays.com\/lv\/wp-json\/wp\/v2\/types\/post"}],"author":[{"embeddable":true,"href":"https:\/\/www.europesays.com\/lv\/wp-json\/wp\/v2\/users\/2"}],"replies":[{"embeddable":true,"href":"https:\/\/www.europesays.com\/lv\/wp-json\/wp\/v2\/comments?post=69999"}],"version-history":[{"count":0,"href":"https:\/\/www.europesays.com\/lv\/wp-json\/wp\/v2\/posts\/69999\/revisions"}],"wp:featuredmedia":[{"embeddable":true,"href":"https:\/\/www.europesays.com\/lv\/wp-json\/wp\/v2\/media\/70000"}],"wp:attachment":[{"href":"https:\/\/www.europesays.com\/lv\/wp-json\/wp\/v2\/media?parent=69999"}],"wp:term":[{"taxonomy":"category","embeddable":true,"href":"https:\/\/www.europesays.com\/lv\/wp-json\/wp\/v2\/categories?post=69999"},{"taxonomy":"post_tag","embeddable":true,"href":"https:\/\/www.europesays.com\/lv\/wp-json\/wp\/v2\/tags?post=69999"}],"curies":[{"name":"wp","href":"https:\/\/api.w.org\/{rel}","templated":true}]}}