{"id":70011,"date":"2025-12-09T15:33:07","date_gmt":"2025-12-09T15:33:07","guid":{"rendered":"https:\/\/www.europesays.com\/lv\/70011\/"},"modified":"2025-12-09T15:33:07","modified_gmt":"2025-12-09T15:33:07","slug":"cehijas-valdibas-vaditaja-amata-atgriezies-ietekmigais-oligarhs-babiss-raksts","status":"publish","type":"post","link":"https:\/\/www.europesays.com\/lv\/70011\/","title":{"rendered":"\u010cehijas vald\u012bbas vad\u012bt\u0101ja amat\u0101 atgriezies ietekm\u012bgais oligarhs Babi\u0161s \/ Raksts"},"content":{"rendered":"<p>\u010cehijas vald\u012bbas vad\u012bt\u0101ja amat\u0101 atgriezies biju\u0161ais premjers, oktobr\u012b notiku\u0161o \u010cehijas parlamenta v\u0113l\u0113\u0161anu uzvar\u0113t\u0101js, lab\u0113jo populistu partijas &#8220;Neapmierin\u0101to pilso\u0146u akcija&#8221; (&#8220;ANO&#8221;) l\u012bderis Andrijs Babi\u0161s. Vi\u0146\u0161 pan\u0101cis vieno\u0161anos par koal\u012bcijas izveido\u0161anu ar div\u0101m lab\u0113j\u0101 sp\u0101rna partij\u0101m. Babi\u0161s otrdien ceremonij\u0101 Pr\u0101gas pil\u012b nodeva premjera amata zv\u0113restu.\u00a0<\/p>\n<p>Babi\u0161s jau bijis \u010cehijas premjerministra amat\u0101 no 2017. l\u012bdz 2021. gadam.<\/p>\n<p>Ba\u017eas par intere\u0161u konfliktu<\/p>\n<p>\u010cehij\u0101 parlamenta v\u0113l\u0113\u0161anas notika 3. un 4. oktobr\u012b, un taj\u0101s visvair\u0101k balsu ieguva miljardiera Babi\u0161a vad\u012bt\u0101 partija &#8220;Neapmierin\u0101to pilso\u0146u akcija&#8221; (ANO).<\/p>\n<blockquote>\n<p>P\u0113c v\u0113l\u0113\u0161an\u0101m Babi\u0161s izveidoja koal\u012bciju ar partiju &#8220;Autobrauc\u0113ji sev&#8221; (AUTO), kas sevi d\u0113v\u0113 par &#8220;klimata skepti\u0137iem&#8221;, un partiju &#8220;Br\u012bv\u012bba un tie\u0161\u0101 demokr\u0101tija&#8221;, kas atbalsta \u010cehijas izst\u0101\u0161anos no ES un NATO.<\/p>\n<\/blockquote>\n<p>Kop\u0101 \u0161ai aliansei ir 108 no 200 deput\u0101tu mand\u0101tiem.\u00a0<\/p>\n<p>Saska\u0146\u0101 ar konstit\u016bciju jaunajam premjerministram 30 dienu laik\u0101 p\u0113c zv\u0113resta nodo\u0161anas parlamentam ir j\u0101iesniedz uztic\u012bbas priek\u0161likums.<\/p>\n<p>Vald\u012bbas veido\u0161anas process nebija vienk\u0101r\u0161s: nevis t\u0101p\u0113c, ka b\u016btu k\u0101das nopietnas domstarp\u012bbas starp partij\u0101m, bet t\u0101p\u0113c, ka \u010cehijas prezidents Petrs Pavels iebilda gan pret vair\u0101kiem izvirz\u012btajiem ministru amatu kandid\u0101tiem, gan ar\u012b kav\u0113j\u0101s apstiprin\u0101t premjera kr\u0113sl\u0101 Babi\u0161u.<\/p>\n<blockquote>\n<p>Iemesls tam bija Babi\u0161a bizness. Vi\u0146am pieder viens no valst\u012b liel\u0101kajiem uz\u0146\u0113mumiem &#8220;Agrofert&#8221;, kas ir sa\u0146\u0113mis simtiem miljoniem eiro no ES fondiem. Pavels uzskat\u012bja, ka tas rada Babi\u0161am intere\u0161u konfliktu, t\u0101p\u0113c prezidents piepras\u012bja vi\u0146am atteikties no kontroles &#8220;Agrofert&#8221;.<\/p>\n<\/blockquote>\n<p>S\u0101kotn\u0113ji Babi\u0161s pretoj\u0101s prezidenta spiedienam, tom\u0113r pag\u0101ju\u0161aj\u0101 ned\u0113\u013c\u0101 pazi\u0146oja, ka ir nol\u0113mis nodot savu uz\u0146\u0113mumu p\u0101rvald\u012bjum\u0101 neatkar\u012bgam trastam.<\/p>\n<p>Saska\u0146\u0101 ar vieno\u0161anos Babi\u0161s neatg\u016bs kontroli p\u0101r &#8220;Agrofert&#8221; pat p\u0113c aizie\u0161anas no politikas. P\u0113c Babi\u0161a n\u0101ves uz\u0146\u0113mumu var\u0113s p\u0101r\u0146emt vi\u0146a b\u0113rni.<\/p>\n<p>T\u0101 k\u0101 Babi\u0161s bija nojaucis p\u0113d\u0113jo barjeru ce\u013c\u0101 uz premjera amatu, tad prezidents Pavels otrdien apstiprin\u0101ja Babi\u0161u vald\u012bbas vad\u012bt\u0101ja amat\u0101, ko vi\u0146\u0161 jau divas reizes ie\u0146\u0113ma laik\u0101 no 2017. l\u012bdz 2021. gadam.<\/p>\n<p>Sola atcelt taup\u012bbas pas\u0101kumus<\/p>\n<p>Sagaid\u0101ms, ka Babi\u0161a jaun\u0101 vald\u012bba darbu uzs\u0101ks pirmdien, 15. decembr\u012b, kad prezidents Pavels apstiprin\u0101s visus ministrus.<\/p>\n<p>Pavelam visliel\u0101kie iebildumi ir pret &#8220;Autobrauc\u0113ji sev&#8221; izvirz\u012bto vides ministra amata kandid\u0101tu Filipu Tureku, kur\u0161 ir non\u0101cis skand\u0101l\u0101 saist\u012bb\u0101 ar savulaik soci\u0101lajos medijos public\u0113tiem rasistiskiem ierakstiem, par kuriem politi\u0137is nesen atvainoj\u0101s. Neraugoties uz Pavela iebildumiem par Tureka reput\u0101ciju, AUTO ir pazi\u0146oju\u0161i, ka neatsauks vi\u0146a kandidat\u016bru.<\/p>\n<blockquote>\n<p>Babi\u0161s v\u0113las atjaunot pabalstus, kurus izbeidza iepriek\u0161\u0113j\u0101 vald\u012bba, samazin\u0101t nodok\u013cus uz\u0146\u0113mumiem un atcelt vald\u012bbas taup\u012bbas pas\u0101kumus, kas liel\u0101 m\u0113r\u0101 ir biju\u0161i saist\u012bti ar pal\u012bdz\u012bbas snieg\u0161anu Ukrainai un aizsardz\u012bbas izdevumu palielin\u0101\u0161anu.<\/p>\n<\/blockquote>\n<p>Babi\u0161s pl\u0101no apmekl\u0113t n\u0101kamo Eiropas Savien\u012bbas (ES) samitu, kas notiks 18. un 19. decembr\u012b. Babi\u0161a atgrie\u0161an\u0101s pie varas var sag\u0101d\u0101t jaunas galvass\u0101pes Briselei.<\/p>\n<p>Eksperti nor\u0101da, ka Babi\u0161a politika daudz\u0113j\u0101d\u0101 zi\u0146\u0101 atbilst Slov\u0101kijas premjera Roberta Fico un Ung\u0101rijas vald\u012bbas vad\u012bt\u0101ja Viktora Orb\u0101na politiskajam kursam.<\/p>\n<blockquote>\n<p>Priek\u0161v\u0113l\u0113\u0161anu kampa\u0146as laik\u0101 vi\u0146\u0161 aicin\u0101ja atteikties no ES za\u013c\u0101 kursa. Vi\u0146\u0161 ar\u012b paudis kritiku par \u010cehijas lielo atbalstu Ukrainai.\u00a0<\/p>\n<\/blockquote>\n<p>\u010cehija l\u012bdz \u0161im bija viena no redzam\u0101kaj\u0101m Ukrainas atbalst\u012bt\u0101j\u0101m kar\u0101 pret Krieviju, bet Babi\u0161s uzskata, ka \u0161\u012b pal\u012bdz\u012bba ir j\u0101samazina.<\/p>\n<p>Babi\u0161s grib peln\u012bt ar Ukrainas atbalst\u012b\u0161anu<\/p>\n<p>Kop\u0161 Krievijas pilna m\u0113roga iebrukuma \u010cehija ir nos\u016bt\u012bjusi Ukrainai milit\u0101ro pal\u012bdz\u012bbu 17,4 miljardu kronu (716 miljoni eiro) v\u0113rt\u012bb\u0101, bet pag\u0101ju\u0161aj\u0101 gad\u0101 \u010cehija uzs\u0101ka iniciat\u012bvu, kuras ietvaros vis\u0101 pasaul\u0113 ieg\u0101d\u0101jas artil\u0113rijas l\u0101di\u0146us un citu mun\u012bciju nos\u016bt\u012b\u0161anai Ukrainai.<\/p>\n<p>Babi\u0161s p\u0113c uzvaras v\u0113l\u0113\u0161an\u0101s pazi\u0146oja, ka vi\u0146a priorit\u0101te b\u016bs pal\u012bdz\u012bbas snieg\u0161ana \u010cehijas iedz\u012bvot\u0101jiem, t\u0101p\u0113c vi\u0146\u0161 sol\u012bja p\u0101rtraukt \u010cehijas milit\u0101ro atbalstu Ukrainai.<\/p>\n<p>\u010cehu \u017eurn\u0101lists Jakubs Pato\u010dka dom\u0101, ka \u010cehija turpin\u0101s sniegt milit\u0101ro atbalstu Ukrainai, ta\u010du Babi\u0161s grib\u0113s, lai \u010cehija un vi\u0146\u0161 ar to labi nopeln\u012btu.<\/p>\n<blockquote>\n<p>&#8220;Es nedom\u0101ju, ka Babi\u0161am \u0161aj\u0101 jaut\u0101jum\u0101 ir k\u0101das stingras ap\u0146em\u0161an\u0101s. Ziniet, vi\u0146\u0161 to padar\u012bs par biznesa jaut\u0101jumu. J\u0101saka, ka \u010cehijas mun\u012bcijas iniciat\u012bvai jau tagad ir sava cena,&#8221; sprie\u017e Pato\u010dka.<\/p>\n<\/blockquote>\n<p>&#8220;Nav nejau\u0161\u012bba, ka \u010cehij\u0101 liel\u0101k\u0101s iero\u010du ra\u017eotnes \u012bpa\u0161nieks nesen ir k\u013cuvis par bag\u0101t\u0101ko cilv\u0113ku valst\u012b. T\u0101p\u0113c dom\u0101ju, ka Babi\u0161s run\u0101s ar \u0161o cilv\u0113ku. Vi\u0146\u0161 run\u0101s ar Eiropas l\u012bderiem. Un vi\u0146\u0161 ved\u012bs sarunas t\u0101, ka tas neb\u016bs izdev\u012bgi Ukrainai. Vi\u0146\u0161 nedom\u0101 ne par Ukrainu, ne par Zelenski. Lieta t\u0101da, ka, ja tas vi\u0146am ir finansi\u0101li un politiski izdev\u012bgi, vi\u0146\u0161 to dar\u012bs. Un b\u016bt\u012bb\u0101 t\u0101 ar\u012b var izprast vi\u0146a nost\u0101ju,&#8221; Pato\u010dka sac\u012bja intervij\u0101 medijam &#8220;Voxeurop&#8221;.<\/p>\n<p>                    Valodas k\u013c\u016bda rakst\u0101?<\/p>\n<p class=\"d-none d-md-block\">Iez\u012bm\u0113jiet tekstu un spiediet Ctrl+Enter, lai nos\u016bt\u012btu labojamo teksta fragmentu redaktoram! Par faktu k\u013c\u016bd\u0101m l\u016bdzam zi\u0146ot e-past\u0101 <a href=\"https:\/\/www.lsm.lv\/cdn-cgi\/l\/email-protection\" class=\"__cf_email__\" data-cfemail=\"c4b6a1a0a5afa7adaea584a8b7a9eaa8b2\" rel=\"nofollow noopener\" target=\"_blank\">[email\u00a0protected]<\/a>.<\/p>\n<p class=\"d-md-none\">Iez\u012bm\u0113jiet tekstu un spiediet uz Zi\u0146ot par k\u013c\u016bdu pogas, lai nos\u016bt\u012btu labojamo teksta fragmentu redaktoram!<\/p>\n<p>\n                    Zi\u0146ot par k\u013c\u016bdu\n                <\/p>\n","protected":false},"excerpt":{"rendered":"\u010cehijas vald\u012bbas vad\u012bt\u0101ja amat\u0101 atgriezies biju\u0161ais premjers, oktobr\u012b notiku\u0161o \u010cehijas parlamenta v\u0113l\u0113\u0161anu uzvar\u0113t\u0101js, lab\u0113jo populistu partijas &#8220;Neapmierin\u0101to pilso\u0146u&hellip;\n","protected":false},"author":2,"featured_media":69796,"comment_status":"","ping_status":"","sticky":false,"template":"","format":"standard","meta":{"footnotes":""},"categories":[14],"tags":[23,57,28,29,32,33,22,30,31,35,39,38,36,37,34,40,20,26,27,24,25,54,55,56,21,58],"class_list":{"0":"post-70011","1":"post","2":"type-post","3":"status-publish","4":"format-standard","5":"has-post-thumbnail","7":"category-zinas-no-arvalstim","8":"tag-aktualitates","9":"tag-arvalstim","10":"tag-breaking-news","11":"tag-breakingnews","12":"tag-featured-news","13":"tag-featurednews","14":"tag-headlines","15":"tag-latest-news","16":"tag-latestnews","17":"tag-latvia","18":"tag-latvian","19":"tag-latviesu","20":"tag-latviesu-valoda","21":"tag-latviesuvaloda","22":"tag-latvija","23":"tag-lv","24":"tag-news","25":"tag-popularakas-zinas","26":"tag-popularakaszinas","27":"tag-top-stories","28":"tag-topstories","29":"tag-world","30":"tag-world-news","31":"tag-worldnews","32":"tag-zinas","33":"tag-zinas-no-arvalstim"},"share_on_mastodon":{"url":"https:\/\/pubeurope.com\/@lv\/115690340577418841","error":""},"_links":{"self":[{"href":"https:\/\/www.europesays.com\/lv\/wp-json\/wp\/v2\/posts\/70011","targetHints":{"allow":["GET"]}}],"collection":[{"href":"https:\/\/www.europesays.com\/lv\/wp-json\/wp\/v2\/posts"}],"about":[{"href":"https:\/\/www.europesays.com\/lv\/wp-json\/wp\/v2\/types\/post"}],"author":[{"embeddable":true,"href":"https:\/\/www.europesays.com\/lv\/wp-json\/wp\/v2\/users\/2"}],"replies":[{"embeddable":true,"href":"https:\/\/www.europesays.com\/lv\/wp-json\/wp\/v2\/comments?post=70011"}],"version-history":[{"count":0,"href":"https:\/\/www.europesays.com\/lv\/wp-json\/wp\/v2\/posts\/70011\/revisions"}],"wp:featuredmedia":[{"embeddable":true,"href":"https:\/\/www.europesays.com\/lv\/wp-json\/wp\/v2\/media\/69796"}],"wp:attachment":[{"href":"https:\/\/www.europesays.com\/lv\/wp-json\/wp\/v2\/media?parent=70011"}],"wp:term":[{"taxonomy":"category","embeddable":true,"href":"https:\/\/www.europesays.com\/lv\/wp-json\/wp\/v2\/categories?post=70011"},{"taxonomy":"post_tag","embeddable":true,"href":"https:\/\/www.europesays.com\/lv\/wp-json\/wp\/v2\/tags?post=70011"}],"curies":[{"name":"wp","href":"https:\/\/api.w.org\/{rel}","templated":true}]}}