{"id":70019,"date":"2025-12-09T15:42:45","date_gmt":"2025-12-09T15:42:45","guid":{"rendered":"https:\/\/www.europesays.com\/lv\/70019\/"},"modified":"2025-12-09T15:42:45","modified_gmt":"2025-12-09T15:42:45","slug":"nosleguma-vakara-apbalvoti-festivala-prozas-lasijumi-30-jubilejas-gada-laureati-raksts","status":"publish","type":"post","link":"https:\/\/www.europesays.com\/lv\/70019\/","title":{"rendered":"Nosl\u0113guma vakar\u0101 apbalvoti festiv\u0101la \u00abProzas las\u012bjumi\u00bb 30. jubilejas gada laure\u0101ti \/ Raksts"},"content":{"rendered":"<p>\n                        Vakar, 19:28                    <\/p>\n<p>\n                            Autori:<br \/>\n                            Alise Z\u0101l\u012bte (LTV \u017eurn\u0101liste)                        <\/p>\n<p>Decembra s\u0101kums Latvij\u0101 tradicion\u0101li aizrit &#8220;Prozas las\u012bjumu&#8221; z\u012bm\u0113 \u2013 pas\u0101kums, kas no Andreja Up\u012b\u0161a dzim\u0161anas dienai velt\u012bta vakara izaudzis par pilnv\u0113rt\u012bgu literat\u016bras festiv\u0101lu. \u0160ogad no 29. novembra l\u012bdz 7. decembrim R\u012bg\u0101 un citviet Latvij\u0101 notika jau 30. &#8220;Prozas las\u012bjumu&#8221; festiv\u0101ls, kura vadmot\u012bvs bija jaut\u0101jums &#8220;K\u0101 tev iet?&#8221;.\u00a0<\/p>\n<p style=\"margin-left:0cm; margin-right:0cm\">Te\u0101tra b\u0101r\u0101 &#8220;Hamlets&#8221; 7.\u00a0decembr\u012b\u00a0izskan\u0113jis &#8220;Prozas las\u012bjumu 2025&#8221; nosl\u0113guma vakars, kur\u0101 ar saviem jaun\u0101kajiem st\u0101stiem uzst\u0101j\u0101s vair\u0101ki jau paz\u012bstami autori, tostarp Jana Egle, Aivars Eipurs un Andris Zeibots.<\/p>\n<p style=\"margin-left:0cm; margin-right:0cm\">Vakara programm\u0101 ar saviem tekstiem uzst\u0101j\u0101s ar\u012b Vidzemes &#8220;Prozas las\u012bjumu&#8221; laure\u0101te Ren\u0101te M\u0101lmane, &#8220;Tukuma prozas ferment\u0101cijas&#8221; konkursa uzvar\u0113t\u0101ja Katr\u012bna Elaine un Latgales &#8220;Prozas las\u012bjumu&#8221; laure\u0101te Ligija Purina\u0161a.\u00a0<\/p>\n<p style=\"margin-left:0cm; margin-right:0cm\">&#8220;Latgale un latgalie\u0161u valoda \u2013 tas ir t\u0101ds \u012bpatn\u0113js latvisk\u0101s identit\u0101tes veids, es teiktu, diezgan liel\u0101 m\u0113r\u0101 nenov\u0113rt\u0113ts.\u00a0<\/p>\n<blockquote>\n<p style=\"margin-left:0cm; margin-right:0cm\">Man \u013coti grib\u0113tos, lai m\u0113s par to aizdom\u0101jamies un neaizmirstam, ka mums ir divas br\u012bni\u0161\u0137\u012bgas maz\u0101k lietotas valodas \u2013 latgalie\u0161u valoda un l\u012bbie\u0161u valoda. (..)\u00a0<\/p>\n<\/blockquote>\n<p style=\"margin-left:0cm; margin-right:0cm\">Manupr\u0101t, jo m\u0113s vair\u0101k rakst\u0101m, jo m\u0113s vair\u0101k las\u0101m, tas tom\u0113r ar\u012b ietekm\u0113 m\u016bsu dom\u0101\u0161anu un sabiedr\u012bbu apk\u0101rt. Man\u00a0vienk\u0101r\u0161i liekas, ka rakst\u012bt ir \u013coti, \u013coti svar\u012bgi,&#8221; saka Ligija.<\/p>\n<p style=\"margin-left:0cm; margin-right:0cm\">&#8220;Mums bija \u013coti sare\u017e\u0123\u012bts uzdevums, bija j\u0101izv\u0113las latvie\u0161u valod\u0101 dziesma ar dzejas tekstu, un \u0161is dzejas teksts j\u0101interpret\u0113 st\u0101st\u0101. Bija visai sare\u017e\u0123\u012bti, bet man pat\u012bk izaicin\u0101jumi, t\u0101p\u0113c es piedal\u012bjos. (..) Rakstnieki ir drausm\u012bgi introverti. Kop\u0161 es piedalos, redzu, ka vi\u0146i ir daudz introvert\u0101ki par m\u0101ksliniekiem, vi\u0146iem to vajag \u2013<\/p>\n<blockquote>\n<p style=\"margin-left:0cm; margin-right:0cm\">vi\u0146iem vajag dal\u012bties ar saviem v\u0101rdiem un bag\u0101tin\u0101t kult\u016bru,&#8221; papildina Katr\u012bna.\u00a0<\/p>\n<\/blockquote>\n<p style=\"margin-left:0cm; margin-right:0cm\">Festiv\u0101la izska\u0146\u0101 pazi\u0146ots ar\u012b &#8220;Prozas las\u012bjumu&#8221; st\u0101stu konkursa uzvar\u0113t\u0101js \u2013 M\u0101rti\u0146\u0161 Pommers ar st\u0101stu &#8220;Balodis un tauri\u0146\u0161&#8221;.<\/p>\n<p style=\"margin-left:0cm; margin-right:0cm\">&#8220;Prozu es rakstu diezgan ilgi, varb\u016bt ne \u013coti \u0101tri, bet public\u0113jos jau gadus devi\u0146us, desmit. Nu, kaut k\u0101 vienm\u0113r mani tas ir \u013coti saist\u012bjis un paticis. (..) Mans st\u0101sts bija par skolas salidojumu. Konkursa t\u0113ma bija &#8220;K\u0101 tev iet?&#8221;, nu, ko gan citu dara skolas salidojum\u0101, k\u0101 viens otram uzdod \u0161o\u00a0jaut\u0101jumu,&#8221; atkl\u0101j M\u0101rti\u0146\u0161.<\/p>\n<p>                    Valodas k\u013c\u016bda rakst\u0101?<\/p>\n<p class=\"d-none d-md-block\">Iez\u012bm\u0113jiet tekstu un spiediet Ctrl+Enter, lai nos\u016bt\u012btu labojamo teksta fragmentu redaktoram! Par faktu k\u013c\u016bd\u0101m l\u016bdzam zi\u0146ot e-past\u0101 <a href=\"https:\/\/www.lsm.lv\/cdn-cgi\/l\/email-protection\" class=\"__cf_email__\" data-cfemail=\"fe8c9b9a9f959d97949fbe928d93d09288\" rel=\"nofollow noopener\" target=\"_blank\">[email\u00a0protected]<\/a>.<\/p>\n<p class=\"d-md-none\">Iez\u012bm\u0113jiet tekstu un spiediet uz Zi\u0146ot par k\u013c\u016bdu pogas, lai nos\u016bt\u012btu labojamo teksta fragmentu redaktoram!<\/p>\n<p>\n                    Zi\u0146ot par k\u013c\u016bdu\n                <\/p>\n","protected":false},"excerpt":{"rendered":"Vakar, 19:28 Autori: Alise Z\u0101l\u012bte (LTV \u017eurn\u0101liste) Decembra s\u0101kums Latvij\u0101 tradicion\u0101li aizrit &#8220;Prozas las\u012bjumu&#8221; z\u012bm\u0113 \u2013 pas\u0101kums, kas&hellip;\n","protected":false},"author":2,"featured_media":70020,"comment_status":"","ping_status":"","sticky":false,"template":"","format":"standard","meta":{"footnotes":""},"categories":[5],"tags":[23,28,29,32,33,22,30,31,35,39,38,36,37,34,40,20,26,27,24,25,21],"class_list":{"0":"post-70019","1":"post","2":"type-post","3":"status-publish","4":"format-standard","5":"has-post-thumbnail","7":"category-aktualitates","8":"tag-aktualitates","9":"tag-breaking-news","10":"tag-breakingnews","11":"tag-featured-news","12":"tag-featurednews","13":"tag-headlines","14":"tag-latest-news","15":"tag-latestnews","16":"tag-latvia","17":"tag-latvian","18":"tag-latviesu","19":"tag-latviesu-valoda","20":"tag-latviesuvaloda","21":"tag-latvija","22":"tag-lv","23":"tag-news","24":"tag-popularakas-zinas","25":"tag-popularakaszinas","26":"tag-top-stories","27":"tag-topstories","28":"tag-zinas"},"share_on_mastodon":{"url":"https:\/\/pubeurope.com\/@lv\/115690375948294775","error":""},"_links":{"self":[{"href":"https:\/\/www.europesays.com\/lv\/wp-json\/wp\/v2\/posts\/70019","targetHints":{"allow":["GET"]}}],"collection":[{"href":"https:\/\/www.europesays.com\/lv\/wp-json\/wp\/v2\/posts"}],"about":[{"href":"https:\/\/www.europesays.com\/lv\/wp-json\/wp\/v2\/types\/post"}],"author":[{"embeddable":true,"href":"https:\/\/www.europesays.com\/lv\/wp-json\/wp\/v2\/users\/2"}],"replies":[{"embeddable":true,"href":"https:\/\/www.europesays.com\/lv\/wp-json\/wp\/v2\/comments?post=70019"}],"version-history":[{"count":0,"href":"https:\/\/www.europesays.com\/lv\/wp-json\/wp\/v2\/posts\/70019\/revisions"}],"wp:featuredmedia":[{"embeddable":true,"href":"https:\/\/www.europesays.com\/lv\/wp-json\/wp\/v2\/media\/70020"}],"wp:attachment":[{"href":"https:\/\/www.europesays.com\/lv\/wp-json\/wp\/v2\/media?parent=70019"}],"wp:term":[{"taxonomy":"category","embeddable":true,"href":"https:\/\/www.europesays.com\/lv\/wp-json\/wp\/v2\/categories?post=70019"},{"taxonomy":"post_tag","embeddable":true,"href":"https:\/\/www.europesays.com\/lv\/wp-json\/wp\/v2\/tags?post=70019"}],"curies":[{"name":"wp","href":"https:\/\/api.w.org\/{rel}","templated":true}]}}