{"id":70021,"date":"2025-12-09T15:48:14","date_gmt":"2025-12-09T15:48:14","guid":{"rendered":"https:\/\/www.europesays.com\/lv\/70021\/"},"modified":"2025-12-09T15:48:14","modified_gmt":"2025-12-09T15:48:14","slug":"rigas-dome-izsuta-iedzivotajiem-ar-kludam-bagatas-iszinas-bet-paliek-pie-viedokla-ka-visu-dara-pareizi","status":"publish","type":"post","link":"https:\/\/www.europesays.com\/lv\/70021\/","title":{"rendered":"R\u012bgas dome izs\u016bta iedz\u012bvot\u0101jiem ar k\u013c\u016bd\u0101m bag\u0101tas \u012bszi\u0146as, bet paliek pie viedok\u013ca, ka visu dara pareizi"},"content":{"rendered":"<p>Dome uzsver \u2013 ja pazi\u0146ojuma teksts tiktu s\u016bt\u012bts gramatiski pareiz\u0101 latvie\u0161u valod\u0101 ar vis\u0101m garumz\u012bm\u0113m, viena zi\u0146ojuma viet\u0101 iedz\u012bvot\u0101js sa\u0146emtu vismaz tr\u012bs, jo teksts b\u016btu j\u0101sadala da\u013c\u0101s. Tas rad\u012btu &#8220;iev\u0113rojamas papildu izmaksas&#8221; pils\u0113tas bud\u017eetam. T\u0101p\u0113c, piem\u0113ram, &#8220;E-karogs&#8221; sist\u0113ma apzin\u0101ti veidota t\u0101, lai inform\u0101cija b\u016btu maksim\u0101li kompakta un iek\u013cautos vien\u0101 160 simbolu s\u016bt\u012bjum\u0101.<\/p>\n","protected":false},"excerpt":{"rendered":"Dome uzsver \u2013 ja pazi\u0146ojuma teksts tiktu s\u016bt\u012bts gramatiski pareiz\u0101 latvie\u0161u valod\u0101 ar vis\u0101m garumz\u012bm\u0113m, viena zi\u0146ojuma viet\u0101&hellip;\n","protected":false},"author":2,"featured_media":70022,"comment_status":"","ping_status":"","sticky":false,"template":"","format":"standard","meta":{"footnotes":""},"categories":[5],"tags":[23,28,29,32,33,22,30,31,35,39,38,36,37,34,40,20,26,27,24,25,21],"class_list":{"0":"post-70021","1":"post","2":"type-post","3":"status-publish","4":"format-standard","5":"has-post-thumbnail","7":"category-aktualitates","8":"tag-aktualitates","9":"tag-breaking-news","10":"tag-breakingnews","11":"tag-featured-news","12":"tag-featurednews","13":"tag-headlines","14":"tag-latest-news","15":"tag-latestnews","16":"tag-latvia","17":"tag-latvian","18":"tag-latviesu","19":"tag-latviesu-valoda","20":"tag-latviesuvaloda","21":"tag-latvija","22":"tag-lv","23":"tag-news","24":"tag-popularakas-zinas","25":"tag-popularakaszinas","26":"tag-top-stories","27":"tag-topstories","28":"tag-zinas"},"share_on_mastodon":{"url":"https:\/\/pubeurope.com\/@lv\/115690399556242962","error":""},"_links":{"self":[{"href":"https:\/\/www.europesays.com\/lv\/wp-json\/wp\/v2\/posts\/70021","targetHints":{"allow":["GET"]}}],"collection":[{"href":"https:\/\/www.europesays.com\/lv\/wp-json\/wp\/v2\/posts"}],"about":[{"href":"https:\/\/www.europesays.com\/lv\/wp-json\/wp\/v2\/types\/post"}],"author":[{"embeddable":true,"href":"https:\/\/www.europesays.com\/lv\/wp-json\/wp\/v2\/users\/2"}],"replies":[{"embeddable":true,"href":"https:\/\/www.europesays.com\/lv\/wp-json\/wp\/v2\/comments?post=70021"}],"version-history":[{"count":0,"href":"https:\/\/www.europesays.com\/lv\/wp-json\/wp\/v2\/posts\/70021\/revisions"}],"wp:featuredmedia":[{"embeddable":true,"href":"https:\/\/www.europesays.com\/lv\/wp-json\/wp\/v2\/media\/70022"}],"wp:attachment":[{"href":"https:\/\/www.europesays.com\/lv\/wp-json\/wp\/v2\/media?parent=70021"}],"wp:term":[{"taxonomy":"category","embeddable":true,"href":"https:\/\/www.europesays.com\/lv\/wp-json\/wp\/v2\/categories?post=70021"},{"taxonomy":"post_tag","embeddable":true,"href":"https:\/\/www.europesays.com\/lv\/wp-json\/wp\/v2\/tags?post=70021"}],"curies":[{"name":"wp","href":"https:\/\/api.w.org\/{rel}","templated":true}]}}