{"id":70057,"date":"2025-12-09T16:59:21","date_gmt":"2025-12-09T16:59:21","guid":{"rendered":"https:\/\/www.europesays.com\/lv\/70057\/"},"modified":"2025-12-09T16:59:21","modified_gmt":"2025-12-09T16:59:21","slug":"seplp-locekla-amatam-virzitais-saulitis-savulaik-sodits-par-brauksanu-ar-divriteni-reibuma","status":"publish","type":"post","link":"https:\/\/www.europesays.com\/lv\/70057\/","title":{"rendered":"SEPLP locek\u013ca amatam virz\u012btais Saul\u012btis savulaik sod\u012bts par brauk\u0161anu ar divriteni reibum\u0101"},"content":{"rendered":"<p>K\u0101 toreiz v\u0113st\u012bja zi\u0146u a\u0123ent\u016bra LETA, 2011. gada 10.apr\u012bl\u012b Saul\u012btis piecos no r\u012bta tika pie\u0137erts alkohola reibum\u0101 p\u0101rvietojamies ar velosip\u0113du pa Br\u012bv\u012bbas ielas vidu. Par brauk\u0161anu ar divriteni alkohola reibum\u0101 policija Saul\u012bti sod\u012bja ar 120 latu naudas sodu.<\/p>\n<p>Saul\u012btis tolaik bija kult\u016bras ministres Sarm\u012btes \u0112lertes (V) padomnieks sabiedrisko attiec\u012bbu jaut\u0101jumos. Koment\u0113jot notiku\u0161o, \u0112lerte pauda cer\u012bbu, ka Saul\u012btis &#8220;b\u016bs guvis m\u0101c\u012bbu visam m\u016b\u017eam&#8221;.<\/p>\n<p>A\u0123ent\u016brai LETA \u0112lerte past\u0101st\u012bja, ka vi\u0146ai p\u0113c atgrie\u0161an\u0101s no atva\u013cin\u0101juma bija nopietna saruna ar savu padomnieku. Saul\u012btis izdar\u012bto patiesi no\u017e\u0113lojot, un ministrei neesot iemesla vi\u0146u disciplin\u0101ri sod\u012bt, jo &#8220;par vienu p\u0101rk\u0101pumu divas reizes nesoda&#8221;.<\/p>\n<p>Kult\u016bras ministre ar\u012b uzteica policistu modr\u012bbu, kuru operat\u012bvi aiztur\u0113ju\u0161i iereibu\u0161o Saul\u012bti un t\u0101d\u0113j\u0101di nov\u0113rsu\u0161i iesp\u0113ju, ka vi\u0146\u0161 ieku\u013cas v\u0113l liel\u0101k\u0101s nepatik\u0161an\u0101s.<\/p>\n<p>Jau v\u0113st\u012bts, ka Saeima \u0161ogad ir noraid\u012bjusi jau divus NVO un MK sadarb\u012bbas memoranda padomes virz\u012btus kandid\u0101tus <a href=\"https:\/\/www.tvnet.lv\/term\/642201\/seplp\" class=\"topicLink\" target=\"_blank\" rel=\"nofollow noopener\">SEPLP<\/a> locek\u013ca amatam &#8211; vispirms tika izbr\u0101\u0137\u0113ts biju\u0161ais Latvijas Telev\u012bzijas vad\u012bt\u0101js Ivars Belte, bet 13. novembr\u012b &#8211; ar\u012b biju\u0161ais SEPLP un Latvijas Radio vad\u012bt\u0101js J\u0101nis Siksnis.<\/p>\n<p>Pl\u0101nots, ka Saul\u012bti 10. decembr\u012b uzklaus\u012bs Saeimas Cilv\u0113kties\u012bbu un sabiedrisko lietu komisija.<\/p>\n","protected":false},"excerpt":{"rendered":"K\u0101 toreiz v\u0113st\u012bja zi\u0146u a\u0123ent\u016bra LETA, 2011. gada 10.apr\u012bl\u012b Saul\u012btis piecos no r\u012bta tika pie\u0137erts alkohola reibum\u0101 p\u0101rvietojamies&hellip;\n","protected":false},"author":2,"featured_media":70058,"comment_status":"","ping_status":"","sticky":false,"template":"","format":"standard","meta":{"footnotes":""},"categories":[12],"tags":[23,28,29,32,33,22,30,31,35,39,38,36,37,34,40,20,26,27,6891,24,25,21],"class_list":{"0":"post-70057","1":"post","2":"type-post","3":"status-publish","4":"format-standard","5":"has-post-thumbnail","7":"category-latvija","8":"tag-aktualitates","9":"tag-breaking-news","10":"tag-breakingnews","11":"tag-featured-news","12":"tag-featurednews","13":"tag-headlines","14":"tag-latest-news","15":"tag-latestnews","16":"tag-latvia","17":"tag-latvian","18":"tag-latviesu","19":"tag-latviesu-valoda","20":"tag-latviesuvaloda","21":"tag-latvija","22":"tag-lv","23":"tag-news","24":"tag-popularakas-zinas","25":"tag-popularakaszinas","26":"tag-seplp","27":"tag-top-stories","28":"tag-topstories","29":"tag-zinas"},"share_on_mastodon":{"url":"https:\/\/pubeurope.com\/@lv\/115690678794505862","error":""},"_links":{"self":[{"href":"https:\/\/www.europesays.com\/lv\/wp-json\/wp\/v2\/posts\/70057","targetHints":{"allow":["GET"]}}],"collection":[{"href":"https:\/\/www.europesays.com\/lv\/wp-json\/wp\/v2\/posts"}],"about":[{"href":"https:\/\/www.europesays.com\/lv\/wp-json\/wp\/v2\/types\/post"}],"author":[{"embeddable":true,"href":"https:\/\/www.europesays.com\/lv\/wp-json\/wp\/v2\/users\/2"}],"replies":[{"embeddable":true,"href":"https:\/\/www.europesays.com\/lv\/wp-json\/wp\/v2\/comments?post=70057"}],"version-history":[{"count":0,"href":"https:\/\/www.europesays.com\/lv\/wp-json\/wp\/v2\/posts\/70057\/revisions"}],"wp:featuredmedia":[{"embeddable":true,"href":"https:\/\/www.europesays.com\/lv\/wp-json\/wp\/v2\/media\/70058"}],"wp:attachment":[{"href":"https:\/\/www.europesays.com\/lv\/wp-json\/wp\/v2\/media?parent=70057"}],"wp:term":[{"taxonomy":"category","embeddable":true,"href":"https:\/\/www.europesays.com\/lv\/wp-json\/wp\/v2\/categories?post=70057"},{"taxonomy":"post_tag","embeddable":true,"href":"https:\/\/www.europesays.com\/lv\/wp-json\/wp\/v2\/tags?post=70057"}],"curies":[{"name":"wp","href":"https:\/\/api.w.org\/{rel}","templated":true}]}}