{"id":70092,"date":"2025-12-09T17:44:08","date_gmt":"2025-12-09T17:44:08","guid":{"rendered":"https:\/\/www.europesays.com\/lv\/70092\/"},"modified":"2025-12-09T17:44:08","modified_gmt":"2025-12-09T17:44:08","slug":"nhl-saglaba-iespeju-nelaist-hokejistus-uz-milanas-kortinas-olimpiskajam-spelem-sliktas-ledus-kvalitates-del","status":"publish","type":"post","link":"https:\/\/www.europesays.com\/lv\/70092\/","title":{"rendered":"NHL saglab\u0101 iesp\u0113ju nelaist hokejistus uz Mil\u0101nas-Kort\u012bnas olimpiskaj\u0101m sp\u0113l\u0113m sliktas ledus kvalit\u0101tes d\u0113\u013c"},"content":{"rendered":"<p>2026. gada olimpisko sp\u0113\u013cu organiz\u0101cijas komiteja ir pazi\u0146ojusi, ka ledus halle ar vair\u0101k\u0101m It\u0101lijas \u010dempion\u0101ta sp\u0113l\u0113m tiks atkl\u0101ta 9. janv\u0101r\u012b, \u0161\u012bm ar\u0113nas izm\u0113\u0123in\u0101juma sp\u0113l\u0113m ilgstot l\u012bdz 11. janv\u0101rim.<\/p>\n<p>&#8220;\u0112k\u0101m vajadz\u0113tu b\u016bt pabeigt\u0101m l\u012bdz 2. febru\u0101rim,&#8221; saka Deilijs. &#8220;T\u0101tad mums v\u0113l ir zin\u0101ms laiks, un jaun\u0101k\u0101s zi\u0146as, ko sa\u0146\u0113mu, piedaloties san\u0101ksm\u0113, bija pozit\u012bvas.&#8221;<\/p>\n<p>NHL bija vienojusies ar Starptautisko Hokeja feder\u0101ciju (IIHF), ka ledus laukuma izm\u0113ri b\u016bs NHL sp\u0113\u013cu laukumiem atbilsto\u0161i, ta\u010du ledus laukums ir uzb\u016bv\u0113ts nedaudz \u012bs\u0101ks.<\/p>\n<p>Deilijs \u0161o jaut\u0101jumu sav\u0101 run\u0101 nepiemin\u0113ja, ta\u010du izvirz\u012bja jaut\u0101jumu par jaun\u0101s ar\u0113nas ledus kvalit\u0101ti.<\/p>\n<p>&#8220;Ja uz ledus nevar sp\u0113l\u0113t, tad nevar,&#8221; vi\u0146\u0161 teica. &#8220;Negribu par to run\u0101t p\u0101r\u0101k kategoriski. M\u0113s dro\u0161i vien to zin\u0101sim jau pirms ofici\u0101l\u0101s sp\u0113\u013cu atkl\u0101\u0161anas.&#8221;<\/p>\n<p>&#8220;Ac\u012bmredzot, ja sp\u0113l\u0113t\u0101ji jut\u012bs, ka ledus nav dro\u0161s, m\u0113s nesp\u0113l\u0113sim,&#8221; sac\u012bja Deilijs. &#8220;Tik vienk\u0101r\u0161i.&#8221;<\/p>\n<p>Ma\u010di olimpisko sp\u0113\u013cu turn\u012br\u0101 notiks ar\u012b &#8220;Fiera Milano Rho&#8221; ar\u0113n\u0101, ta\u010du bez &#8220;PalaItalia Santa Giulia&#8221; ar\u0113nas nav pl\u0101na B sievie\u0161u un v\u012brie\u0161u turn\u012bru iz\u0161\u0137ir\u012bgo sp\u0113\u013cu r\u012bko\u0161anai, uzsver Deilijs.<\/p>\n<p>Mil\u0101nas-Kort\u012bnas d&#8217;Ampeco olimpisk\u0101s sp\u0113les notiks no 6. l\u012bdz 22. febru\u0101rim.<\/p>\n","protected":false},"excerpt":{"rendered":"2026. gada olimpisko sp\u0113\u013cu organiz\u0101cijas komiteja ir pazi\u0146ojusi, ka ledus halle ar vair\u0101k\u0101m It\u0101lijas \u010dempion\u0101ta sp\u0113l\u0113m tiks atkl\u0101ta&hellip;\n","protected":false},"author":2,"featured_media":69597,"comment_status":"","ping_status":"","sticky":false,"template":"","format":"standard","meta":{"footnotes":""},"categories":[17],"tags":[394,35,39,38,36,37,34,40,835,67,527],"class_list":{"0":"post-70092","1":"post","2":"type-post","3":"status-publish","4":"format-standard","5":"has-post-thumbnail","7":"category-sports","8":"tag-hokejs","9":"tag-latvia","10":"tag-latvian","11":"tag-latviesu","12":"tag-latviesu-valoda","13":"tag-latviesuvaloda","14":"tag-latvija","15":"tag-lv","16":"tag-nhl","17":"tag-sports","18":"tag-ziemas-olimpiskas-speles"},"share_on_mastodon":{"url":"https:\/\/pubeurope.com\/@lv\/115690855639292627","error":""},"_links":{"self":[{"href":"https:\/\/www.europesays.com\/lv\/wp-json\/wp\/v2\/posts\/70092","targetHints":{"allow":["GET"]}}],"collection":[{"href":"https:\/\/www.europesays.com\/lv\/wp-json\/wp\/v2\/posts"}],"about":[{"href":"https:\/\/www.europesays.com\/lv\/wp-json\/wp\/v2\/types\/post"}],"author":[{"embeddable":true,"href":"https:\/\/www.europesays.com\/lv\/wp-json\/wp\/v2\/users\/2"}],"replies":[{"embeddable":true,"href":"https:\/\/www.europesays.com\/lv\/wp-json\/wp\/v2\/comments?post=70092"}],"version-history":[{"count":0,"href":"https:\/\/www.europesays.com\/lv\/wp-json\/wp\/v2\/posts\/70092\/revisions"}],"wp:featuredmedia":[{"embeddable":true,"href":"https:\/\/www.europesays.com\/lv\/wp-json\/wp\/v2\/media\/69597"}],"wp:attachment":[{"href":"https:\/\/www.europesays.com\/lv\/wp-json\/wp\/v2\/media?parent=70092"}],"wp:term":[{"taxonomy":"category","embeddable":true,"href":"https:\/\/www.europesays.com\/lv\/wp-json\/wp\/v2\/categories?post=70092"},{"taxonomy":"post_tag","embeddable":true,"href":"https:\/\/www.europesays.com\/lv\/wp-json\/wp\/v2\/tags?post=70092"}],"curies":[{"name":"wp","href":"https:\/\/api.w.org\/{rel}","templated":true}]}}