{"id":70121,"date":"2025-12-09T18:51:10","date_gmt":"2025-12-09T18:51:10","guid":{"rendered":"https:\/\/www.europesays.com\/lv\/70121\/"},"modified":"2025-12-09T18:51:10","modified_gmt":"2025-12-09T18:51:10","slug":"eksports-inovacijas-un-latvijas-vards-globalaja-tirgu-lente-lv","status":"publish","type":"post","link":"https:\/\/www.europesays.com\/lv\/70121\/","title":{"rendered":"eksports, inov\u0101cijas un Latvijas v\u0101rds glob\u0101laj\u0101 tirg\u016b\u00a0\u2014\u00a0Lente.lv"},"content":{"rendered":"<p>Latvijas tehnolo\u0123iju industrij\u0101 dzimst jauns sp\u0113l\u0113t\u0101js<\/p>\n<p>LMT grupa pazi\u0146ojusi par noz\u012bm\u012bgu inov\u0101ciju \u2013 s\u0101kta pasaul\u0113 maz\u0101k\u0101 mobil\u0101 datu modu\u013ca IoT Shortcut ra\u017eo\u0161ana. Tas ir unik\u0101ls, univers\u0101ls savienojam\u012bbas risin\u0101jums jebkura ra\u017eot\u0101ja IoT ier\u012bc\u0113m, un jau p\u0113c pirmajiem testiem par moduli interesi izr\u0101d\u012bju\u0161i uz\u0146\u0113mumi gan Eirop\u0101, gan ASV. \u0160is fakts ne tikai apliecina tehnolo\u0123ijas potenci\u0101lu, bet ar\u012b ievieto Latviju pasaules IoT kart\u0113 k\u0101 valsti, kas sp\u0113j rad\u012bt industri\u0101li noz\u012bm\u012bgus produktus.<\/p>\n<p>LMT k\u0101 modern\u0101s tehnolo\u0123iju ekosist\u0113mas veidot\u0101js<\/p>\n<p>LMT grupas prezidents Juris Binde uzsver, ka uz\u0146\u0113muma strat\u0113\u0123ija p\u0101rsniedz mobilo sakaru operatora robe\u017eas. T\u0101 ir ekosist\u0113ma, kur top jaunas tehnolo\u0123ijas, kur\u0101s apvienojas in\u017eenieru, anal\u012bti\u0137u un programm\u0113t\u0101ju pieredze.<\/p>\n<p>\u201cVaram lepoties, ka aiz katra Aer monitora un IoT Shortcut modu\u013ca ir Latvijas speci\u0101listu darbs,\u201d nor\u0101da J. Binde. Vi\u0146a sac\u012btais iez\u012bm\u0113 b\u016btisku paradigmas mai\u0146u \u2013 LMT vairs nav tikai pakalpojuma sniedz\u0113js, bet gan tehnolo\u0123iju rad\u012bt\u0101js, kas eksport\u0113 zin\u0101\u0161anas un risin\u0101jumus glob\u0101lajam tirgum.<\/p>\n<p>Modulis, kas maina IoT ier\u012b\u010du izstr\u0101des \u0101trumu<\/p>\n<p>IoT Shortcut pied\u0101v\u0101 nozarei b\u016btisku priek\u0161roc\u012bbu: tas iev\u0113rojami samazina laiku, kas nepiecie\u0161ams jaunu ier\u012b\u010du rad\u012b\u0161anai. Ja l\u012bdz \u0161im integr\u0113tas mobil\u0101s datu komunik\u0101cijas izstr\u0101de pras\u012bja gadus, tagad \u0161o procesu iesp\u0113jams sa\u012bsin\u0101t l\u012bdz m\u0113ne\u0161iem. Turkl\u0101t modulis ir \u012bpa\u0161i energoefekt\u012bvs \u2013 IoT ier\u012bces ar to var darboties l\u012bdz pat 10 gadiem no vienas baterijas.<\/p>\n<p><img loading=\"lazy\" decoding=\"async\" style=\"aspect-ratio:1647\/1287;\" src=\"https:\/\/i.imgur.com\/IRJZ8EX.jpeg\" width=\"1647\" height=\"1287\"\/><\/p>\n<p>LMT IoT tehnolo\u0123iju izstr\u0101des vad\u012bt\u0101js Valters Skrasti\u0146\u0161 skaidro, ka savienojam\u012bba ir viens no sare\u017e\u0123\u012bt\u0101kajiem izaicin\u0101jumiem IoT iek\u0101rtu arhitekt\u016br\u0101. \u201cM\u0113s pied\u0101v\u0101jam risin\u0101jumu, kas \u013cauj izstr\u0101d\u0101t\u0101jiem koncentr\u0113ties uz pa\u0161u ier\u012bces b\u016bt\u012bbu, bet savienojam\u012bbu uztic\u0113t m\u016bsu modulim,\u201d vi\u0146\u0161 nor\u0101da.<\/p>\n<p>Papildu dro\u0161\u012bbu nodro\u0161ina fakts, ka modu\u013ca komponentes tiek ra\u017eotas Eirop\u0101 un dati glab\u0101jas Eiropas serveros. Tas padara risin\u0101jumu \u012bpa\u0161i pievilc\u012bgu aizsardz\u012bbas, satiksmes un kosmosa industrij\u0101m.<\/p>\n<p>No me\u017eu aizsardz\u012bbas l\u012bdz ku\u0123niec\u012bbai \u2013 partneru loks papla\u0161in\u0101s<\/p>\n<p>\u0160obr\u012bd norit modu\u013ca test\u0113\u0161ana un sadarb\u012bbas p\u0101rrunas ar vair\u0101kiem Latvijas uz\u0146\u0113mumiem. To vid\u016b ir SAF Tehnika, Spruceful, kas izstr\u0101d\u0101 mizgrau\u017eu aktivit\u0101tes monitoringa ier\u012bces, un Adventum Tech, kas veido b\u016bvniec\u012bbas konstrukciju un procesu monitoringa sist\u0113mas.<\/p>\n<p>IoT Shortcut potenci\u0101ls aptver pla\u0161u nozaru kl\u0101stu \u2013 no dz\u012bvnieku vesel\u012bbas kontroles l\u012bdz lauksaimniec\u012bbai un ku\u0123niec\u012bbai. Tas noz\u012bm\u0113, ka Latvij\u0101 rad\u012btais modulis var k\u013c\u016bt par b\u016btisku sast\u0101vda\u013cu pasaules sensoru tehnolo\u0123iju tirg\u016b.<\/p>\n<p>Sadarb\u012bba ar Infineon \u2014 v\u0101rti uz glob\u0101lo tirgu<\/p>\n<p>LMT gatavojas strat\u0113\u0123iskai sadarb\u012bbai ar Eiropas liel\u0101ko \u010dipu ra\u017eot\u0101ju Infineon Technologies AG. Uz\u0146\u0113muma apgroz\u012bjums p\u0113rn sasniedza 15 miljardus eiro, t\u0101d\u0113\u013c partner\u012bba noz\u012bm\u0113 milz\u012bgu kvalit\u0101tes z\u012bmogu un eksporta iesp\u0113jas.<\/p>\n<p>IoT Shortcut tiks integr\u0113ts Infineon Edge AI risin\u0101jumos, \u013caujot ier\u012bc\u0113m datus apstr\u0101d\u0101t lok\u0101li un uz m\u0101ko\u0146iem s\u016bt\u012bt tikai b\u016btisk\u0101ko. Tas noz\u012bm\u0113 \u0101tr\u0101ku reakciju, maz\u0101ku datu apjomu un v\u0113l ilg\u0101ku baterijas laiku. \u0160\u0101da tehnolo\u0123ija var radik\u0101li main\u012bt sensoru darb\u012bbu lauksaimniec\u012bb\u0101, transport\u0101 un industri\u0101laj\u0101 dro\u0161\u012bb\u0101.<\/p>\n<p>Satel\u012btsakaru integr\u0101cija \u2014 n\u0101kamais solis kosmos\u0101<\/p>\n<p>Dr\u012bzum\u0101 paredz\u0113ta l\u012bguma parakst\u012b\u0161ana ar Eiropas Kosmosa a\u0123ent\u016bru (ESA), kas finans\u0113s satel\u012bta sakaru funkcijas integr\u0101ciju modul\u012b. Tas noz\u012bm\u0113, ka IoT Shortcut b\u016bs izmantojams ar\u012b viet\u0101s, kur mobilie t\u012bkli nav pieejami \u2014 no Arktikas l\u012bdz oke\u0101nu vidienei.<\/p>\n<p>Aer \u2014 pirmais gala produkts, kas balst\u012bts uz \u0161o moduli<\/p>\n<p>Jaun\u0101 tehnolo\u0123ija jau ir pamat\u0101 ar\u012b LMT rad\u012btajai ier\u012bcei Aer \u2014 viedajam gaisa kvalit\u0101tes sensoram, kas darbojas l\u012bdz pat 10 gadiem un neprasa Wi-Fi vai Bluetooth. Ier\u012bce monitor\u0113 CO\u2082 l\u012bmeni, gaisto\u0161os organiskos savienojumus, mitrumu, temperat\u016bru un spiedienu, bet datus p\u0101rraida caur mobilo t\u012bklu, izmantojot tie\u0161i \u0161o IoT moduli. Pirm\u0101 testa partija jau ir izgatavota.<\/p>\n","protected":false},"excerpt":{"rendered":"Latvijas tehnolo\u0123iju industrij\u0101 dzimst jauns sp\u0113l\u0113t\u0101js LMT grupa pazi\u0146ojusi par noz\u012bm\u012bgu inov\u0101ciju \u2013 s\u0101kta pasaul\u0113 maz\u0101k\u0101 mobil\u0101 datu&hellip;\n","protected":false},"author":2,"featured_media":70122,"comment_status":"","ping_status":"","sticky":false,"template":"","format":"standard","meta":{"footnotes":""},"categories":[16],"tags":[17931,77,76,17930,17929,35,39,38,36,37,34,17927,40,17928],"class_list":{"0":"post-70121","1":"post","2":"type-post","3":"status-publish","4":"format-standard","5":"has-post-thumbnail","7":"category-bizness","8":"tag-aer-gaisa-kvalitates-sensors","9":"tag-bizness","10":"tag-business","11":"tag-infineon-sadarbiba","12":"tag-iot-shortcut-tehnologija","13":"tag-latvia","14":"tag-latvian","15":"tag-latviesu","16":"tag-latviesu-valoda","17":"tag-latviesuvaloda","18":"tag-latvija","19":"tag-lmt-iot-modulis","20":"tag-lv","21":"tag-pasaule-mazakais-datu-modulis"},"share_on_mastodon":{"url":"https:\/\/pubeurope.com\/@lv\/115691119181092732","error":""},"_links":{"self":[{"href":"https:\/\/www.europesays.com\/lv\/wp-json\/wp\/v2\/posts\/70121","targetHints":{"allow":["GET"]}}],"collection":[{"href":"https:\/\/www.europesays.com\/lv\/wp-json\/wp\/v2\/posts"}],"about":[{"href":"https:\/\/www.europesays.com\/lv\/wp-json\/wp\/v2\/types\/post"}],"author":[{"embeddable":true,"href":"https:\/\/www.europesays.com\/lv\/wp-json\/wp\/v2\/users\/2"}],"replies":[{"embeddable":true,"href":"https:\/\/www.europesays.com\/lv\/wp-json\/wp\/v2\/comments?post=70121"}],"version-history":[{"count":0,"href":"https:\/\/www.europesays.com\/lv\/wp-json\/wp\/v2\/posts\/70121\/revisions"}],"wp:featuredmedia":[{"embeddable":true,"href":"https:\/\/www.europesays.com\/lv\/wp-json\/wp\/v2\/media\/70122"}],"wp:attachment":[{"href":"https:\/\/www.europesays.com\/lv\/wp-json\/wp\/v2\/media?parent=70121"}],"wp:term":[{"taxonomy":"category","embeddable":true,"href":"https:\/\/www.europesays.com\/lv\/wp-json\/wp\/v2\/categories?post=70121"},{"taxonomy":"post_tag","embeddable":true,"href":"https:\/\/www.europesays.com\/lv\/wp-json\/wp\/v2\/tags?post=70121"}],"curies":[{"name":"wp","href":"https:\/\/api.w.org\/{rel}","templated":true}]}}