{"id":70127,"date":"2025-12-09T19:02:07","date_gmt":"2025-12-09T19:02:07","guid":{"rendered":"https:\/\/www.europesays.com\/lv\/70127\/"},"modified":"2025-12-09T19:02:07","modified_gmt":"2025-12-09T19:02:07","slug":"sesks-izpelnas-wrc-nominaciju-par-gada-labako-sniegumu","status":"publish","type":"post","link":"https:\/\/www.europesays.com\/lv\/70127\/","title":{"rendered":"Sesks izpeln\u0101s WRC nomin\u0101ciju par gada lab\u0101ko sniegumu"},"content":{"rendered":"<p>Latvijas pilota ekip\u0101\u017ea aizvad\u012btaj\u0101 WRC sezon\u0101 start\u0113ja septi\u0146os posmos un kopv\u0113rt\u0113jum\u0101 ierindoj\u0101s 12. poz\u012bcij\u0101.<\/p>\n<p>Gada lab\u0101k\u0101 snieguma balvai nomin\u0113ts ar\u012b pasaules \u010dempions franc\u016bzis Sebastjans O\u017ej\u0113 par sniegumu Paragvajas rallij\u0101, soms Kalle Rovanpera par sniegumu Kan\u0101riju salu rallij\u0101, k\u0101 ar\u012b Zviedrijas pilots Olivers Sulbergs par sniegumu Igaunijas rallij\u0101.<\/p>\n<blockquote class=\"twitter-tweet\" data-width=\"550\" data-dnt=\"true\">\n<p lang=\"en\" dir=\"ltr\">Which is your performance of the year? \ud83d\udc40<\/p>\n<p>Vote now &gt;&gt; <a href=\"https:\/\/t.co\/5a7kB9IK3K\" rel=\"nofollow\">https:\/\/t.co\/5a7kB9IK3K<\/a> <a href=\"https:\/\/t.co\/bYvrJj50I8\" rel=\"nofollow\">pic.twitter.com\/bYvrJj50I8<\/a><\/p>\n<p>\u2014 FIA World Rally Championship (@OfficialWRC) <a href=\"https:\/\/twitter.com\/OfficialWRC\/status\/1998336822192087229?ref_src=twsrc%5Etfw\" rel=\"nofollow noopener\" target=\"_blank\">December 9, 2025<\/a><\/p>\n<\/blockquote>\n<p>Uzvar\u0113t\u0101js tiks pazi\u0146ots janv\u0101r\u012b.<\/p>\n<p>Skaties WRC tie\u0161raides Go3 Sport kan\u0101los un\u00a0<a href=\"https:\/\/go3.lv\/sports\" rel=\"nofollow noopener\" target=\"_blank\">Go3 telev\u012bzij\u0101<\/a>!<\/p>\n<p class=\"tv3-fw-500\">Zi\u0146o par k\u013c\u016bdu rakst\u0101<\/p>\n<p class=\"d-md-block d-none\">Iez\u012bm\u0113 k\u013c\u016bdaino tekstu un spied Ctrl+Enter.<\/p>\n<p class=\"d-md-none d-block\">Iez\u012bm\u0113 k\u013c\u016bdaino tekstu un zi\u0146o par to!<\/p>\n<p>                <script async src=\"https:\/\/platform.twitter.com\/widgets.js\" charset=\"utf-8\"><\/script><\/p>\n","protected":false},"excerpt":{"rendered":"Latvijas pilota ekip\u0101\u017ea aizvad\u012btaj\u0101 WRC sezon\u0101 start\u0113ja septi\u0146os posmos un kopv\u0113rt\u0113jum\u0101 ierindoj\u0101s 12. poz\u012bcij\u0101. Gada lab\u0101k\u0101 snieguma balvai&hellip;\n","protected":false},"author":2,"featured_media":70128,"comment_status":"","ping_status":"","sticky":false,"template":"","format":"standard","meta":{"footnotes":""},"categories":[17],"tags":[35,39,38,36,37,34,40,17933,67],"class_list":{"0":"post-70127","1":"post","2":"type-post","3":"status-publish","4":"format-standard","5":"has-post-thumbnail","7":"category-sports","8":"tag-latvia","9":"tag-latvian","10":"tag-latviesu","11":"tag-latviesu-valoda","12":"tag-latviesuvaloda","13":"tag-latvija","14":"tag-lv","15":"tag-martins-seskspasaules-rallija-cempionatswrc","16":"tag-sports"},"share_on_mastodon":{"url":"https:\/\/pubeurope.com\/@lv\/115691162497902746","error":""},"_links":{"self":[{"href":"https:\/\/www.europesays.com\/lv\/wp-json\/wp\/v2\/posts\/70127","targetHints":{"allow":["GET"]}}],"collection":[{"href":"https:\/\/www.europesays.com\/lv\/wp-json\/wp\/v2\/posts"}],"about":[{"href":"https:\/\/www.europesays.com\/lv\/wp-json\/wp\/v2\/types\/post"}],"author":[{"embeddable":true,"href":"https:\/\/www.europesays.com\/lv\/wp-json\/wp\/v2\/users\/2"}],"replies":[{"embeddable":true,"href":"https:\/\/www.europesays.com\/lv\/wp-json\/wp\/v2\/comments?post=70127"}],"version-history":[{"count":0,"href":"https:\/\/www.europesays.com\/lv\/wp-json\/wp\/v2\/posts\/70127\/revisions"}],"wp:featuredmedia":[{"embeddable":true,"href":"https:\/\/www.europesays.com\/lv\/wp-json\/wp\/v2\/media\/70128"}],"wp:attachment":[{"href":"https:\/\/www.europesays.com\/lv\/wp-json\/wp\/v2\/media?parent=70127"}],"wp:term":[{"taxonomy":"category","embeddable":true,"href":"https:\/\/www.europesays.com\/lv\/wp-json\/wp\/v2\/categories?post=70127"},{"taxonomy":"post_tag","embeddable":true,"href":"https:\/\/www.europesays.com\/lv\/wp-json\/wp\/v2\/tags?post=70127"}],"curies":[{"name":"wp","href":"https:\/\/api.w.org\/{rel}","templated":true}]}}