{"id":70142,"date":"2025-12-09T19:18:08","date_gmt":"2025-12-09T19:18:08","guid":{"rendered":"https:\/\/www.europesays.com\/lv\/70142\/"},"modified":"2025-12-09T19:18:08","modified_gmt":"2025-12-09T19:18:08","slug":"iespejams-bernu-slimnicas-medika-vainas-del-dzivibu-zaudejis-berns-raksts","status":"publish","type":"post","link":"https:\/\/www.europesays.com\/lv\/70142\/","title":{"rendered":"Iesp\u0113jams, B\u0113rnu slimn\u012bcas medi\u0137a vainas d\u0113\u013c dz\u012bv\u012bbu zaud\u0113jis b\u0113rns \/ Raksts"},"content":{"rendered":"<p>B\u0113rnu kl\u012bniskaj\u0101 universit\u0101tes slimn\u012bc\u0101 (BKUS), iesp\u0113jams, \u0101rstniec\u012bbas personas vainas d\u0113\u013c dz\u012bv\u012bbu zaud\u0113jis b\u0113rns. Notiku\u0161\u0101 apst\u0101k\u013cus iest\u0101de neatkl\u0101ja, ta\u010du apstiprin\u0101ja, ka bijis augsta riska pacientu dro\u0161\u012bbas gad\u012bjums, kas izrais\u012bjis n\u0101vi.\u00a0Slimn\u012bca ir s\u0101kusi iek\u0161\u0113jo p\u0101rbaudi, savuk\u0101rt policija \u2013 krimin\u0101lprocesu par noziedz\u012bgiem nodar\u012bjumiem pret personas vesel\u012bbu.\u00a0<\/p>\n<p>K\u0101 zin\u0101ms Latvijas Telev\u012bzijai, 26. novembr\u012b k\u0101ds onkolo\u0123ijas pacients, kur\u0161 \u0101rst\u0113j\u0101s BKUS, sa\u0146\u0113ma nepareizus medikamentus. \u0160\u012b k\u013c\u016bda bija likten\u012bga \u2013 b\u0113rns nomira. B\u0113rnu slimn\u012bcas valdes locekle\u00a0Zane Straume atzina:\u00a0&#8220;Varu apstiprin\u0101t, ka 26. novembr\u012b ir noticis augsta riska pacientu dro\u0161\u012bbas gad\u012bjums.&#8221;\u00a0<\/p>\n<p>Slimn\u012bca neatkl\u0101ja notiku\u0161\u0101 apst\u0101k\u013cus, ne ar\u012b to, vai konkr\u0113t\u0101 \u0101rstniec\u012bbas persona v\u0113l turpina darbu.\u00a0<\/p>\n<p>&#8220;M\u0113s izskat\u0101m iek\u0161\u0113ji pacienta dro\u0161\u012bbas sist\u0113mas ietvar\u0101 \u0161o gad\u012bjumu. M\u0113s sadarbosimies gan ar Vesel\u012bbas inspekciju, gan ar Valsts policiju, k\u0101 rezult\u0101t\u0101 m\u0113s nevaram \u0161obr\u012bd izpaust datus un faktus par \u0161o un m\u016bs ierobe\u017eo ar\u012b Pacientu ties\u012bbu likums, Datu apstr\u0101des un fizisko personu datu regula, kas pasarg\u0101 gan pacientu, gan ar\u012b darbiniekus,&#8221; teica\u00a0Straume.\u00a0<\/p>\n<p style=\"margin-left:40px\">Latvijas Telev\u012bzija:\u00a0Un, ja pacients ir nomiris?<\/p>\n<p style=\"margin-left:40px\">Zane Straume: Tie\u0161i t\u0101pat.<\/p>\n<blockquote>\n<p>B\u0113rnu slimn\u012bca ir s\u0101kusi iek\u0161\u0113jo izmekl\u0113\u0161anu, kas, k\u0101 skaidroja\u00a0valdes locekle, neb\u016bs \u0101tra. Iest\u0101de izv\u0113rt\u0113s, kas b\u016btu j\u0101maina, lai nov\u0113rstu potenci\u0101los riskus.\u00a0<\/p>\n<\/blockquote>\n<p>Divas dienas v\u0113l\u0101k, 28. novembr\u012b, B\u0113rnu slimn\u012bca par notiku\u0161o pazi\u0146oja Vesel\u012bbas inspekcijai, kas nav s\u0101kusi p\u0101rbaudi.\u00a0<\/p>\n<p>&#8220;\u0160obr\u012bd par \u0161o situ\u0101ciju mums pla\u0161\u0101kas inform\u0101cijas nav. B\u0113rnu kl\u012bnisk\u0101 universit\u0101tes slimn\u012bca ir m\u016bs vienk\u0101r\u0161i inform\u0113jusi par to, ka \u0161\u0101ds negad\u012bjums noticis, un vi\u0146i uzs\u0101ku\u0161i savu iek\u0161\u0113jo p\u0101rbaudi par apst\u0101k\u013ciem,&#8221; pauda\u00a0Vesel\u012bbas inspekcijas p\u0101rst\u0101vis\u00a0Gints Georgs Mura\u0161evs.\u00a0<\/p>\n<p>Jaut\u0101ts, kur\u0101 br\u012bd\u012b iesaist\u012bsies Vesel\u012bbas inspekcija, t\u0101s p\u0101rst\u0101vis sac\u012bja: &#8220;Vesel\u012bbas inspekcijas iesaiste s\u0101ksies taj\u0101 br\u012bd\u012b, ja vec\u0101ki v\u0113rs\u012bsies Vesel\u012bbas inspekcij\u0101 ar iesniegumu. Atsevi\u0161\u0137i m\u0113s esam ar\u012b inform\u0113ju\u0161i BKUS par nepiecie\u0161am\u012bbu inform\u0113t b\u0113rna likumiskos p\u0101rst\u0101vjus par vi\u0146u ties\u012bb\u0101m, k\u0101das ir \u0161\u0101d\u0101s situ\u0101cij\u0101s, gan par Pacienta ties\u012bbu likum\u0101 iek\u013cautaj\u0101m ties\u012bb\u0101m, gan ar\u012b, protams, par vi\u0146u ties\u012bb\u0101m v\u0113rsties \u0100rstniec\u012bbas riska fond\u0101, kad ar\u012b Vesel\u012bbas inspekcija s\u0101ks atsevi\u0161\u0137u izv\u0113rt\u0113jumu par to, k\u0101dos apst\u0101k\u013cos \u0161is viss ir noticis.&#8221;\u00a0<\/p>\n<p>B\u0113rnu slimn\u012bca par notiku\u0161o zi\u0146oja ar\u012b Valsts policijai, kas pirms da\u017e\u0101m dien\u0101m s\u0101ka krimin\u0101lprocesu.\u00a0<\/p>\n<p>&#8220;Saist\u012bb\u0101 ar notiku\u0161o Valsts policij\u0101 ir sa\u0146emts iesniegums no B\u0113rnu kl\u012bnisk\u0101s universit\u0101tes slimn\u012bcas un, balstoties uz iesniegum\u0101 nor\u0101d\u012bto, \u0161\u0101 gada 5. decembr\u012b Valsts policij\u0101 ir s\u0101kts krimin\u0101lprocess p\u0113c Krimin\u0101llikuma 13. noda\u013cas, proti, par noziedz\u012bgiem nodar\u012bjumiem pret personas vesel\u012bbu. \u0160obr\u012bd turpin\u0101s izmekl\u0113\u0161ana un tiek skaidroti notiku\u0161\u0101 apst\u0101k\u013ci,&#8221; atzina Valsts policijas p\u0101rst\u0101ve\u00a0Gita G\u017eibovska.\u00a0<\/p>\n<blockquote>\n<p>&#8220;M\u0113s apzin\u0101mies, ka \u0123imenei tas ir neizm\u0113rojami tra\u0123isks notikums. Vienlaic\u012bgi tas ir tikpat tra\u0123isks notikums ar\u012b mums k\u0101 organiz\u0101cijai un ikvienam \u0161aj\u0101 slimn\u012bc\u0101 str\u0101d\u0101jo\u0161ajam.\u00a0<\/p>\n<\/blockquote>\n<p>To es varu teikt pavisam nopietni, un es sav\u0101 v\u0101rd\u0101 un ar\u012b visas B\u0113rnu slimn\u012bcas v\u0101rd\u0101 izsaku visdzi\u013c\u0101ko l\u012bdzj\u016bt\u012bbu \u0123imenei, pieder\u012bgajiem,&#8221; piebilda\u00a0Straume.\u00a0<\/p>\n<p>Slimn\u012bca pacienta tuviniekiem ir pied\u0101v\u0101jusi psiholo\u0123isku atbalstu, ta\u010du vi\u0146i \u0161o pal\u012bdz\u012bbu nav pie\u0146\u0113mu\u0161i.<\/p>\n<p>                    Valodas k\u013c\u016bda rakst\u0101?<\/p>\n<p class=\"d-none d-md-block\">Iez\u012bm\u0113jiet tekstu un spiediet Ctrl+Enter, lai nos\u016bt\u012btu labojamo teksta fragmentu redaktoram! Par faktu k\u013c\u016bd\u0101m l\u016bdzam zi\u0146ot e-past\u0101 <a href=\"https:\/\/www.lsm.lv\/cdn-cgi\/l\/email-protection\" class=\"__cf_email__\" data-cfemail=\"b2c0d7d6d3d9d1dbd8d3f2dec1df9cdec4\" rel=\"nofollow noopener\" target=\"_blank\">[email\u00a0protected]<\/a>.<\/p>\n<p class=\"d-md-none\">Iez\u012bm\u0113jiet tekstu un spiediet uz Zi\u0146ot par k\u013c\u016bdu pogas, lai nos\u016bt\u012btu labojamo teksta fragmentu redaktoram!<\/p>\n<p>\n                    Zi\u0146ot par k\u013c\u016bdu\n                <\/p>\n","protected":false},"excerpt":{"rendered":"B\u0113rnu kl\u012bniskaj\u0101 universit\u0101tes slimn\u012bc\u0101 (BKUS), iesp\u0113jams, \u0101rstniec\u012bbas personas vainas d\u0113\u013c dz\u012bv\u012bbu zaud\u0113jis b\u0113rns. Notiku\u0161\u0101 apst\u0101k\u013cus iest\u0101de neatkl\u0101ja, ta\u010du&hellip;\n","protected":false},"author":2,"featured_media":70143,"comment_status":"","ping_status":"","sticky":false,"template":"","format":"standard","meta":{"footnotes":""},"categories":[5],"tags":[23,28,29,32,33,22,30,31,35,39,38,36,37,34,40,20,26,27,24,25,21],"class_list":{"0":"post-70142","1":"post","2":"type-post","3":"status-publish","4":"format-standard","5":"has-post-thumbnail","7":"category-aktualitates","8":"tag-aktualitates","9":"tag-breaking-news","10":"tag-breakingnews","11":"tag-featured-news","12":"tag-featurednews","13":"tag-headlines","14":"tag-latest-news","15":"tag-latestnews","16":"tag-latvia","17":"tag-latvian","18":"tag-latviesu","19":"tag-latviesu-valoda","20":"tag-latviesuvaloda","21":"tag-latvija","22":"tag-lv","23":"tag-news","24":"tag-popularakas-zinas","25":"tag-popularakaszinas","26":"tag-top-stories","27":"tag-topstories","28":"tag-zinas"},"share_on_mastodon":{"url":"https:\/\/pubeurope.com\/@lv\/115691225381800111","error":""},"_links":{"self":[{"href":"https:\/\/www.europesays.com\/lv\/wp-json\/wp\/v2\/posts\/70142","targetHints":{"allow":["GET"]}}],"collection":[{"href":"https:\/\/www.europesays.com\/lv\/wp-json\/wp\/v2\/posts"}],"about":[{"href":"https:\/\/www.europesays.com\/lv\/wp-json\/wp\/v2\/types\/post"}],"author":[{"embeddable":true,"href":"https:\/\/www.europesays.com\/lv\/wp-json\/wp\/v2\/users\/2"}],"replies":[{"embeddable":true,"href":"https:\/\/www.europesays.com\/lv\/wp-json\/wp\/v2\/comments?post=70142"}],"version-history":[{"count":0,"href":"https:\/\/www.europesays.com\/lv\/wp-json\/wp\/v2\/posts\/70142\/revisions"}],"wp:featuredmedia":[{"embeddable":true,"href":"https:\/\/www.europesays.com\/lv\/wp-json\/wp\/v2\/media\/70143"}],"wp:attachment":[{"href":"https:\/\/www.europesays.com\/lv\/wp-json\/wp\/v2\/media?parent=70142"}],"wp:term":[{"taxonomy":"category","embeddable":true,"href":"https:\/\/www.europesays.com\/lv\/wp-json\/wp\/v2\/categories?post=70142"},{"taxonomy":"post_tag","embeddable":true,"href":"https:\/\/www.europesays.com\/lv\/wp-json\/wp\/v2\/tags?post=70142"}],"curies":[{"name":"wp","href":"https:\/\/api.w.org\/{rel}","templated":true}]}}