{"id":70148,"date":"2025-12-09T19:22:15","date_gmt":"2025-12-09T19:22:15","guid":{"rendered":"https:\/\/www.europesays.com\/lv\/70148\/"},"modified":"2025-12-09T19:22:15","modified_gmt":"2025-12-09T19:22:15","slug":"mercs-kritize-jauno-asv-nacionalas-drosibas-strategiju","status":"publish","type":"post","link":"https:\/\/www.europesays.com\/lv\/70148\/","title":{"rendered":"Mercs kritiz\u0113 jauno ASV nacion\u0101l\u0101s dro\u0161\u012bbas strat\u0113\u0123iju"},"content":{"rendered":"<p>&#8220;Es neredzu nek\u0101du iemeslu, k\u0101p\u0113c amerik\u0101\u0146i tagad v\u0113las gl\u0101bt demokr\u0101tiju Eirop\u0101,&#8221; nor\u0101d\u012bja Mercs.<\/p>\n<p>Jaunaj\u0101 <a href=\"https:\/\/www.tvnet.lv\/term\/555410\/asv\" class=\"topicLink\" target=\"_blank\" rel=\"nofollow noopener\">ASV<\/a> nacion\u0101l\u0101s dro\u0161\u012bbas strat\u0113\u0123ij\u0101 pausta asa kritika par Eiropas migr\u0101cijas un v\u0101rda br\u012bv\u012bbas politiku un izteiktas \u0161aubas par to, vai Eiropas valstis ilgtermi\u0146\u0101 b\u016bs uzticamas k\u0101 ASV partneres.<\/p>\n<p>Strat\u0113\u0123ij\u0101 teikts, ka ekonomisko stagn\u0101ciju Eirop\u0101 &#8220;aiz\u0113no re\u0101la un daudz skarb\u0101ka civiliz\u0101cijas izdz\u0113\u0161anas perspekt\u012bva&#8221;. ASV uzskata, ka Eiropu nov\u0101jina t\u0101s imigr\u0101cijas politika, dzimst\u012bbas samazin\u0101\u0161an\u0101s, &#8220;v\u0101rda br\u012bv\u012bbas cenz\u016bra un politisk\u0101s opoz\u012bcijas apspie\u0161ana&#8221;, k\u0101 ar\u012b &#8220;nacion\u0101l\u0101s identit\u0101tes un pa\u0161apzi\u0146as zudums&#8221;.<\/p>\n<blockquote class=\"quote ck-widget\" contenteditable=\"false\">\n<p>Dokument\u0101 teikts, ka Savienot\u0101s Valstis main\u012bs savu v\u0113sturisko glob\u0101lo lomu, p\u0101rorient\u0113joties uz arvien liel\u0101ku dominanci Lat\u012b\u0146amerik\u0101 un c\u012b\u0146u pret migr\u0101ciju.<\/p>\n<\/blockquote>\n<p>Mercs sac\u012bja, ka vi\u0146u nep\u0101rsteidz \u0161\u012b dokumenta saturs, piebilstot, ka da\u013ca no t\u0101 ir saprotama. Dokuments &#8220;apstiprina manu v\u0113rt\u0113jumu, ka mums Eirop\u0101 un l\u012bdz ar to ar\u012b V\u0101cij\u0101 dro\u0161\u012bbas politikas jom\u0101 j\u0101k\u013c\u016bst daudz neatkar\u012bg\u0101kiem no ASV&#8221;, nor\u0101d\u012bja kanclers. Tom\u0113r vi\u0146\u0161 ar\u012b mudin\u0101ja ASV turpin\u0101t konstrukt\u012bvi sadarboties ar Eiropu.<\/p>\n<p>&#8220;Sarun\u0101s ar amerik\u0101\u0146iem es saku, ka [politika] &#8220;Amerika pirmaj\u0101 viet\u0101&#8221; ir laba, bet j\u016bsu intereses nevar b\u016bt tikai Amerika vien. Jums ir vajadz\u012bgi ar\u012b partneri pasaul\u0113, un viens no \u0161iem partneriem var b\u016bt Eiropa,&#8221; uzsv\u0113ra Mercs.<\/p>\n","protected":false},"excerpt":{"rendered":"&#8220;Es neredzu nek\u0101du iemeslu, k\u0101p\u0113c amerik\u0101\u0146i tagad v\u0113las gl\u0101bt demokr\u0101tiju Eirop\u0101,&#8221; nor\u0101d\u012bja Mercs. Jaunaj\u0101 ASV nacion\u0101l\u0101s dro\u0161\u012bbas strat\u0113\u0123ij\u0101&hellip;\n","protected":false},"author":2,"featured_media":70149,"comment_status":"","ping_status":"","sticky":false,"template":"","format":"standard","meta":{"footnotes":""},"categories":[14],"tags":[23,57,292,28,29,32,33,5154,22,30,31,35,39,38,36,37,34,40,20,26,27,24,25,54,55,56,21,58],"class_list":{"0":"post-70148","1":"post","2":"type-post","3":"status-publish","4":"format-standard","5":"has-post-thumbnail","7":"category-zinas-no-arvalstim","8":"tag-aktualitates","9":"tag-arvalstim","10":"tag-asv","11":"tag-breaking-news","12":"tag-breakingnews","13":"tag-featured-news","14":"tag-featurednews","15":"tag-fridrihs-mercs","16":"tag-headlines","17":"tag-latest-news","18":"tag-latestnews","19":"tag-latvia","20":"tag-latvian","21":"tag-latviesu","22":"tag-latviesu-valoda","23":"tag-latviesuvaloda","24":"tag-latvija","25":"tag-lv","26":"tag-news","27":"tag-popularakas-zinas","28":"tag-popularakaszinas","29":"tag-top-stories","30":"tag-topstories","31":"tag-world","32":"tag-world-news","33":"tag-worldnews","34":"tag-zinas","35":"tag-zinas-no-arvalstim"},"share_on_mastodon":{"url":"https:\/\/pubeurope.com\/@lv\/115691240994345912","error":""},"_links":{"self":[{"href":"https:\/\/www.europesays.com\/lv\/wp-json\/wp\/v2\/posts\/70148","targetHints":{"allow":["GET"]}}],"collection":[{"href":"https:\/\/www.europesays.com\/lv\/wp-json\/wp\/v2\/posts"}],"about":[{"href":"https:\/\/www.europesays.com\/lv\/wp-json\/wp\/v2\/types\/post"}],"author":[{"embeddable":true,"href":"https:\/\/www.europesays.com\/lv\/wp-json\/wp\/v2\/users\/2"}],"replies":[{"embeddable":true,"href":"https:\/\/www.europesays.com\/lv\/wp-json\/wp\/v2\/comments?post=70148"}],"version-history":[{"count":0,"href":"https:\/\/www.europesays.com\/lv\/wp-json\/wp\/v2\/posts\/70148\/revisions"}],"wp:featuredmedia":[{"embeddable":true,"href":"https:\/\/www.europesays.com\/lv\/wp-json\/wp\/v2\/media\/70149"}],"wp:attachment":[{"href":"https:\/\/www.europesays.com\/lv\/wp-json\/wp\/v2\/media?parent=70148"}],"wp:term":[{"taxonomy":"category","embeddable":true,"href":"https:\/\/www.europesays.com\/lv\/wp-json\/wp\/v2\/categories?post=70148"},{"taxonomy":"post_tag","embeddable":true,"href":"https:\/\/www.europesays.com\/lv\/wp-json\/wp\/v2\/tags?post=70148"}],"curies":[{"name":"wp","href":"https:\/\/api.w.org\/{rel}","templated":true}]}}