{"id":70156,"date":"2025-12-09T19:30:10","date_gmt":"2025-12-09T19:30:10","guid":{"rendered":"https:\/\/www.europesays.com\/lv\/70156\/"},"modified":"2025-12-09T19:30:10","modified_gmt":"2025-12-09T19:30:10","slug":"kas-ir-sis-piecas-izredzetas-es-lauj-sim-valstim-neuznemt-treso-valstu-imigrantus-orbans-sola-sacelsanos","status":"publish","type":"post","link":"https:\/\/www.europesays.com\/lv\/70156\/","title":{"rendered":"Kas ir \u0161\u012bs piecas izredz\u0113t\u0101s? ES \u013cauj \u0161\u012bm valst\u012bm neuz\u0146emt tre\u0161o valstu imigrantus; Orb\u0101ns sola \u201csacel\u0161anos\u201d"},"content":{"rendered":"<p>    <img decoding=\"async\" src=\"https:\/\/lastatic.ams3.cdn.digitaloceanspaces.com\/2023\/10\/41fp080925b188-1024x767.jpg\" alt=\"&#10;Neleg\u0101lie imigranti ierodas Eirop\u0101 pa Vidusj\u016bru&#10;\"\/><\/p>\n<p>Neleg\u0101lie imigranti ierodas Eirop\u0101 pa Vidusj\u016bru<\/p>\n<p>\nAFP PHOTO \/ MARINE NATIONALE\n<\/p>\n<p>Eiropas Savien\u012bba uz laiku atbr\u012bvojusi piecas dal\u012bbvalstis no pien\u0101kuma uz\u0146emt migrantus. No t\u0101 saukt\u0101 \u201csolidarit\u0101tes p\u016bla\u201d atbr\u012bvotas Polija, Austrija, Horv\u0101tija, \u010cehija un Igaunija. L\u0113mumu par atbr\u012bvo\u0161anu no \u201csolidarit\u0101tes p\u016bla\u201d apstiprin\u0101ja ES iek\u0161lietu ministri san\u0101ksm\u0113 Brisel\u0113 pirmdien, 8. decembr\u012b. Par to zi\u0146oja Polijas Radio.<\/p>\n<p>        Las\u012bt\u0101kie<br \/>\n        <a data-imagesrc=\"{&quot;300&quot;:&quot;https:\\\/\\\/lastatic.ams3.cdn.digitaloceanspaces.com\\\/2023\\\/04\\\/kafija_saruna-300x197.jpg&quot;,&quot;1024&quot;:&quot;https:\\\/\\\/lastatic.ams3.cdn.digitaloceanspaces.com\\\/2023\\\/04\\\/kafija_saruna-1024x673.jpg&quot;,&quot;768&quot;:&quot;https:\\\/\\\/lastatic.ams3.cdn.digitaloceanspaces.com\\\/2023\\\/04\\\/kafija_saruna-768x505.jpg&quot;,&quot;200&quot;:&quot;https:\\\/\\\/lastatic.ams3.cdn.digitaloceanspaces.com\\\/2023\\\/04\\\/kafija_saruna-200x132.jpg&quot;,&quot;400&quot;:&quot;https:\\\/\\\/lastatic.ams3.cdn.digitaloceanspaces.com\\\/2023\\\/04\\\/kafija_saruna-400x263.jpg&quot;,&quot;500&quot;:&quot;https:\\\/\\\/lastatic.ams3.cdn.digitaloceanspaces.com\\\/2023\\\/04\\\/kafija_saruna-500x329.jpg&quot;,&quot;800&quot;:&quot;https:\\\/\\\/lastatic.ams3.cdn.digitaloceanspaces.com\\\/2023\\\/04\\\/kafija_saruna-800x526.jpg&quot;,&quot;1000&quot;:&quot;https:\\\/\\\/lastatic.ams3.cdn.digitaloceanspaces.com\\\/2023\\\/04\\\/kafija_saruna-1000x658.jpg&quot;,&quot;1408&quot;:&quot;https:\\\/\\\/lastatic.ams3.cdn.digitaloceanspaces.com\\\/2023\\\/04\\\/kafija_saruna.jpg&quot;}\" data-focuspoint=\"&quot;&quot;\" data-p=\"2477580\" href=\"https:\/\/www.la.lv\/ko-nedrikst-lietot-kopa-ar-kafiju-petnieki-izcel-piecus-bistamus-partikas-produktus\" class=\"content-item lazy-load\" wp_automatic_readability=\"26\" rel=\"nofollow noopener\" target=\"_blank\"><\/p>\n<p>                                <img decoding=\"async\" src=\"\" alt=\"\" style=\"\" data-imageid=\"\"\/><\/p>\n<p>                                Veselam<\/p>\n<p>\n                                                Ko nedr\u012bkst lietot kop\u0101 ar kafiju: p\u0113tnieki izce\u013c piecus b\u012bstamus p\u0101rtikas produktus\n                            <\/p>\n<p><\/a><a data-imagesrc=\"{&quot;300&quot;:&quot;https:\\\/\\\/lastatic.ams3.cdn.digitaloceanspaces.com\\\/2025\\\/12\\\/Noformejums-bez-nosaukuma-1-300x188.jpg&quot;,&quot;1024&quot;:&quot;https:\\\/\\\/lastatic.ams3.cdn.digitaloceanspaces.com\\\/2025\\\/12\\\/Noformejums-bez-nosaukuma-1-1024x640.jpg&quot;,&quot;1536&quot;:&quot;https:\\\/\\\/lastatic.ams3.cdn.digitaloceanspaces.com\\\/2025\\\/12\\\/Noformejums-bez-nosaukuma-1-1536x960.jpg&quot;,&quot;500&quot;:&quot;https:\\\/\\\/lastatic.ams3.cdn.digitaloceanspaces.com\\\/2025\\\/12\\\/Noformejums-bez-nosaukuma-1-500x313.jpg&quot;,&quot;800&quot;:&quot;https:\\\/\\\/lastatic.ams3.cdn.digitaloceanspaces.com\\\/2025\\\/12\\\/Noformejums-bez-nosaukuma-1-800x500.jpg&quot;,&quot;1600&quot;:&quot;https:\\\/\\\/lastatic.ams3.cdn.digitaloceanspaces.com\\\/2025\\\/12\\\/Noformejums-bez-nosaukuma-1.jpg&quot;}\" data-focuspoint=\"&quot;&quot;\" data-p=\"2477926\" href=\"https:\/\/www.la.lv\/tragisks-notikums-bernu-slimnica-riga-visticamak-mediku-kludas-del-miris-berns\" class=\"content-item lazy-load\" wp_automatic_readability=\"26.5\" rel=\"nofollow noopener\" target=\"_blank\"><\/p>\n<p>                                <img decoding=\"async\" src=\"\" alt=\"\" style=\"\" data-imageid=\"\"\/><\/p>\n<p>                                RAKSTA REDAKTORS<\/p>\n<p>\n                                                Tra\u0123isks notikums b\u0113rnu slimn\u012bc\u0101 R\u012bg\u0101 \u2013 iesp\u0113jams, medi\u0137u k\u013c\u016bdas d\u0113\u013c miris b\u0113rns\n                            <\/p>\n<p><\/a><a data-imagesrc=\"{&quot;300&quot;:&quot;https:\\\/\\\/lastatic.ams3.cdn.digitaloceanspaces.com\\\/2025\\\/12\\\/png-2-300x200.png&quot;,&quot;1024&quot;:&quot;https:\\\/\\\/lastatic.ams3.cdn.digitaloceanspaces.com\\\/2025\\\/12\\\/png-2-1024x683.png&quot;,&quot;1536&quot;:&quot;https:\\\/\\\/lastatic.ams3.cdn.digitaloceanspaces.com\\\/2025\\\/12\\\/png-2-1536x1024.png&quot;,&quot;500&quot;:&quot;https:\\\/\\\/lastatic.ams3.cdn.digitaloceanspaces.com\\\/2025\\\/12\\\/png-2-500x333.png&quot;,&quot;800&quot;:&quot;https:\\\/\\\/lastatic.ams3.cdn.digitaloceanspaces.com\\\/2025\\\/12\\\/png-2-800x533.png&quot;,&quot;1800&quot;:&quot;https:\\\/\\\/lastatic.ams3.cdn.digitaloceanspaces.com\\\/2025\\\/12\\\/png-2.png&quot;}\" data-focuspoint=\"&quot;&quot;\" data-p=\"2477605\" href=\"https:\/\/www.la.lv\/mele-nestaveja-aiz-zobiem-skolotajs-atklaj-jauniesu-stastito-par-300-eiro-verto-dalibu-protesta\" class=\"content-item lazy-load\" wp_automatic_readability=\"26.5\" rel=\"nofollow noopener\" target=\"_blank\"><\/p>\n<p>                                <img decoding=\"async\" src=\"\" alt=\"\" style=\"\" data-imageid=\"\"\/><\/p>\n<p>\n                                                \u201cM\u0113le nest\u0101v\u0113ja aiz zobiem.\u201d Skolot\u0101js atkl\u0101j jaunie\u0161u st\u0101st\u012bto par 300 eiro v\u0113rto dal\u012bbu protest\u0101\n                            <\/p>\n<p><\/a><br \/>\n        <a class=\"read-more\" href=\"https:\/\/www.la.lv\/top\" rel=\"nofollow noopener\" target=\"_blank\">Las\u012bt citas zi\u0146as<\/a><\/p>\n<p>K\u0101 v\u0113sta <a href=\"https:\/\/www.obozrevatel.com\/novosti-mir\/evrosoyuz-razreshil-pyati-stranam-vremenno-ne-prinimat-migrantov-orban-obyavil-nachalo-vosstaniya.htm#goog_rewarded\" rel=\"nofollow noopener\" target=\"_blank\">oboz.ua<\/a>, Ung\u0101rijas premjers Viktors Orb\u0101ns, to uzzinot, bija nikns, ka vi\u0146a valsts \u0161aj\u0101 sarakst\u0101 neiek\u013cuva, un pasludin\u0101jis \u201csacel\u0161an\u0101s s\u0101kumu\u201d.<\/p>\n<p>Kas ir \u201csolidarit\u0101tes p\u016bls\u201d?<\/p>\n<p>2024. gad\u0101 Eiropas Savien\u012bba pie\u0146\u0113ma Migr\u0101cijas un patv\u0113ruma paktu. T\u0101 galvenais elements ir solidarit\u0101tes sist\u0113ma, kas paredz migr\u0101cijas spiediena p\u0101rdali starp ES valst\u012bm. Saska\u0146\u0101 ar \u0161o dokumentu dal\u012bbvalst\u012bm vai nu j\u0101uz\u0146em b\u0113g\u013ci no t\u0101m valst\u012bm, kuras atrodas zem migr\u0101cijas spiediena, vai j\u0101samaks\u0101 20 000 eiro par katru cilv\u0113ku, kuru t\u0101s neuz\u0146em. Pakts st\u0101sies sp\u0113k\u0101 2026. gada vid\u016b. <\/p>\n<p>    CITI \u0160OBR\u012aD LASA<\/p>\n<p>Polija, Austrija, Horv\u0101tija, \u010cehija un Igaunija iesniedza l\u016bgumu uz laiku atbr\u012bvot t\u0101s no \u201csolidarit\u0101tes p\u016bla\u201d, minot da\u017e\u0101dus iemeslus. Polijas gad\u012bjum\u0101 ES iek\u0161lietu ministri, kas san\u0101ca Brisel\u0113, atsauc\u0101s uz Var\u0161avas lielajiem izdevumiem austrumu robe\u017eas ar Baltkrieviju aizsardz\u012bbai, k\u0101 ar\u012b uz to, ka valsts uz\u0146\u0113musi lielu skaitu b\u0113g\u013cu no Ukrainas.<\/p>\n<p>Ung\u0101rija no pa\u0161a s\u0101kuma iebilda pret \u0161\u012b dokumenta pie\u0146em\u0161anu. Tagad skandalozais valsts premjerministrs Viktors Orb\u0101ns pazi\u0146oja, ka vi\u0146a vald\u012bba nepild\u012bs ES Migr\u0101cijas paktu un nepl\u0101no uz\u0146emt p\u0101rvietotos cilv\u0113kus p\u0113c relok\u0101cijas sh\u0113m\u0101m. Vi\u0146\u0161 savu pazi\u0146ojumu nosauca par \u201csacel\u0161an\u0101s s\u0101kumu\u201d.<\/p>\n<p>\u201cAr \u0161o l\u0113mumu Brisele m\u0113\u0123ina piespiest Ung\u0101riju vai nu maks\u0101t v\u0113l vair\u0101k, vai tom\u0113r uz\u0146emt migrantus. Tas ir nepie\u0146emami. Ung\u0101rija jau t\u0113r\u0113 pietiekami daudz, lai aizsarg\u0101tu Savien\u012bbas \u0101r\u0113jo robe\u017eu. M\u0113s neuz\u0146emsim nevienu migrantu un nemaks\u0101sim par citu migrantiem. Ung\u0101rija ne\u012bstenos Migr\u0101cijas pakta pas\u0101kumus. S\u0101kas sacel\u0161an\u0101s!\u201d \u2013 Orb\u0101ns t\u0101 pazi\u0146oja soci\u0101lajos t\u012bklos.<\/p>\n<p>T\u0113mas<\/p>\n<p>    SAIST\u012aTIE RAKSTI<\/p>\n","protected":false},"excerpt":{"rendered":"Neleg\u0101lie imigranti ierodas Eirop\u0101 pa Vidusj\u016bru AFP PHOTO \/ MARINE NATIONALE Eiropas Savien\u012bba uz laiku atbr\u012bvojusi piecas dal\u012bbvalstis&hellip;\n","protected":false},"author":2,"featured_media":70157,"comment_status":"","ping_status":"","sticky":false,"template":"","format":"standard","meta":{"footnotes":""},"categories":[5],"tags":[23,28,29,32,33,22,30,31,35,39,38,36,37,34,40,20,26,27,24,25,21],"class_list":{"0":"post-70156","1":"post","2":"type-post","3":"status-publish","4":"format-standard","5":"has-post-thumbnail","7":"category-aktualitates","8":"tag-aktualitates","9":"tag-breaking-news","10":"tag-breakingnews","11":"tag-featured-news","12":"tag-featurednews","13":"tag-headlines","14":"tag-latest-news","15":"tag-latestnews","16":"tag-latvia","17":"tag-latvian","18":"tag-latviesu","19":"tag-latviesu-valoda","20":"tag-latviesuvaloda","21":"tag-latvija","22":"tag-lv","23":"tag-news","24":"tag-popularakas-zinas","25":"tag-popularakaszinas","26":"tag-top-stories","27":"tag-topstories","28":"tag-zinas"},"share_on_mastodon":{"url":"https:\/\/pubeurope.com\/@lv\/115691272652059225","error":""},"_links":{"self":[{"href":"https:\/\/www.europesays.com\/lv\/wp-json\/wp\/v2\/posts\/70156","targetHints":{"allow":["GET"]}}],"collection":[{"href":"https:\/\/www.europesays.com\/lv\/wp-json\/wp\/v2\/posts"}],"about":[{"href":"https:\/\/www.europesays.com\/lv\/wp-json\/wp\/v2\/types\/post"}],"author":[{"embeddable":true,"href":"https:\/\/www.europesays.com\/lv\/wp-json\/wp\/v2\/users\/2"}],"replies":[{"embeddable":true,"href":"https:\/\/www.europesays.com\/lv\/wp-json\/wp\/v2\/comments?post=70156"}],"version-history":[{"count":0,"href":"https:\/\/www.europesays.com\/lv\/wp-json\/wp\/v2\/posts\/70156\/revisions"}],"wp:featuredmedia":[{"embeddable":true,"href":"https:\/\/www.europesays.com\/lv\/wp-json\/wp\/v2\/media\/70157"}],"wp:attachment":[{"href":"https:\/\/www.europesays.com\/lv\/wp-json\/wp\/v2\/media?parent=70156"}],"wp:term":[{"taxonomy":"category","embeddable":true,"href":"https:\/\/www.europesays.com\/lv\/wp-json\/wp\/v2\/categories?post=70156"},{"taxonomy":"post_tag","embeddable":true,"href":"https:\/\/www.europesays.com\/lv\/wp-json\/wp\/v2\/tags?post=70156"}],"curies":[{"name":"wp","href":"https:\/\/api.w.org\/{rel}","templated":true}]}}