{"id":70158,"date":"2025-12-09T19:31:09","date_gmt":"2025-12-09T19:31:09","guid":{"rendered":"https:\/\/www.europesays.com\/lv\/70158\/"},"modified":"2025-12-09T19:31:09","modified_gmt":"2025-12-09T19:31:09","slug":"iznacis-tronu-speles-pirmsstasta-a-knight-of-the-seven-kingdoms-pirmais-treileris-lente-lv","status":"publish","type":"post","link":"https:\/\/www.europesays.com\/lv\/70158\/","title":{"rendered":"Izn\u0101cis &#8220;Tro\u0146u sp\u0113les&#8221; pirmsst\u0101sta &#8220;A Knight of the Seven Kingdoms&#8221; pirmais treileris\u00a0\u2014\u00a0Lente.lv"},"content":{"rendered":"<p>Ser Tiekums un Jaunais Skvilijs: Pirm\u0101 &#8220;Tro\u0146u sp\u0113les&#8221; priek\u0161st\u0101sta treileris ir kl\u0101t!<\/p>\n<p>HBO ir publiskojis pirmo ofici\u0101lo treileri gaid\u0101majam seri\u0101lam &#8220;A Knight of the Seven Kingdoms: The Hedge Knight&#8221;, kas ir jaun\u0101kais papildin\u0101jums &#8220;Tro\u0146u sp\u0113les&#8221; univers\u0101. \u0160is aizraujo\u0161ais priek\u0161st\u0101sts m\u016bs aizved\u012bs gandr\u012bz simts gadus pirms notikumiem, kas paz\u012bstami no s\u0101kotn\u0113j\u0101 seri\u0101la, atkl\u0101jot Vesterosas pasauli laik\u0101, kad Targarienu dinastija v\u0113l stingri tur\u0113j\u0101s pie Dzelzs tro\u0146a, bet p\u016b\u0137u atmi\u0146as v\u0113l nebija izdzisu\u0161as.<\/p>\n<p>Seri\u0101ls balst\u012bts uz D\u017eord\u017ea R.R. M\u0101rtina iecien\u012bto &#8220;Danka un Ega&#8221; (Dunk and Egg) novellu ciklu. Taj\u0101 galven\u0101s lomas atveido P\u012bters Klefijs k\u0101 jauns, drosm\u012bgs, ta\u010du nedaudz naivs bru\u0146inieks Sers Dankans Garmais (\u012bsum\u0101 Dank) un Deksters Sols Ansels k\u0101 vi\u0146a neb\u016bt ne tik vienk\u0101r\u0161ais skvilijs \u2013 \u012agss, kur\u0161 paties\u012bb\u0101 ir jaunais princis Aegons Targaryens. Vi\u0146u ce\u013ci krustojas, un kop\u0101 vi\u0146i dodas piedz\u012bvojumiem bag\u0101t\u0101 ce\u013cojum\u0101 pa Vesterosu.<\/p>\n<p>Piedz\u012bvojumi un P\u0101rbaud\u012bjumi<\/p>\n<p>Treileris sniedz ieskatu par aizraujo\u0161ajiem notikumiem, kas sagaida abus varo\u0146us. Skat\u012bt\u0101ji redz\u0113s Sers Dankans, kur\u0161 cen\u0161as sevi apliecin\u0101t k\u0101 bru\u0146inieks, un vi\u0146a attiec\u012bbas ar \u012agu, kas pamaz\u0101m p\u0101raug dzi\u013c\u0101 draudz\u012bb\u0101. Vi\u0146u ce\u013c\u0101 st\u0101sies gan spo\u017ei pretinieki, gan b\u012bstami p\u0101rbaud\u012bjumi, tostarp slavenais Turn\u012brs E\u0161fordas l\u012bdzenum\u0101. \u0160is seri\u0101ls sola ne tikai episkus notikumus, bet ar\u012b personisku st\u0101stu par godu, draudz\u012bbu un likteni, kas savijas kop\u0101 negaid\u012btos veidos.<\/p>\n<p>&#8220;A Knight of the Seven Kingdoms: The Hedge Knight&#8221; pirmizr\u0101de gaid\u0101ma 2026. gada 18. janv\u0101r\u012b uz HBO un straum\u0113\u0161anas platform\u0101 Max. Seri\u0101lam jau pas\u016bt\u012bta otr\u0101 sezona, kas apliecina HBO lielo uztic\u012bbu \u0161im projektam.<\/p>\n","protected":false},"excerpt":{"rendered":"Ser Tiekums un Jaunais Skvilijs: Pirm\u0101 &#8220;Tro\u0146u sp\u0113les&#8221; priek\u0161st\u0101sta treileris ir kl\u0101t! HBO ir publiskojis pirmo ofici\u0101lo treileri&hellip;\n","protected":false},"author":2,"featured_media":70159,"comment_status":"","ping_status":"","sticky":false,"template":"","format":"standard","meta":{"footnotes":""},"categories":[19],"tags":[17866,17942,9650,89,646,90,35,39,38,36,37,34,40,11307],"class_list":{"0":"post-70158","1":"post","2":"type-post","3":"status-publish","4":"format-standard","5":"has-post-thumbnail","7":"category-izklaide","8":"tag-a-knight-of-the-seven-kingdoms","9":"tag-dank-un-igs","10":"tag-dzordzs-r-r-martins","11":"tag-entertainment","12":"tag-hbo","13":"tag-izklaide","14":"tag-latvia","15":"tag-latvian","16":"tag-latviesu","17":"tag-latviesu-valoda","18":"tag-latviesuvaloda","19":"tag-latvija","20":"tag-lv","21":"tag-tronu-speles"},"share_on_mastodon":{"url":"https:\/\/pubeurope.com\/@lv\/115691276580066864","error":""},"_links":{"self":[{"href":"https:\/\/www.europesays.com\/lv\/wp-json\/wp\/v2\/posts\/70158","targetHints":{"allow":["GET"]}}],"collection":[{"href":"https:\/\/www.europesays.com\/lv\/wp-json\/wp\/v2\/posts"}],"about":[{"href":"https:\/\/www.europesays.com\/lv\/wp-json\/wp\/v2\/types\/post"}],"author":[{"embeddable":true,"href":"https:\/\/www.europesays.com\/lv\/wp-json\/wp\/v2\/users\/2"}],"replies":[{"embeddable":true,"href":"https:\/\/www.europesays.com\/lv\/wp-json\/wp\/v2\/comments?post=70158"}],"version-history":[{"count":0,"href":"https:\/\/www.europesays.com\/lv\/wp-json\/wp\/v2\/posts\/70158\/revisions"}],"wp:featuredmedia":[{"embeddable":true,"href":"https:\/\/www.europesays.com\/lv\/wp-json\/wp\/v2\/media\/70159"}],"wp:attachment":[{"href":"https:\/\/www.europesays.com\/lv\/wp-json\/wp\/v2\/media?parent=70158"}],"wp:term":[{"taxonomy":"category","embeddable":true,"href":"https:\/\/www.europesays.com\/lv\/wp-json\/wp\/v2\/categories?post=70158"},{"taxonomy":"post_tag","embeddable":true,"href":"https:\/\/www.europesays.com\/lv\/wp-json\/wp\/v2\/tags?post=70158"}],"curies":[{"name":"wp","href":"https:\/\/api.w.org\/{rel}","templated":true}]}}