{"id":70160,"date":"2025-12-09T19:32:16","date_gmt":"2025-12-09T19:32:16","guid":{"rendered":"https:\/\/www.europesays.com\/lv\/70160\/"},"modified":"2025-12-09T19:32:16","modified_gmt":"2025-12-09T19:32:16","slug":"eiduka-gribejas-druscin-labak-nostartet-bet-kopuma-viss-ir-kartiba","status":"publish","type":"post","link":"https:\/\/www.europesays.com\/lv\/70160\/","title":{"rendered":"Eiduka: Grib\u0113j\u0101s drusci\u0146 lab\u0101k nostart\u0113t, bet kopum\u0101 viss ir k\u0101rt\u012bb\u0101"},"content":{"rendered":"<p>                                <img decoding=\"async\" src=\"https:\/\/www.europesays.com\/lv\/wp-content\/uploads\/2025\/12\/patricija-eiduka-sportazinas-com-750x450.jpeg\"   alt=\"Patr\u012bcija Eiduka\" class=\"post-featured-image\"\/><\/p>\n<p>Foto: Patr\u012bcijas Eidukas &#8220;Facebook&#8221; konts<\/p>\n<p>Latvijas distan\u010du sl\u0113pot\u0101ja <a href=\"https:\/\/www.sportazinas.com\/atsl%C4%93gv%C4%81rdi\/patricija-eiduka\/\" rel=\"nofollow noopener\" target=\"_blank\">Patr\u012bcija Eiduka<\/a> ir apmierin\u0101ta ar sasniegto rezult\u0101tu Pasaules kausa otraj\u0101 posm\u0101, ta\u010du ar\u012b grib\u0113tu nostart\u0113t lab\u0101k, v\u0113sta sportistes komanda.<\/p>\n<p>Pag\u0101ju\u0161aj\u0101 ned\u0113\u013cas nogal\u0113 Norv\u0113\u0123ij\u0101 Pasaules kausa otraj\u0101 posm\u0101 Eiduka izc\u012bn\u012bja 29. vietu desmit kilometru distanc\u0113 br\u012bvaj\u0101 stil\u0101 ar atsevi\u0161\u0137u startu.<\/p>\n<p>\u201cNevaru teikt, ka b\u016btu priec\u012bga par rezult\u0101tu, bet kopum\u0101 sacens\u012bbas bija labas un sl\u0113pojums bija \u0101trs. Rezult\u0101ti bija neierasti bl\u012bvi sieviet\u0113m, bez maz tik bl\u012bvi k\u0101 v\u012brie\u0161iem. Grib\u0113j\u0101s drusci\u0146 lab\u0101k nostart\u0113t,\u201d atzina Eiduka.<\/p>\n<p>\u201cPati jutos labi. Sl\u0113pes bija labi iesm\u0113r\u0113tas. Trase bija diezgan smaga. Kopum\u0101 viss ir k\u0101rt\u012bb\u0101. Varu teikt, ka esmu sp\u0113rusi v\u0113l vienu soli uz priek\u0161u sav\u0101 atg\u016b\u0161an\u0101s proces\u0101,\u201d vi\u0146a turpin\u0101ja.<\/p>\n<p>\u0160aj\u0101 ned\u0113\u013cas nogal\u0113 norisin\u0101sies Pasaules kausa posms \u0160veic\u0113, un sportiste nor\u0101d\u012bja, ka start\u0113s sprinta sacens\u012bb\u0101s un desmit kilometros br\u012bvaj\u0101 stil\u0101.<\/p>\n<p>P\u0113c Pasaules kausa posma \u0160veic\u0113 decembra p\u0113d\u0113j\u0101 ned\u0113\u013c\u0101 It\u0101lijas pils\u0113t\u0101 Toblah\u0101 s\u0101ksies presti\u017eais \u201cTour de Ski\u201d seri\u0101ls. Janv\u0101r\u012b notiks Pasaules kausa posmi V\u0101cijas tras\u0113 Oberhof\u0101 un \u0160veices ciemati\u0146\u0101 Goms\u0101, bet p\u0113c tam lab\u0101kie distan\u010du sl\u0113pot\u0101ji no 7. l\u012bdz 22. febru\u0101rim sacent\u012bsies Mil\u0101nas-Kort\u012bnas d\u2019Ampeco olimpiskaj\u0101s sp\u0113l\u0113s.<\/p>\n<p>P\u0113c olimpiskaj\u0101m sp\u0113l\u0113m Pasaules kausa sacens\u012bbas notiks ar\u012b Zviedrijas tras\u0113 F\u0101lun\u0101, Norv\u0113\u0123ijas pils\u0113t\u0101s Drammen\u0101 un Oslo, k\u0101 ar\u012b ASV pils\u0113t\u0101 Leikplesid\u0101.<\/p>\n","protected":false},"excerpt":{"rendered":"Foto: Patr\u012bcijas Eidukas &#8220;Facebook&#8221; konts Latvijas distan\u010du sl\u0113pot\u0101ja Patr\u012bcija Eiduka ir apmierin\u0101ta ar sasniegto rezult\u0101tu Pasaules kausa otraj\u0101&hellip;\n","protected":false},"author":2,"featured_media":70161,"comment_status":"","ping_status":"","sticky":false,"template":"","format":"standard","meta":{"footnotes":""},"categories":[17],"tags":[35,39,38,36,37,34,40,67],"class_list":{"0":"post-70160","1":"post","2":"type-post","3":"status-publish","4":"format-standard","5":"has-post-thumbnail","7":"category-sports","8":"tag-latvia","9":"tag-latvian","10":"tag-latviesu","11":"tag-latviesu-valoda","12":"tag-latviesuvaloda","13":"tag-latvija","14":"tag-lv","15":"tag-sports"},"share_on_mastodon":{"url":"https:\/\/pubeurope.com\/@lv\/115691280560320416","error":""},"_links":{"self":[{"href":"https:\/\/www.europesays.com\/lv\/wp-json\/wp\/v2\/posts\/70160","targetHints":{"allow":["GET"]}}],"collection":[{"href":"https:\/\/www.europesays.com\/lv\/wp-json\/wp\/v2\/posts"}],"about":[{"href":"https:\/\/www.europesays.com\/lv\/wp-json\/wp\/v2\/types\/post"}],"author":[{"embeddable":true,"href":"https:\/\/www.europesays.com\/lv\/wp-json\/wp\/v2\/users\/2"}],"replies":[{"embeddable":true,"href":"https:\/\/www.europesays.com\/lv\/wp-json\/wp\/v2\/comments?post=70160"}],"version-history":[{"count":0,"href":"https:\/\/www.europesays.com\/lv\/wp-json\/wp\/v2\/posts\/70160\/revisions"}],"wp:featuredmedia":[{"embeddable":true,"href":"https:\/\/www.europesays.com\/lv\/wp-json\/wp\/v2\/media\/70161"}],"wp:attachment":[{"href":"https:\/\/www.europesays.com\/lv\/wp-json\/wp\/v2\/media?parent=70160"}],"wp:term":[{"taxonomy":"category","embeddable":true,"href":"https:\/\/www.europesays.com\/lv\/wp-json\/wp\/v2\/categories?post=70160"},{"taxonomy":"post_tag","embeddable":true,"href":"https:\/\/www.europesays.com\/lv\/wp-json\/wp\/v2\/tags?post=70160"}],"curies":[{"name":"wp","href":"https:\/\/api.w.org\/{rel}","templated":true}]}}