{"id":70162,"date":"2025-12-09T19:33:21","date_gmt":"2025-12-09T19:33:21","guid":{"rendered":"https:\/\/www.europesays.com\/lv\/70162\/"},"modified":"2025-12-09T19:33:21","modified_gmt":"2025-12-09T19:33:21","slug":"bite-latvija-ieguldijumi-tikla-attistiba-latgale-parsniedz-26-miljonus-eiro-3","status":"publish","type":"post","link":"https:\/\/www.europesays.com\/lv\/70162\/","title":{"rendered":"\u201cBite Latvija\u201d ieguld\u012bjumi t\u012bkla att\u012bst\u012bb\u0101 Latgal\u0113 p\u0101rsniedz 26 miljonus eiro"},"content":{"rendered":"<p>Period\u0101 no 2005. gada Latgales pl\u0101no\u0161anas re\u0123ion\u0101, kur\u0101 ietilpst Balvu, Daugavpils, Kr\u0101slavas, Ludzas, Prei\u013cu un R\u0113zeknes re\u0123ions, ir uzst\u0101d\u012btas 149 b\u0101zes stacijas un \u0161ogad kopum\u0101 tika izb\u016bv\u0113tas v\u0113l septi\u0146as, t\u0101d\u0113j\u0101di v\u0113l vair\u0101k k\u0101pinot <a href=\"https:\/\/www.bite.lv\/lv\/parklajums\" target=\"_blank\" rel=\"nofollow noopener\">t\u012bkla p\u0101rkl\u0101jumu<\/a> un nodro\u0161inot piek\u013cuvi \u0101tram un stabilam 5G internetam. No vis\u0101m jau Latgales pl\u0101no\u0161anas re\u0123ion\u0101 uzst\u0101d\u012btaj\u0101m b\u0101zes stacij\u0101m 88 moderniz\u0113ta ar 5G tehnolo\u0123iju un v\u0113l 12 \u0161aj\u0101 gad\u0101 tiks moderniz\u0113tas.<\/p>\n","protected":false},"excerpt":{"rendered":"Period\u0101 no 2005. gada Latgales pl\u0101no\u0161anas re\u0123ion\u0101, kur\u0101 ietilpst Balvu, Daugavpils, Kr\u0101slavas, Ludzas, Prei\u013cu un R\u0113zeknes re\u0123ions, ir&hellip;\n","protected":false},"author":2,"featured_media":70163,"comment_status":"","ping_status":"","sticky":false,"template":"","format":"standard","meta":{"footnotes":""},"categories":[16],"tags":[77,76,35,39,38,36,37,34,40],"class_list":{"0":"post-70162","1":"post","2":"type-post","3":"status-publish","4":"format-standard","5":"has-post-thumbnail","7":"category-bizness","8":"tag-bizness","9":"tag-business","10":"tag-latvia","11":"tag-latvian","12":"tag-latviesu","13":"tag-latviesu-valoda","14":"tag-latviesuvaloda","15":"tag-latvija","16":"tag-lv"},"share_on_mastodon":{"url":"https:\/\/pubeurope.com\/@lv\/115691284255300504","error":""},"_links":{"self":[{"href":"https:\/\/www.europesays.com\/lv\/wp-json\/wp\/v2\/posts\/70162","targetHints":{"allow":["GET"]}}],"collection":[{"href":"https:\/\/www.europesays.com\/lv\/wp-json\/wp\/v2\/posts"}],"about":[{"href":"https:\/\/www.europesays.com\/lv\/wp-json\/wp\/v2\/types\/post"}],"author":[{"embeddable":true,"href":"https:\/\/www.europesays.com\/lv\/wp-json\/wp\/v2\/users\/2"}],"replies":[{"embeddable":true,"href":"https:\/\/www.europesays.com\/lv\/wp-json\/wp\/v2\/comments?post=70162"}],"version-history":[{"count":0,"href":"https:\/\/www.europesays.com\/lv\/wp-json\/wp\/v2\/posts\/70162\/revisions"}],"wp:featuredmedia":[{"embeddable":true,"href":"https:\/\/www.europesays.com\/lv\/wp-json\/wp\/v2\/media\/70163"}],"wp:attachment":[{"href":"https:\/\/www.europesays.com\/lv\/wp-json\/wp\/v2\/media?parent=70162"}],"wp:term":[{"taxonomy":"category","embeddable":true,"href":"https:\/\/www.europesays.com\/lv\/wp-json\/wp\/v2\/categories?post=70162"},{"taxonomy":"post_tag","embeddable":true,"href":"https:\/\/www.europesays.com\/lv\/wp-json\/wp\/v2\/tags?post=70162"}],"curies":[{"name":"wp","href":"https:\/\/api.w.org\/{rel}","templated":true}]}}