{"id":70185,"date":"2025-12-09T20:48:10","date_gmt":"2025-12-09T20:48:10","guid":{"rendered":"https:\/\/www.europesays.com\/lv\/70185\/"},"modified":"2025-12-09T20:48:10","modified_gmt":"2025-12-09T20:48:10","slug":"latvijas-aizsardzibas-budzeta-lielaka-dala-atveleta-speju-attistibai-raksts","status":"publish","type":"post","link":"https:\/\/www.europesays.com\/lv\/70185\/","title":{"rendered":"Latvijas aizsardz\u012bbas bud\u017eet\u0101 liel\u0101k\u0101 da\u013ca atv\u0113l\u0113ta sp\u0113ju att\u012bst\u012bbai \/ Raksts"},"content":{"rendered":"<p>Ieguld\u012bjumi armij\u0101, milit\u0101raj\u0101 infrastrukt\u016br\u0101 un sadarb\u012bba ar viet\u0113jiem uz\u0146\u0113m\u0113jiem \u2013 \u0161ie b\u016bs galvenie n\u0101kam\u0101 gada darb\u012bbas virzieni aizsardz\u012bbas jom\u0101. Finans\u0113jums aizsardz\u012bbai p\u0101rsniedz divus miljardus eiro \u2013 tas ir l\u012bdz \u0161im liel\u0101kais v\u0113stur\u0113. Aizsardz\u012bbas ministrij\u0101 (AM) pauda, ka tas b\u016bs noz\u012bm\u012bgs ieguld\u012bjums n\u0101kotn\u0113.\u00a0<\/p>\n<p>N\u0101kamgad aizsardz\u012bbai kopum\u0101 paredz\u0113ti 2,16 miljardi eiro. No tiem liel\u0101k\u0101 da\u013ca\u00a0jeb 53\u00a0% paredz\u0113ti aizsardz\u012bbas sp\u0113ju att\u012bst\u012bbai. Apm\u0113ram piekt\u0101 da\u013ca \u2013 person\u0101lam, uztur\u0113\u0161anas izdevumiem 17 %, bet 6\u00a0% infrastrukt\u016brai.\u00a0<\/p>\n<p>&#8220;Tie ir 4,91\u00a0% no IKP. Tie ir vair\u0101k nek\u0101 2 miljardi eiro.\u00a0<\/p>\n<blockquote>\n<p>Pirmo reizi 2 miljardi eiro aizsardz\u012bbai, kas ir velt\u012bti, lai m\u0113s var\u0113tu tie\u0161\u0101m ieguld\u012bt \u0161odien, lai m\u0113s b\u016btu dro\u0161\u012bb\u0101, mier\u0101, stabilit\u0101t\u0113 ar\u012b n\u0101kotn\u0113.\u00a0<\/p>\n<\/blockquote>\n<p>T\u0101 k\u0101 \u0161ie ieguld\u012bjumi par\u0101da kop\u012bgo izpratni ar\u012b sabiedr\u012bb\u0101, vald\u012bb\u0101 par to, ka tas ir nepiecie\u0161ams tagad, lai m\u0113s b\u016btu dro\u0161\u0101ki jau tuv\u0101kaj\u0101 n\u0101kotn\u0113,&#8221; skaidroja aizsardz\u012bbas ministrs Andris Spr\u016bds (&#8220;Progres\u012bvie&#8221;).\u00a0<\/p>\n<p>N\u0101kamaj\u0101 gad\u0101 milit\u0101ro sp\u0113ju stiprin\u0101\u0161anai pl\u0101noti vair\u0101ki projekti, piem\u0113ram, kaujas ma\u0161\u012bnu platformas ieg\u0101de, sl\u0101\u0146veida pretgaisa aizsardz\u012bbas sist\u0113mas ieg\u0101de, mun\u012bcijas un ekip\u0113juma nodro\u0161in\u0101juma palielin\u0101\u0161ana. Ar\u012b austrumu robe\u017eas stiprin\u0101\u0161ana, kur\u0101 iek\u013cauti da\u017e\u0101di pas\u0101kumi, piem\u0113ram, \u0161\u0137\u0113r\u0161\u013cu izvieto\u0161ana, da\u017e\u0101du sist\u0113mu ieg\u0101de un infrastrukt\u016bras sagatavo\u0161ana. L\u012bdz gala beig\u0101m tiks ar\u012b v\u0113rt\u0113ts, vai Latvija var\u0113tu nojaukt sliedes Krievijas pierobe\u017e\u0101, par ko p\u0113d\u0113j\u0101 laik\u0101 bie\u017ei diskut\u0113ts.\u00a0<\/p>\n<p>&#8220;Ar pilnu p\u0101rliec\u012bbu var\u00a0teikt, ka neviens okupantu kara vilciens nebrauks [pa Latvijas teritoriju]. (..) Mums ir visas iesp\u0113jas un \u0161obr\u012bd ar\u012b ir uzdots\u00a0bru\u0146otajiem sp\u0113kiem izv\u0113rt\u0113t virkni \u0161o alternat\u012bvu attiec\u012bb\u0101 uz slied\u0113m,&#8221; piebilda aizsardz\u012bbas ministrs.\u00a0<\/p>\n<p>&#8220;Skat\u0101mies uz\u00a0da\u017e\u0101diem risin\u0101jumiem, k\u0101dus m\u0113s varam paveikt pie da\u017e\u0101du l\u0113mumu pie\u0146em\u0161anas, un attiec\u012bgi ar\u012b veikt vienlaic\u012bgi koordin\u0101ciju ar kaimi\u0146valst\u012bm par vi\u0146u izv\u0113l\u0113m, risin\u0101jumiem, lai m\u0113s b\u016btu l\u012bdz\u012bgi,&#8221; pauda Nacion\u0101lo bru\u0146oto sp\u0113ku (NBS) komandieris \u0123ener\u0101lmajors\u00a0Kaspars Pud\u0101ns.\u00a0<\/p>\n<p>T\u0101pat pa\u0161laik turpin\u0101s darbs pie dronu sienas veido\u0161anas uz austrumu robe\u017eas. Ta\u010du bez tehnisk\u0101s att\u012bst\u012bbas\u00a0svar\u012bgs ir ar\u012b cilv\u0113ks. Paredz\u0113ts v\u0113l vair\u0101k palielin\u0101t karav\u012bru skaitu \u2013 gan profesion\u0101laj\u0101, gan Valsts aizsardz\u012bbas dienest\u0101 (VAD). Apm\u0113ram 20\u00a0% no profesion\u0101laj\u0101 dienest\u0101 eso\u0161ajiem karav\u012briem ir VAD izg\u0101ju\u0161ie jaunie\u0161i. NBS komandieris secin\u0101jis, ka jaunie\u0161us var iesaist\u012bt da\u017e\u0101d\u0101s specialit\u0101t\u0113s, ne tikai uzdot vi\u0146iem vienk\u0101r\u0161us uzdevumus.\u00a0<\/p>\n<p>&#8220;Tas pier\u0101da vi\u0146us k\u0101 nepiecie\u0161amo instrumentu m\u016bsu kaujas sp\u0113ju veicin\u0101\u0161an\u0101. \u0160\u012b gada iesaukums\u00a0bija pirmo reizi, kad Valsts aizsardz\u012bbas dienesta person\u0101lsast\u0101vs palielin\u0101j\u0101s gandr\u012bz par tre\u0161da\u013cu, kas palielina vi\u0146a kaujas sp\u0113jas un gatav\u012bbu atbild\u0113t uz uzdevumiem,&#8221; teica Pud\u0101ns.<\/p>\n<blockquote>\n<p>T\u0101pat n\u0101kamgad sol\u012bta \u012bpa\u0161a uzman\u012bba sadarb\u012bbai ar viet\u0113jiem uz\u0146\u0113mumiem, nodro\u0161inot, ka l\u012bdz 30\u00a0% no lielajiem iepirkumiem paliks Latvijas ekonomik\u0101.<\/p>\n<\/blockquote>\n<p>J\u0101turpina atbalst\u012bt Ukrainu, kam paredz\u0113ti 110 miljoni eiro.\u00a0<\/p>\n<p>                    Valodas k\u013c\u016bda rakst\u0101?<\/p>\n<p class=\"d-none d-md-block\">Iez\u012bm\u0113jiet tekstu un spiediet Ctrl+Enter, lai nos\u016bt\u012btu labojamo teksta fragmentu redaktoram! Par faktu k\u013c\u016bd\u0101m l\u016bdzam zi\u0146ot e-past\u0101 <a href=\"https:\/\/www.lsm.lv\/cdn-cgi\/l\/email-protection\" class=\"__cf_email__\" data-cfemail=\"40322524212b23292a21002c332d6e2c36\" rel=\"nofollow noopener\" target=\"_blank\">[email\u00a0protected]<\/a>.<\/p>\n<p class=\"d-md-none\">Iez\u012bm\u0113jiet tekstu un spiediet uz Zi\u0146ot par k\u013c\u016bdu pogas, lai nos\u016bt\u012btu labojamo teksta fragmentu redaktoram!<\/p>\n<p>\n                    Zi\u0146ot par k\u013c\u016bdu\n                <\/p>\n","protected":false},"excerpt":{"rendered":"Ieguld\u012bjumi armij\u0101, milit\u0101raj\u0101 infrastrukt\u016br\u0101 un sadarb\u012bba ar viet\u0113jiem uz\u0146\u0113m\u0113jiem \u2013 \u0161ie b\u016bs galvenie n\u0101kam\u0101 gada darb\u012bbas virzieni aizsardz\u012bbas&hellip;\n","protected":false},"author":2,"featured_media":70186,"comment_status":"","ping_status":"","sticky":false,"template":"","format":"standard","meta":{"footnotes":""},"categories":[12],"tags":[23,28,29,32,33,22,30,31,35,39,38,36,37,34,40,20,26,27,24,25,21],"class_list":{"0":"post-70185","1":"post","2":"type-post","3":"status-publish","4":"format-standard","5":"has-post-thumbnail","7":"category-latvija","8":"tag-aktualitates","9":"tag-breaking-news","10":"tag-breakingnews","11":"tag-featured-news","12":"tag-featurednews","13":"tag-headlines","14":"tag-latest-news","15":"tag-latestnews","16":"tag-latvia","17":"tag-latvian","18":"tag-latviesu","19":"tag-latviesu-valoda","20":"tag-latviesuvaloda","21":"tag-latvija","22":"tag-lv","23":"tag-news","24":"tag-popularakas-zinas","25":"tag-popularakaszinas","26":"tag-top-stories","27":"tag-topstories","28":"tag-zinas"},"share_on_mastodon":{"url":"https:\/\/pubeurope.com\/@lv\/115691579160972470","error":""},"_links":{"self":[{"href":"https:\/\/www.europesays.com\/lv\/wp-json\/wp\/v2\/posts\/70185","targetHints":{"allow":["GET"]}}],"collection":[{"href":"https:\/\/www.europesays.com\/lv\/wp-json\/wp\/v2\/posts"}],"about":[{"href":"https:\/\/www.europesays.com\/lv\/wp-json\/wp\/v2\/types\/post"}],"author":[{"embeddable":true,"href":"https:\/\/www.europesays.com\/lv\/wp-json\/wp\/v2\/users\/2"}],"replies":[{"embeddable":true,"href":"https:\/\/www.europesays.com\/lv\/wp-json\/wp\/v2\/comments?post=70185"}],"version-history":[{"count":0,"href":"https:\/\/www.europesays.com\/lv\/wp-json\/wp\/v2\/posts\/70185\/revisions"}],"wp:featuredmedia":[{"embeddable":true,"href":"https:\/\/www.europesays.com\/lv\/wp-json\/wp\/v2\/media\/70186"}],"wp:attachment":[{"href":"https:\/\/www.europesays.com\/lv\/wp-json\/wp\/v2\/media?parent=70185"}],"wp:term":[{"taxonomy":"category","embeddable":true,"href":"https:\/\/www.europesays.com\/lv\/wp-json\/wp\/v2\/categories?post=70185"},{"taxonomy":"post_tag","embeddable":true,"href":"https:\/\/www.europesays.com\/lv\/wp-json\/wp\/v2\/tags?post=70185"}],"curies":[{"name":"wp","href":"https:\/\/api.w.org\/{rel}","templated":true}]}}