{"id":70189,"date":"2025-12-09T20:54:07","date_gmt":"2025-12-09T20:54:07","guid":{"rendered":"https:\/\/www.europesays.com\/lv\/70189\/"},"modified":"2025-12-09T20:54:07","modified_gmt":"2025-12-09T20:54:07","slug":"dobeles-novada-aiztur-318-promilu-reibuma-braucosu-kravas-masinas-vaditaju-raksts","status":"publish","type":"post","link":"https:\/\/www.europesays.com\/lv\/70189\/","title":{"rendered":"Dobeles novad\u0101 aiztur 3,18 promi\u013cu reibum\u0101 brauco\u0161u kravas ma\u0161\u012bnas vad\u012bt\u0101ju \/ Raksts"},"content":{"rendered":"<p>Kurzemes re\u0123ion\u0101 \u0161ogad pie\u0137erts vair\u0101k nek\u0101 500 dz\u0113r\u0101j\u0161oferu un vair\u0101k nek\u0101 200 velosip\u0113du vai mop\u0113du vad\u012bt\u0101ju reibum\u0101. Nesen Dobeles novad\u0101 uz R\u012bgas\u2013Liep\u0101jas \u0161osejas pa\u0161vald\u012bbas policijas uzman\u012bbu piesaist\u012bja smag\u0101s kravas ma\u0161\u012bnas brauk\u0161ana, kas\u00a0apdraud\u0113ja citus. V\u0113l\u0101k izr\u0101d\u012bj\u0101s, ka \u0161oferis bija 3,18 promi\u013cu reibum\u0101.\u00a0<\/p>\n<p style=\"margin-left:0cm; margin-right:0cm\">Video, kas uz\u0146emts 4.\u00a0decembr\u012b, redzams, k\u0101 kravas ma\u0161\u012bnas vad\u012bt\u0101js b\u012bstami brauc pa \u0161oseju Dobeles novad\u0101. Pa\u0161vald\u012bbas policija zi\u0146oja Valsts policijai, kas aicin\u0101ja kol\u0113\u0123us turpin\u0101t sekot transportl\u012bdzeklim l\u012bdz br\u012bdim, kad to var\u0113s dro\u0161i aptur\u0113t. P\u0113c apst\u0101\u0161an\u0101s policisti, atverot durvis redz\u0113ja, ka v\u012brietis ir smag\u0101 reibum\u0101.\u00a01984. gad\u0101 dzimu\u0161\u0101 v\u012brie\u0161a izelp\u0101 konstat\u0113ja 3,18 promiles.\u00a0<\/p>\n<p style=\"margin-left:0cm; margin-right:0cm\">Sagaidot Valsts policijas ekip\u0101\u017eu, v\u012brietim tika liegta t\u0101l\u0101ka brauk\u0161ana un s\u0101kts krimin\u0101lprocess.<\/p>\n<p style=\"margin-left:0cm; margin-right:0cm\">\u0160is ir viens no daudziem gad\u012bjumiem \u0161aj\u0101 gad\u0101, kad aptur\u0113ti reibum\u0101 brauco\u0161i \u0161oferi. Piem\u0113ram, Kurzemes re\u0123ion\u0101 l\u012bdz \u0161im \u0161aj\u0101 gad\u0101 aiztur\u0113ti 546 \u0161\u0101di \u0161oferi. P\u0113rn t\u0101du bija vair\u0101k \u2013 728, bet gads v\u0113l nav beidzies.\u00a0\u00a0Alkohola reibum\u0101 aiztur\u0113to velosip\u0113du un mop\u0113du vad\u012bt\u0101ju ir 265. P\u0113rn 345.\u00a0\u00a0<\/p>\n<p style=\"margin-left:0cm; margin-right:0cm\">Liep\u0101j\u0101 da\u013ca aptauj\u0101to nor\u0101d\u012bja, ka ar\u012b pa\u0161i ir man\u012bju\u0161i uz ce\u013ca aizdom\u012bgi vai pat b\u012bstami brauco\u0161as ma\u0161\u012bnas.\u00a0\u00a0<\/p>\n<p style=\"margin-left:40px; margin-right:0cm\">Ir redz\u0113ts, j\u0101.\u00a0Es zvanu uzreiz 112, visas reizes ir bijis no\u0137erts.\u00a0\u00a0<\/p>\n<p style=\"margin-left:40px; margin-right:0cm\">Uz \u0161osejas, no R\u012bgas uz Liep\u0101ju. M\u0113s bij\u0101m ar v\u012bru, v\u012brs zvan\u012bja policijai. Es jau sapratu, san\u0101ca, ka m\u0113s izbrauc\u0101m no Saldus, un vi\u0146\u0161 brauca. M\u0113s vi\u0146u apbrauc\u0101m, vi\u0146\u0161 \u013coti l\u0113ni brauca.<\/p>\n<p style=\"margin-left:40px; margin-right:0cm\">J\u0101, j\u0101 ir redz\u0113ts. Zvan\u012bju uz policiju, s\u016bt\u012bja ekip\u0101\u017eu.\u00a0\u00a0\u00a0<\/p>\n<p style=\"margin-left:0cm; margin-right:0cm\">Valsts policijas Kurzemes re\u0123iona p\u0101rvaldes Dienvidkurzemes iecirk\u0146a priek\u0161nieks Ingus Uksti\u0146\u0161 st\u0101st\u012bja: &#8220;Regul\u0101ri sa\u0146emam inform\u0101ciju no citiem satiksmes dal\u012bbniekiem par aizdom\u012bgiem transportl\u012bdzek\u013ciem gan pils\u0113t\u0101, gan uz viet\u0113j\u0101s noz\u012bmes ce\u013ciem, gan uz ma\u0123istr\u0101lajiem ce\u013ciem. Inform\u0101cija tiek p\u0101rbaud\u012bta, bie\u017ei vien tiek ar\u012b aptur\u0113ti \u0161ie transportl\u012bdzek\u013ci.\u00a0<\/p>\n<blockquote>\n<p style=\"margin-left:0cm; margin-right:0cm\">Ir gad\u012bjumi, kad transportl\u012bdzek\u013cu vad\u012bt\u0101ji atrodas alkohola reibum\u0101. Ir gad\u012bjumi, ka vad\u012bt\u0101ji nor\u0101da, ka ir noguru\u0161i.&#8221;<\/p>\n<\/blockquote>\n<p style=\"margin-left:0cm; margin-right:0cm\">Statistika liecina, ka Liep\u0101j\u0101 un Dienvidkurzemes novad\u0101 \u0161ogad ir maz\u0101k \u0161\u0101du p\u0101rk\u0101p\u0113ju. Tom\u0113r cit\u0101s re\u0123iona pils\u0113t\u0101s reibum\u0101 brauku\u0161o \u0161aj\u0101 gad\u0101 ir vair\u0101k.<\/p>\n<p>                    Valodas k\u013c\u016bda rakst\u0101?<\/p>\n<p class=\"d-none d-md-block\">Iez\u012bm\u0113jiet tekstu un spiediet Ctrl+Enter, lai nos\u016bt\u012btu labojamo teksta fragmentu redaktoram! Par faktu k\u013c\u016bd\u0101m l\u016bdzam zi\u0146ot e-past\u0101 <a href=\"https:\/\/www.lsm.lv\/cdn-cgi\/l\/email-protection\" class=\"__cf_email__\" data-cfemail=\"483a2d2c29232b21222908243b2566243e\" rel=\"nofollow noopener\" target=\"_blank\">[email\u00a0protected]<\/a>.<\/p>\n<p class=\"d-md-none\">Iez\u012bm\u0113jiet tekstu un spiediet uz Zi\u0146ot par k\u013c\u016bdu pogas, lai nos\u016bt\u012btu labojamo teksta fragmentu redaktoram!<\/p>\n<p>\n                    Zi\u0146ot par k\u013c\u016bdu\n                <\/p>\n","protected":false},"excerpt":{"rendered":"Kurzemes re\u0123ion\u0101 \u0161ogad pie\u0137erts vair\u0101k nek\u0101 500 dz\u0113r\u0101j\u0161oferu un vair\u0101k nek\u0101 200 velosip\u0113du vai mop\u0113du vad\u012bt\u0101ju reibum\u0101. Nesen&hellip;\n","protected":false},"author":2,"featured_media":70190,"comment_status":"","ping_status":"","sticky":false,"template":"","format":"standard","meta":{"footnotes":""},"categories":[12],"tags":[23,28,29,32,33,22,30,31,35,39,38,36,37,34,40,20,26,27,24,25,21],"class_list":{"0":"post-70189","1":"post","2":"type-post","3":"status-publish","4":"format-standard","5":"has-post-thumbnail","7":"category-latvija","8":"tag-aktualitates","9":"tag-breaking-news","10":"tag-breakingnews","11":"tag-featured-news","12":"tag-featurednews","13":"tag-headlines","14":"tag-latest-news","15":"tag-latestnews","16":"tag-latvia","17":"tag-latvian","18":"tag-latviesu","19":"tag-latviesu-valoda","20":"tag-latviesuvaloda","21":"tag-latvija","22":"tag-lv","23":"tag-news","24":"tag-popularakas-zinas","25":"tag-popularakaszinas","26":"tag-top-stories","27":"tag-topstories","28":"tag-zinas"},"share_on_mastodon":{"url":"https:\/\/pubeurope.com\/@lv\/115691602797003599","error":""},"_links":{"self":[{"href":"https:\/\/www.europesays.com\/lv\/wp-json\/wp\/v2\/posts\/70189","targetHints":{"allow":["GET"]}}],"collection":[{"href":"https:\/\/www.europesays.com\/lv\/wp-json\/wp\/v2\/posts"}],"about":[{"href":"https:\/\/www.europesays.com\/lv\/wp-json\/wp\/v2\/types\/post"}],"author":[{"embeddable":true,"href":"https:\/\/www.europesays.com\/lv\/wp-json\/wp\/v2\/users\/2"}],"replies":[{"embeddable":true,"href":"https:\/\/www.europesays.com\/lv\/wp-json\/wp\/v2\/comments?post=70189"}],"version-history":[{"count":0,"href":"https:\/\/www.europesays.com\/lv\/wp-json\/wp\/v2\/posts\/70189\/revisions"}],"wp:featuredmedia":[{"embeddable":true,"href":"https:\/\/www.europesays.com\/lv\/wp-json\/wp\/v2\/media\/70190"}],"wp:attachment":[{"href":"https:\/\/www.europesays.com\/lv\/wp-json\/wp\/v2\/media?parent=70189"}],"wp:term":[{"taxonomy":"category","embeddable":true,"href":"https:\/\/www.europesays.com\/lv\/wp-json\/wp\/v2\/categories?post=70189"},{"taxonomy":"post_tag","embeddable":true,"href":"https:\/\/www.europesays.com\/lv\/wp-json\/wp\/v2\/tags?post=70189"}],"curies":[{"name":"wp","href":"https:\/\/api.w.org\/{rel}","templated":true}]}}