{"id":70194,"date":"2025-12-09T20:59:08","date_gmt":"2025-12-09T20:59:08","guid":{"rendered":"https:\/\/www.europesays.com\/lv\/70194\/"},"modified":"2025-12-09T20:59:08","modified_gmt":"2025-12-09T20:59:08","slug":"supergripa-eiropa-kritiski-incidenti-slegtas-skolas-strauji-pieaug-pieprasijums-pec-sejas-maskam-un-medikamentiem","status":"publish","type":"post","link":"https:\/\/www.europesays.com\/lv\/70194\/","title":{"rendered":"Supergripa Eirop\u0101: kritiski incidenti, sl\u0113gtas skolas, strauji pieaug piepras\u012bjums p\u0113c sejas mask\u0101m un medikamentiem"},"content":{"rendered":"<p>    <img decoding=\"async\" src=\"https:\/\/www.europesays.com\/lv\/wp-content\/uploads\/2025\/12\/AFP_8WP7HX-1-800x546.jpg\" alt=\"&#10;\"\/><\/p>\n<p>Foto: AFP\/ SCANPIX\/LETA\n<\/p>\n<p>Lielbrit\u0101niju \u0161obr\u012bd skar smaga \u201csupergripas\u201d epid\u0113mija \u2013 slimn\u012bcas zi\u0146o par kritiskiem gad\u012bjumiem, da\u017eviet skolas tiek sl\u0113gtas un sabiedriskaj\u0101s viet\u0101s atkal par\u0101d\u0101s cilv\u0113ki sejas mask\u0101s. \u0100rsti br\u012bdina, ka \u0161\u012b var\u0113tu k\u013c\u016bt par smag\u0101ko gripas sezonu, k\u0101da valst\u012b jebkad pieredz\u0113ta, raksta vietne <a href=\"https:\/\/www.dailymail.co.uk\/news\/article-15366461\/Superflu-Government-schools-extreme-circumstances-hospitals.html\" rel=\"nofollow noopener\" target=\"_blank\">DailyMail<\/a>.<\/p>\n<p>        Las\u012bt\u0101kie<br \/>\n        <a data-imagesrc=\"{&quot;300&quot;:&quot;https:\\\/\\\/lastatic.ams3.cdn.digitaloceanspaces.com\\\/2024\\\/12\\\/FotoJet-46-300x200.jpg&quot;,&quot;1024&quot;:&quot;https:\\\/\\\/lastatic.ams3.cdn.digitaloceanspaces.com\\\/2024\\\/12\\\/FotoJet-46-1024x683.jpg&quot;,&quot;768&quot;:&quot;https:\\\/\\\/lastatic.ams3.cdn.digitaloceanspaces.com\\\/2024\\\/12\\\/FotoJet-46-768x512.jpg&quot;,&quot;1536&quot;:&quot;https:\\\/\\\/lastatic.ams3.cdn.digitaloceanspaces.com\\\/2024\\\/12\\\/FotoJet-46-1536x1024.jpg&quot;,&quot;200&quot;:&quot;https:\\\/\\\/lastatic.ams3.cdn.digitaloceanspaces.com\\\/2024\\\/12\\\/FotoJet-46-200x133.jpg&quot;,&quot;400&quot;:&quot;https:\\\/\\\/lastatic.ams3.cdn.digitaloceanspaces.com\\\/2024\\\/12\\\/FotoJet-46-400x267.jpg&quot;,&quot;500&quot;:&quot;https:\\\/\\\/lastatic.ams3.cdn.digitaloceanspaces.com\\\/2024\\\/12\\\/FotoJet-46-500x333.jpg&quot;,&quot;800&quot;:&quot;https:\\\/\\\/lastatic.ams3.cdn.digitaloceanspaces.com\\\/2024\\\/12\\\/FotoJet-46-800x533.jpg&quot;,&quot;1000&quot;:&quot;https:\\\/\\\/lastatic.ams3.cdn.digitaloceanspaces.com\\\/2024\\\/12\\\/FotoJet-46-1000x667.jpg&quot;,&quot;1800&quot;:&quot;https:\\\/\\\/lastatic.ams3.cdn.digitaloceanspaces.com\\\/2024\\\/12\\\/FotoJet-46.jpg&quot;}\" data-focuspoint=\"&quot;&quot;\" data-p=\"2478193\" href=\"https:\/\/www.la.lv\/kuri-konservetie-partikas-produkti-ir-labi-zarnu-veselibai-specialisti-nosauc-6-labakos\" class=\"content-item lazy-load\" wp_automatic_readability=\"26\" rel=\"nofollow noopener\" target=\"_blank\"><\/p>\n<p>                                <img decoding=\"async\" src=\"\" alt=\"\" style=\"\" data-imageid=\"\"\/><\/p>\n<p>                                Veselam<\/p>\n<p>\n                                                Kuri konserv\u0113tie p\u0101rtikas produkti ir labi zarnu vesel\u012bbai:  speci\u0101listi nosauc 6 lab\u0101kos\n                            <\/p>\n<p><\/a><a data-imagesrc=\"{&quot;300&quot;:&quot;https:\\\/\\\/lastatic.ams3.cdn.digitaloceanspaces.com\\\/2025\\\/12\\\/Noformejums-bez-nosaukuma-1-300x188.jpg&quot;,&quot;1024&quot;:&quot;https:\\\/\\\/lastatic.ams3.cdn.digitaloceanspaces.com\\\/2025\\\/12\\\/Noformejums-bez-nosaukuma-1-1024x640.jpg&quot;,&quot;1536&quot;:&quot;https:\\\/\\\/lastatic.ams3.cdn.digitaloceanspaces.com\\\/2025\\\/12\\\/Noformejums-bez-nosaukuma-1-1536x960.jpg&quot;,&quot;500&quot;:&quot;https:\\\/\\\/lastatic.ams3.cdn.digitaloceanspaces.com\\\/2025\\\/12\\\/Noformejums-bez-nosaukuma-1-500x313.jpg&quot;,&quot;800&quot;:&quot;https:\\\/\\\/lastatic.ams3.cdn.digitaloceanspaces.com\\\/2025\\\/12\\\/Noformejums-bez-nosaukuma-1-800x500.jpg&quot;,&quot;1600&quot;:&quot;https:\\\/\\\/lastatic.ams3.cdn.digitaloceanspaces.com\\\/2025\\\/12\\\/Noformejums-bez-nosaukuma-1.jpg&quot;}\" data-focuspoint=\"&quot;&quot;\" data-p=\"2477926\" href=\"https:\/\/www.la.lv\/tragisks-notikums-bernu-slimnica-riga-visticamak-mediku-kludas-del-miris-berns\" class=\"content-item lazy-load\" wp_automatic_readability=\"26.5\" rel=\"nofollow noopener\" target=\"_blank\"><\/p>\n<p>                                <img decoding=\"async\" src=\"\" alt=\"\" style=\"\" data-imageid=\"\"\/><\/p>\n<p>                                RAKSTA REDAKTORS<\/p>\n<p>\n                                                Tra\u0123isks notikums b\u0113rnu slimn\u012bc\u0101 R\u012bg\u0101 \u2013 iesp\u0113jams, medi\u0137u k\u013c\u016bdas d\u0113\u013c miris b\u0113rns\n                            <\/p>\n<p><\/a><a data-imagesrc=\"{&quot;300&quot;:&quot;https:\\\/\\\/lastatic.ams3.cdn.digitaloceanspaces.com\\\/2023\\\/04\\\/kafija_saruna-300x197.jpg&quot;,&quot;1024&quot;:&quot;https:\\\/\\\/lastatic.ams3.cdn.digitaloceanspaces.com\\\/2023\\\/04\\\/kafija_saruna-1024x673.jpg&quot;,&quot;768&quot;:&quot;https:\\\/\\\/lastatic.ams3.cdn.digitaloceanspaces.com\\\/2023\\\/04\\\/kafija_saruna-768x505.jpg&quot;,&quot;200&quot;:&quot;https:\\\/\\\/lastatic.ams3.cdn.digitaloceanspaces.com\\\/2023\\\/04\\\/kafija_saruna-200x132.jpg&quot;,&quot;400&quot;:&quot;https:\\\/\\\/lastatic.ams3.cdn.digitaloceanspaces.com\\\/2023\\\/04\\\/kafija_saruna-400x263.jpg&quot;,&quot;500&quot;:&quot;https:\\\/\\\/lastatic.ams3.cdn.digitaloceanspaces.com\\\/2023\\\/04\\\/kafija_saruna-500x329.jpg&quot;,&quot;800&quot;:&quot;https:\\\/\\\/lastatic.ams3.cdn.digitaloceanspaces.com\\\/2023\\\/04\\\/kafija_saruna-800x526.jpg&quot;,&quot;1000&quot;:&quot;https:\\\/\\\/lastatic.ams3.cdn.digitaloceanspaces.com\\\/2023\\\/04\\\/kafija_saruna-1000x658.jpg&quot;,&quot;1408&quot;:&quot;https:\\\/\\\/lastatic.ams3.cdn.digitaloceanspaces.com\\\/2023\\\/04\\\/kafija_saruna.jpg&quot;}\" data-focuspoint=\"&quot;&quot;\" data-p=\"2477580\" href=\"https:\/\/www.la.lv\/ko-nedrikst-lietot-kopa-ar-kafiju-petnieki-izcel-piecus-bistamus-partikas-produktus\" class=\"content-item lazy-load\" wp_automatic_readability=\"26\" rel=\"nofollow noopener\" target=\"_blank\"><\/p>\n<p>                                <img decoding=\"async\" src=\"\" alt=\"\" style=\"\" data-imageid=\"\"\/><\/p>\n<p>                                Veselam<\/p>\n<p>\n                                                Ko nedr\u012bkst lietot kop\u0101 ar kafiju: p\u0113tnieki izce\u013c piecus b\u012bstamus p\u0101rtikas produktus\n                            <\/p>\n<p><\/a><br \/>\n        <a class=\"read-more\" href=\"https:\/\/www.la.lv\/top\" rel=\"nofollow noopener\" target=\"_blank\">Las\u012bt citas zi\u0146as<\/a><\/p>\n<p>Uzliesmojums strauji izplat\u0101s ar\u012b citviet Eirop\u0101. Francij\u0101 gripas gad\u012bjumi pieaug vis\u0101s vecuma grup\u0101s, savuk\u0101rt Sp\u0101nij\u0101, \u012bpa\u0161i Maljork\u0101, strauji aug piepras\u012bjums p\u0113c sejas mask\u0101m un pretgripas z\u0101l\u0113m.<\/p>\n<blockquote><p>Eksperti nor\u0101da, ka domin\u0113 grpas A(H3N2) tipa paveids \u2013 t\u0101 d\u0113v\u0113t\u0101 \u201csupergripa\u201d. Gripa \u0161osezon s\u0101kusies neparasti agri,<\/p><\/blockquote>\n<p>    CITI \u0160OBR\u012aD LASA<\/p>\n<p> turkl\u0101t apst\u0101k\u013ci \u2013 silts un mitrs laiks, b\u0113rni skol\u0101s \u2013 ir ide\u0101li v\u012brusa izplat\u012bbai.<\/p>\n<p>Amatpersonas aicina britus atgriezties pie Covid laik\u0101 ierastajiem piesardz\u012bbas pas\u0101kumiem. Ja cilv\u0113ks klepo vai \u0161\u0137auda, bet j\u016btas pietiekami labi, lai dotos uz darbu, tiek rekomend\u0113ts valk\u0101t sejas masku gan sabiedriskaj\u0101 transport\u0101, gan biroj\u0101, lai mazin\u0101tu v\u012brusa izplat\u012b\u0161anu kol\u0113\u0123iem.<\/p>\n<p>Vald\u012bba nor\u0101da \u2013 <\/p>\n<blockquote><p>galven\u0101 aizsardz\u012bba joproj\u0101m ir vakcin\u0101cija. Lielbrit\u0101nij\u0101 jau veikti gandr\u012bz 17 miljoni gripas po\u0161u, kas ir vair\u0101k nek\u0101 \u0161aj\u0101 period\u0101 p\u0113rn.<\/p><\/blockquote>\n<p> Vienlaikus nozares ministrs atg\u0101dina, ka masku n\u0113s\u0101\u0161ana nav oblig\u0101ta, bet gan ieteicams piesardz\u012bbas pas\u0101kums.<\/p>\n<p>Skol\u0101s situ\u0101cija ir sare\u017e\u0123\u012bta. Da\u017e\u0101s m\u0101c\u012bbu iest\u0101d\u0113s slim\u012bba izplat\u012bjusies tik masveid\u012bgi, ka iest\u0101des uz laiku sl\u0113gtas, veicot telpu dezinfekciju un p\u0101rejot uz att\u0101lin\u0101t\u0101m stund\u0101m. St Martin\u2019s skol\u0101 Vels\u0101 saslimu\u0161i vair\u0101k nek\u0101 250 skol\u0113nu un darbinieku.<\/p>\n<p>Ar\u012b cit\u0101s skol\u0101s Anglij\u0101 un Vels\u0101 v\u0113rojama augsta saslimst\u012bba \u2013 da\u017eviet sl\u0113gtas visas skolas, citviet atceltai kori un samazin\u0101ti lielie pas\u0101kumi, lai ierobe\u017eotu v\u012brusa izplat\u012bbu. Tom\u0113r ministrij\u0101 uzsver: izgl\u012bt\u012bbas iest\u0101\u017eu sl\u0113g\u0161ana pie\u013caujama tikai \u201cekstr\u0113mos apst\u0101k\u013cos\u201d.<\/p>\n<p> Medi\u0137i aicina sabiedr\u012bbu nopietni uztvert situ\u0101ciju un r\u012bkoties kole\u0123i\u0101li \u2013 lietot maskas, mazg\u0101t rokas, izvair\u012bties no kontakta ar slimiem cilv\u0113kiem un, ja iesp\u0113jams, vakcin\u0113ties. Vi\u0146i br\u012bdina: <\/p>\n<blockquote><p>\u0161\u012b gripas sezona ir neparasti agr\u012bna, \u013coti agres\u012bva un rada milz\u012bgu slodzi vesel\u012bbas apr\u016bpes sist\u0113mai.<\/p><\/blockquote>\n<p>T\u0113mas<\/p>\n<p>    SAIST\u012aTIE RAKSTI<\/p>\n","protected":false},"excerpt":{"rendered":"Foto: AFP\/ SCANPIX\/LETA Lielbrit\u0101niju \u0161obr\u012bd skar smaga \u201csupergripas\u201d epid\u0113mija \u2013 slimn\u012bcas zi\u0146o par kritiskiem gad\u012bjumiem, da\u017eviet skolas tiek&hellip;\n","protected":false},"author":2,"featured_media":70195,"comment_status":"","ping_status":"","sticky":false,"template":"","format":"standard","meta":{"footnotes":""},"categories":[14],"tags":[23,57,28,29,32,33,22,30,31,35,39,38,36,37,34,40,20,26,27,24,25,54,55,56,21,58],"class_list":{"0":"post-70194","1":"post","2":"type-post","3":"status-publish","4":"format-standard","5":"has-post-thumbnail","7":"category-zinas-no-arvalstim","8":"tag-aktualitates","9":"tag-arvalstim","10":"tag-breaking-news","11":"tag-breakingnews","12":"tag-featured-news","13":"tag-featurednews","14":"tag-headlines","15":"tag-latest-news","16":"tag-latestnews","17":"tag-latvia","18":"tag-latvian","19":"tag-latviesu","20":"tag-latviesu-valoda","21":"tag-latviesuvaloda","22":"tag-latvija","23":"tag-lv","24":"tag-news","25":"tag-popularakas-zinas","26":"tag-popularakaszinas","27":"tag-top-stories","28":"tag-topstories","29":"tag-world","30":"tag-world-news","31":"tag-worldnews","32":"tag-zinas","33":"tag-zinas-no-arvalstim"},"share_on_mastodon":{"url":"https:\/\/pubeurope.com\/@lv\/115691622937427396","error":""},"_links":{"self":[{"href":"https:\/\/www.europesays.com\/lv\/wp-json\/wp\/v2\/posts\/70194","targetHints":{"allow":["GET"]}}],"collection":[{"href":"https:\/\/www.europesays.com\/lv\/wp-json\/wp\/v2\/posts"}],"about":[{"href":"https:\/\/www.europesays.com\/lv\/wp-json\/wp\/v2\/types\/post"}],"author":[{"embeddable":true,"href":"https:\/\/www.europesays.com\/lv\/wp-json\/wp\/v2\/users\/2"}],"replies":[{"embeddable":true,"href":"https:\/\/www.europesays.com\/lv\/wp-json\/wp\/v2\/comments?post=70194"}],"version-history":[{"count":0,"href":"https:\/\/www.europesays.com\/lv\/wp-json\/wp\/v2\/posts\/70194\/revisions"}],"wp:featuredmedia":[{"embeddable":true,"href":"https:\/\/www.europesays.com\/lv\/wp-json\/wp\/v2\/media\/70195"}],"wp:attachment":[{"href":"https:\/\/www.europesays.com\/lv\/wp-json\/wp\/v2\/media?parent=70194"}],"wp:term":[{"taxonomy":"category","embeddable":true,"href":"https:\/\/www.europesays.com\/lv\/wp-json\/wp\/v2\/categories?post=70194"},{"taxonomy":"post_tag","embeddable":true,"href":"https:\/\/www.europesays.com\/lv\/wp-json\/wp\/v2\/tags?post=70194"}],"curies":[{"name":"wp","href":"https:\/\/api.w.org\/{rel}","templated":true}]}}