{"id":70203,"date":"2025-12-09T21:08:07","date_gmt":"2025-12-09T21:08:07","guid":{"rendered":"https:\/\/www.europesays.com\/lv\/70203\/"},"modified":"2025-12-09T21:08:07","modified_gmt":"2025-12-09T21:08:07","slug":"teatris-ir-mana-milestiba-saruna-ar-spelmanu-nakts-gada-aktieri-arti-jancevski-lente-lv","status":"publish","type":"post","link":"https:\/\/www.europesays.com\/lv\/70203\/","title":{"rendered":"\u00abTe\u0101tris ir mana m\u012blest\u012bba.\u00bb Saruna ar \u00abSp\u0113lma\u0146u nakts\u00bb gada aktieri Arti Jan\u010devski\u00a0\u2014\u00a0Lente.lv"},"content":{"rendered":"<p>Te\u0101tris k\u0101 dz\u012bvesveids: Saruna ar gada aktieri Arti Jan\u010devski<\/p>\n<p>Aktieris Artis Jan\u010devskis, kur\u0161 nesen sa\u0146\u0113mis presti\u017eo &#8220;Sp\u0113lma\u0146u nakts&#8221; balvu k\u0101 gada aktieris, sav\u0101s dom\u0101s par te\u0101tri dal\u0101s ar dzi\u013cu aizraut\u012bbu un personisku piepild\u012bjumu. Vi\u0146\u0161 te\u0101tri raksturo ne tikai k\u0101 profesiju, bet k\u0101 neat\u0146emamu dz\u012bves sast\u0101vda\u013cu, kas sniedz gan atp\u016btu, gan nogurumu, vienlaikus piepildot ar neizsak\u0101mu pieredzi.<\/p>\n<blockquote>\n<p>&#8220;Man te\u0101tris ir liels, nezin\u0101ms piedz\u012bvojums, kas mani piepilda un man\u012b atrod k\u0101das nezin\u0101mas, po\u0113tiski sakot, t\u0101les. Vien\u0101 v\u0101rd\u0101 tas ir mans dz\u012bvesveids, kur es atp\u016b\u0161os un ar\u012b nogurstu. Te\u0101tris ir mana m\u012blest\u012bba, t\u0101 es to var\u0113tu formul\u0113t,&#8221; t\u0101 Artis Jan\u010devskis.<\/p>\n<\/blockquote>\n<p>Neatsverama atzin\u012bba un t\u0101s ietekme<\/p>\n<p>Sa\u0146emot gada aktiera balvu par Hansa Kastorpa atveidojumu Toma Trei\u0146a iestud\u0113jum\u0101 &#8220;Burvju kalns&#8221;, Jan\u010devskis atz\u012bst, ka tas bijis liels un negaid\u012bts p\u0101rsteigums. Lai gan vi\u0146\u0161 tic sav\u0101m sp\u0113j\u0101m, balvas ieg\u016b\u0161ana rad\u012bjusi \u012bpa\u0161u savi\u013c\u0146ojumu un emocion\u0101lu pacil\u0101t\u012bbu. \u0160is apbalvojums Jan\u010devskim noz\u012bm\u0113 vair\u0101k nek\u0101 tikai profesion\u0101lu atzin\u012bbu \u2013 tas ir apliecin\u0101jums g\u016bt\u0101 emocion\u0101l\u0101 siltuma un cilv\u0113km\u012blest\u012bbas, kas vi\u0146u joproj\u0101m silda un iedvesmo. &#8220;Tas man bija p\u0101rsteigums\u2026 Es v\u0113l dz\u012bvoju taj\u0101,&#8221; dal\u0101s aktieris, uzsverot, ka balva atsver visus iepriek\u0161\u0113jos gr\u016btos br\u012b\u017eus un \u0161aubas par sevi. Vi\u0146\u0161 j\u016btas pagodin\u0101ts, ka ir sa\u0146\u0113mis tik daudz labu v\u0101rdu un apsk\u0101vienu, kas vi\u0146am dod viegluma saj\u016btu un \u013cauj dz\u012bvot \u0161aj\u0101 skaistaj\u0101, ieilgu\u0161aj\u0101 mirkl\u012b.<\/p>\n<p>Lom\u0101s un izaicin\u0101jumos<\/p>\n<p>Artis Jan\u010devskis ir Valmieras te\u0101tra jaunais talants, kur\u0161 savu karjeru s\u0101cis jau vidusskolas laik\u0101, piedaloties te\u0101tra izr\u0101d\u0113s. P\u0113c Latvijas Kult\u016bras akad\u0113mijas Dramatisk\u0101 te\u0101tra aktieru kursa absolv\u0113\u0161anas 2021. gad\u0101, vi\u0146a ce\u013c\u0161 ir bijis nep\u0101rtrauktas izaugsmes un rado\u0161as notur\u012bbas pilns. Vi\u0146a aktiersp\u0113li raksturo izteikta emp\u0101tija, balss maigums un dabiska kl\u0101tb\u016btne, kas \u013cauj nians\u0113ti atveidot t\u0113lu iek\u0161\u0113jo pasauli.<\/p>\n<p>Loma Hansa Kastorpa t\u0113l\u0101 izr\u0101d\u0113 &#8220;Burvju kalns&#8221; k\u013cuvusi par vienu no noz\u012bm\u012bg\u0101kaj\u0101m un d\u0101rg\u0101kaj\u0101m d\u0101van\u0101m Jan\u010devska karjer\u0101. Lai gan s\u0101kotn\u0113ji aktieri nom\u0101c\u012bju\u0161as bailes un \u0161aubas par savu pieredzi, darba process ir atkl\u0101jis jaunas rezerves un \u013c\u0101vis vi\u0146am izaugt gan k\u0101 Artim, gan k\u0101 cilv\u0113kam. &#8220;Es nezin\u0101ju, ka es t\u0101 varu,&#8221; atz\u012bst aktieris, uzsverot, ka izr\u0101de ir devusi vi\u0146am negaid\u012btu atkl\u0101smi par sav\u0101m sp\u0113j\u0101m.<\/p>\n<p>&#8220;Burvju kalns&#8221; ir ne tikai aizraujo\u0161s st\u0101sts, bet ar\u012b dzi\u013c\u0161 darbs, kas atkl\u0101j cilv\u0113cisk\u0101s v\u0113rt\u012bbas. Re\u017eisors Toms Treinis uzsver, ka Hansa Kastorpa loma ir st\u0101sts par sirds vienk\u0101r\u0161\u012bbu un milz\u012bgu izaugsmi. Jan\u010devska interpret\u0101cija, kur\u0101 vi\u0146\u0161 sp\u0113l\u0113 varoni, kur\u0161 non\u0101k sve\u0161\u0101 pasaul\u0113 un sastopas ar negaid\u012btiem izaicin\u0101jumiem, ir apliecin\u0101jums aktiera sp\u0113jai atkl\u0101t sare\u017e\u0123\u012btus iek\u0161\u0113jos konfliktus un pieaugt kop\u0101 ar savu varoni.<\/p>\n<p>Aktiera ce\u013c\u0161 no otr\u0101 pl\u0101na lom\u0101m l\u012bdz nomin\u0101cijai &#8220;Sp\u0113lma\u0146u nakts&#8221; balvai par Paolo lomu izr\u0101d\u0113 &#8220;Paolo un Fran\u010deska&#8221; apliecina vi\u0146a profesion\u0101lo izaugsmi un rado\u0161o notur\u012bbu. Jan\u010devskis jau iepriek\u0161 ir nomin\u0113ts &#8220;Sp\u0113lma\u0146u nakts&#8221; balvai kategorij\u0101 &#8220;Gada jaunais aktieris&#8221;, kas liecina par vi\u0146a nemit\u012bgo att\u012bst\u012bbu un sp\u0113ju p\u0101rsteigt.<\/p>\n<p>Te\u0101tra noz\u012bme un n\u0101kotnes perspekt\u012bvas<\/p>\n<p>Artis Jan\u010devskis uzskata, ka te\u0101trim \u0161aj\u0101 trauksmainaj\u0101 laik\u0101 ir \u012bpa\u0161a noz\u012bme \u2013 caur fant\u0101zijas pasauli transform\u0113t cilv\u0113ku dom\u0101\u0161anu uz labv\u0113l\u012bg\u0101ku pasaules modeli. &#8220;Te\u0101trim ir j\u0101pilda \u0161\u012b funkcija \u2013 j\u0101turpina run\u0101t par smag\u0101m un b\u016btisk\u0101m t\u0113m\u0101m. Nedr\u012bkst b\u016bt klusi, ir j\u0101b\u016bt ska\u013ciem,&#8221; uzsver aktieris. Vi\u0146apr\u0101t, izr\u0101des &#8220;Burvju kalns&#8221; tap\u0161ana bija nepiecie\u0161am\u012bba, lai dz\u012bvotu un run\u0101tu par svar\u012bg\u0101m liet\u0101m tie\u0161i \u0161obr\u012bd.<\/p>\n<p>Valmieras te\u0101tris ar saviem jaunajiem talantiem pier\u0101da, ka skatuves m\u0101ksl\u0101 vecums nav noteico\u0161ais faktors. Elizabetes Miltas sa\u0146emt\u0101 balva k\u0101 &#8220;Gada jaunais skatuves m\u0101kslinieks&#8221; un Nika Ciprusa atz\u012b\u0161ana par &#8220;Gada gaismu m\u0101kslinieku&#8221; apliecina, ka svar\u012bg\u0101kais ir no sirds ieguld\u012btais darbs un talants. Arta Jan\u010devska pan\u0101kumi ir k\u0101 apliecin\u0101jums tam, ka Valmieras te\u0101tris ir vieta, kur aug un att\u012bst\u0101s spilgti m\u0101kslinieki.<\/p>\n<p>Aktiera ce\u013c\u0161 ir pilns ar p\u0101rsteigumiem un izaicin\u0101jumiem, ta\u010du galvenais ir turpin\u0101t apliecin\u0101t sevi un savu m\u012blest\u012bbu pret te\u0101tri. K\u0101 saka pats Jan\u010devskis, vi\u0146\u0161 joproj\u0101m dz\u012bvo \u0161aj\u0101 balvas rad\u012btaj\u0101 saj\u016btu virpul\u012b un cer, ka ar\u012b turpm\u0101k vi\u0146a rado\u0161ais ce\u013c\u0161 b\u016bs piepild\u012bts ar l\u012bdz\u012bgiem skaistiem mirk\u013ciem un piedz\u012bvojumiem.<\/p>\n","protected":false},"excerpt":{"rendered":"Te\u0101tris k\u0101 dz\u012bvesveids: Saruna ar gada aktieri Arti Jan\u010devski Aktieris Artis Jan\u010devskis, kur\u0161 nesen sa\u0146\u0113mis presti\u017eo &#8220;Sp\u0113lma\u0146u nakts&#8221;&hellip;\n","protected":false},"author":2,"featured_media":70204,"comment_status":"","ping_status":"","sticky":false,"template":"","format":"standard","meta":{"footnotes":""},"categories":[19],"tags":[15564,16349,89,16348,90,35,39,38,36,37,34,40,6020,3347],"class_list":{"0":"post-70203","1":"post","2":"type-post","3":"status-publish","4":"format-standard","5":"has-post-thumbnail","7":"category-izklaide","8":"tag-artis-jancevskis","9":"tag-burvju-kalns","10":"tag-entertainment","11":"tag-gada-aktieris","12":"tag-izklaide","13":"tag-latvia","14":"tag-latvian","15":"tag-latviesu","16":"tag-latviesu-valoda","17":"tag-latviesuvaloda","18":"tag-latvija","19":"tag-lv","20":"tag-spelmanu-nakts","21":"tag-valmieras-teatris"},"share_on_mastodon":{"url":"https:\/\/pubeurope.com\/@lv\/115691657973689519","error":""},"_links":{"self":[{"href":"https:\/\/www.europesays.com\/lv\/wp-json\/wp\/v2\/posts\/70203","targetHints":{"allow":["GET"]}}],"collection":[{"href":"https:\/\/www.europesays.com\/lv\/wp-json\/wp\/v2\/posts"}],"about":[{"href":"https:\/\/www.europesays.com\/lv\/wp-json\/wp\/v2\/types\/post"}],"author":[{"embeddable":true,"href":"https:\/\/www.europesays.com\/lv\/wp-json\/wp\/v2\/users\/2"}],"replies":[{"embeddable":true,"href":"https:\/\/www.europesays.com\/lv\/wp-json\/wp\/v2\/comments?post=70203"}],"version-history":[{"count":0,"href":"https:\/\/www.europesays.com\/lv\/wp-json\/wp\/v2\/posts\/70203\/revisions"}],"wp:featuredmedia":[{"embeddable":true,"href":"https:\/\/www.europesays.com\/lv\/wp-json\/wp\/v2\/media\/70204"}],"wp:attachment":[{"href":"https:\/\/www.europesays.com\/lv\/wp-json\/wp\/v2\/media?parent=70203"}],"wp:term":[{"taxonomy":"category","embeddable":true,"href":"https:\/\/www.europesays.com\/lv\/wp-json\/wp\/v2\/categories?post=70203"},{"taxonomy":"post_tag","embeddable":true,"href":"https:\/\/www.europesays.com\/lv\/wp-json\/wp\/v2\/tags?post=70203"}],"curies":[{"name":"wp","href":"https:\/\/api.w.org\/{rel}","templated":true}]}}