{"id":70205,"date":"2025-12-09T21:09:09","date_gmt":"2025-12-09T21:09:09","guid":{"rendered":"https:\/\/www.europesays.com\/lv\/70205\/"},"modified":"2025-12-09T21:09:09","modified_gmt":"2025-12-09T21:09:09","slug":"rigas-zelli-enbl-spele-bulgarija-pieveic-plevenas-spartak-jauns-lv","status":"publish","type":"post","link":"https:\/\/www.europesays.com\/lv\/70205\/","title":{"rendered":"&quot;R\u012bgas ze\u013c\u013ci&quot; ENBL sp\u0113l\u0113 Bulg\u0101rij\u0101 pieveic Plevenas &quot;Spartak&quot; &#8211; Jauns.lv"},"content":{"rendered":"<ol>\n<li><a href=\"https:\/\/news.google.com\/rss\/articles\/CBMimwFBVV95cUxQRllsbm9hTjJBcXVobktGQ0hiUy1xQjFjYU5uSnJjWTdsSUg1cGNxUUFZSHFhSUN0V0RQSy1POHpkMVlqOUExbjdVVXdDNVBmSjdWWGtnTUF4M3VZSkQ0TmU3NWxMN0RpOERFcFpkWm1jNEpQS1A3cnpLQjNZMU9MREh6VVhzdENjR3ByLWNFU0Nxa2V4anVwZ0l5NA?oc=5\" target=\"_blank\" rel=\"nofollow noopener\">&#8220;R\u012bgas ze\u013c\u013ci&#8221; ENBL sp\u0113l\u0113 Bulg\u0101rij\u0101 pieveic Plevenas &#8220;Spartak&#8221;<\/a>&nbsp;&nbsp;Jauns.lv<\/li>\n<li><a href=\"https:\/\/news.google.com\/rss\/articles\/CBMinAFBVV95cUxOTTJ1ektUbTViQzYyYUFOQ0FXSTJ3QjEzN1lQZ21hTlBZTHpWX1FJaHlEZUpnck9Tb1NhekRXamFaVHdJWWk0X1Zla2hEMzJVemxhVXJESEZ6a1Foczljb1FCV2RkY2hmam8tZlZtTVJQcGphNEFWNTd3aG5WN1FLXzdMcmpjWl9fTWdwd21CU09XcUZmcXNQTHZoR2k?oc=5\" target=\"_blank\" rel=\"nofollow noopener\">&#8220;Ze\u013c\u013ci&#8221; atsp\u0113l\u0113 defic\u012btu un Bulg\u0101rij\u0101 atgrie\u017eas uz uzvaru takas \u2013 Basketbols<\/a>&nbsp;&nbsp;Sportacentrs.com<\/li>\n<li><a href=\"https:\/\/news.google.com\/rss\/articles\/CBMisgFBVV95cUxPYXh1ZXFjRWFDWXhzV0dmQWR5VWx3R25yZ18zRVRIampmYXJZa1ZkX0JSczQyZERDR3c1R3A3UFNBWEw5d3ZScVpQb1ZhU0tBZGZoS3NTZGtXcExkbTJKSDVVQnZxWDhZZm9WYkE2QWZTNXh1VjQ3YVM4VUxrSkVZWC00OXBJWURzVDZHUUkzbHFwWDQ4aGZqaXRYVElZNk5kZFAtNTNnejF4RVpidVRGMHRn?oc=5\" target=\"_blank\" rel=\"nofollow noopener\">Vai izdosies atgriezties uz pan\u0101kumu takas? &#8220;R\u012bgas Ze\u013c\u013ci&#8221; aizvad\u012bs ENBL ma\u010du Bulg\u0101rij\u0101<\/a>&nbsp;&nbsp;Sportazinas.com<\/li>\n<li><a href=\"https:\/\/news.google.com\/rss\/articles\/CBMiwAFBVV95cUxOMWdrQXFNUkhGeEZaTml2aTdvdHBkSEg0Y1lkZEl4VHY5a3FwbExpZUtlSkl2OHAwT0pUcnZkNjZxRDlCYjBpQ2VyUWExZTlLUlJkSUQxODJKWlA2SGNUQS16Wm1pUDVfUmhuY2NIOEsxZl9fNjVFbWc2Tm1MN1VLaWtBR3BFSDVZZy1jYmVmWG9IZFdxMXRjYTBybng2NmdidThtd0RxTnhHTUx4MnpYU2phM0hDWDNnSzNmd2xyNGU?oc=5\" target=\"_blank\" rel=\"nofollow noopener\">Basketbola intrigas Zieme\u013cu l\u012bg\u0101: &#8220;Ze\u013c\u013ci&#8221; un &#8220;Valmiera Glass&#8221;\/ViA aizvada m\u0101jas sp\u0113les<\/a>&nbsp;&nbsp;Lente.lv<\/li>\n<li><a href=\"https:\/\/news.google.com\/rss\/articles\/CBMiqwFBVV95cUxQTjk5OFJ4MWoxMGF0VTNmbFlhQVVLMmFhbW1pUHFwMmc0U1p0dU1fWGFpdnNxXzdlakgwbklzRFNLb09TYkhqUGc3WER6cWZienZHWXFKcHRiRXJEZ3UyRTBaREJrbkJTOHp6d0g0OGxUSEZERmN3c0V4TE1BcjNxRm9odjVWdHZlQUdVNGU3ZXlKeVZOTER6ZzZKQWw0cVJnMkhQeFp2WWxCdGc?oc=5\" target=\"_blank\" rel=\"nofollow noopener\">\u201cValmiera Glass\u201d\/ViA tiek pie uzvaras, \u201cR\u012bgas Ze\u013c\u013ci\u201d cie\u0161 zaud\u0113jumu ENBL ma\u010dos<\/a>&nbsp;&nbsp;tv3.lv<\/li>\n<\/ol>\n","protected":false},"excerpt":{"rendered":"&#8220;R\u012bgas ze\u013c\u013ci&#8221; ENBL sp\u0113l\u0113 Bulg\u0101rij\u0101 pieveic Plevenas &#8220;Spartak&#8221;&nbsp;&nbsp;Jauns.lv &#8220;Ze\u013c\u013ci&#8221; atsp\u0113l\u0113 defic\u012btu un Bulg\u0101rij\u0101 atgrie\u017eas uz uzvaru takas \u2013&hellip;\n","protected":false},"author":2,"featured_media":70206,"comment_status":"","ping_status":"","sticky":false,"template":"","format":"standard","meta":{"footnotes":""},"categories":[17],"tags":[35,39,38,36,37,34,40,67],"class_list":{"0":"post-70205","1":"post","2":"type-post","3":"status-publish","4":"format-standard","5":"has-post-thumbnail","7":"category-sports","8":"tag-latvia","9":"tag-latvian","10":"tag-latviesu","11":"tag-latviesu-valoda","12":"tag-latviesuvaloda","13":"tag-latvija","14":"tag-lv","15":"tag-sports"},"share_on_mastodon":{"url":"https:\/\/pubeurope.com\/@lv\/115691661838928228","error":""},"_links":{"self":[{"href":"https:\/\/www.europesays.com\/lv\/wp-json\/wp\/v2\/posts\/70205","targetHints":{"allow":["GET"]}}],"collection":[{"href":"https:\/\/www.europesays.com\/lv\/wp-json\/wp\/v2\/posts"}],"about":[{"href":"https:\/\/www.europesays.com\/lv\/wp-json\/wp\/v2\/types\/post"}],"author":[{"embeddable":true,"href":"https:\/\/www.europesays.com\/lv\/wp-json\/wp\/v2\/users\/2"}],"replies":[{"embeddable":true,"href":"https:\/\/www.europesays.com\/lv\/wp-json\/wp\/v2\/comments?post=70205"}],"version-history":[{"count":0,"href":"https:\/\/www.europesays.com\/lv\/wp-json\/wp\/v2\/posts\/70205\/revisions"}],"wp:featuredmedia":[{"embeddable":true,"href":"https:\/\/www.europesays.com\/lv\/wp-json\/wp\/v2\/media\/70206"}],"wp:attachment":[{"href":"https:\/\/www.europesays.com\/lv\/wp-json\/wp\/v2\/media?parent=70205"}],"wp:term":[{"taxonomy":"category","embeddable":true,"href":"https:\/\/www.europesays.com\/lv\/wp-json\/wp\/v2\/categories?post=70205"},{"taxonomy":"post_tag","embeddable":true,"href":"https:\/\/www.europesays.com\/lv\/wp-json\/wp\/v2\/tags?post=70205"}],"curies":[{"name":"wp","href":"https:\/\/api.w.org\/{rel}","templated":true}]}}