{"id":70209,"date":"2025-12-09T21:12:13","date_gmt":"2025-12-09T21:12:13","guid":{"rendered":"https:\/\/www.europesays.com\/lv\/70209\/"},"modified":"2025-12-09T21:12:13","modified_gmt":"2025-12-09T21:12:13","slug":"rinkevics-prasis-saeimai-parskatit-likumu-par-celu-lietosanas-nodevas-palielinasanu-kravas-auto","status":"publish","type":"post","link":"https:\/\/www.europesays.com\/lv\/70209\/","title":{"rendered":"Rink\u0113vi\u010ds pras\u012bs Saeimai p\u0101rskat\u012bt likumu par ce\u013cu lieto\u0161anas nodevas palielin\u0101\u0161anu kravas auto"},"content":{"rendered":"<p>Rink\u0113vi\u010ds atz\u012bm\u0113, ka pirms likumprojekta non\u0101k\u0161anas Saeim\u0101 notikusi publisk\u0101 apsprie\u0161ana, kur\u0101 nek\u0101di iebildumi vai priek\u0161likumi netika sa\u0146emti, tom\u0113r p\u0113c likuma pie\u0146em\u0161anas gan autop\u0101rvad\u0101jumu nozares, gan mazo un vid\u0113jo uz\u0146\u0113m\u0113ju un zemnieku p\u0101rst\u0101vji pauda ba\u017eas par pl\u0101notaj\u0101m izmai\u0146\u0101m, uzsverot nov\u0113lot\u0101s regul\u0113juma izmai\u0146as, kad komersanti jau ir sapl\u0101noju\u0161i savu komercdarb\u012bbu un nosl\u0113gu\u0161i atbilsto\u0161us l\u012bgumus n\u0101kamajam gadam.<\/p>\n<p>Valsts prezidenta ieskat\u0101 p\u0113c likuma pie\u0146em\u0161anas gal\u012bgaj\u0101 las\u012bjum\u0101 ir paliku\u0161i vair\u0101ki b\u016btiski jaut\u0101jumi, kurus likumdev\u0113jam vajadz\u0113tu v\u0113lreiz apsv\u0113rt, un t\u0101d\u0113\u013c ir nepiecie\u0161ama \u0161\u0101 likuma otrreiz\u0113ja caurl\u016bko\u0161ana. Vi\u0146\u0161 nor\u0101da, ka regul\u0113jumam ir netie\u0161a ietekme ar\u012b uz cit\u0101m sabiedr\u012bbas grup\u0101m, piem\u0113ram, pat\u0113r\u0113t\u0101jiem, saist\u012bb\u0101 ar pre\u010du un pakalpojumu iesp\u0113jamo cenu pieaugumu.<\/p>\n<p>T\u0101pat Rink\u0113vi\u010ds uzsver, ka likuma izstr\u0101des materi\u0101los nor\u0101d\u012bts vien tas, ka min\u0113t\u0101s personas ar jauno regul\u0113jumu tiks ietekm\u0113tas, bet ietekmes anal\u012bze uz tautsaimniec\u012bbu nav atrodama. P\u0113c Valsts prezidenta paust\u0101, likumdev\u0113jam j\u0101g\u016bst p\u0101rliec\u012bba, ka pied\u0101v\u0101t\u0101s izmai\u0146as tiek atbilsto\u0161i m\u0113r\u0137\u0113tas un iesp\u0113jama to piem\u0113ro\u0161ana bez atbr\u012bvojumu no vinjetes maks\u0101\u0161anas p\u0101rskat\u012b\u0161anas vai, glu\u017ei pret\u0113ji, j\u0101veic attiec\u012bgo atbr\u012bvojumu vai citu atbalsta pas\u0101kumu p\u0101rskat\u012b\u0161ana.<\/p>\n<p>Vi\u0146\u0161 inform\u0113 par savu l\u0113mumu tre\u0161dien, 10. decembr\u012b, l\u016bgt Saeimai groz\u012bjumu Autoce\u013cu lieto\u0161anas nodevas likum\u0101 otrreiz\u0113ju caurl\u016bko\u0161anu.<\/p>\n<p>K\u0101 v\u0113st\u012bts, Saeima 3. decembr\u012b pie\u0146\u0113ma groz\u012bjumus Autoce\u013cu lieto\u0161anas nodevas likum\u0101, kas paredz, ka no n\u0101kam\u0101 gada 1. janv\u0101ra tiks palielin\u0101ta liel\u0101k\u0101 da\u013ca autoce\u013cu lieto\u0161anas nodevu jeb vinje\u0161u likmju kravas transportl\u012bdzek\u013ciem virs trim tonn\u0101m.<\/p>\n<p class=\"tv3-fw-500\">Zi\u0146o par k\u013c\u016bdu rakst\u0101<\/p>\n<p class=\"d-md-block d-none\">Iez\u012bm\u0113 k\u013c\u016bdaino tekstu un spied Ctrl+Enter.<\/p>\n<p class=\"d-md-none d-block\">Iez\u012bm\u0113 k\u013c\u016bdaino tekstu un zi\u0146o par to!<\/p>\n","protected":false},"excerpt":{"rendered":"Rink\u0113vi\u010ds atz\u012bm\u0113, ka pirms likumprojekta non\u0101k\u0161anas Saeim\u0101 notikusi publisk\u0101 apsprie\u0161ana, kur\u0101 nek\u0101di iebildumi vai priek\u0161likumi netika sa\u0146emti, tom\u0113r&hellip;\n","protected":false},"author":2,"featured_media":70210,"comment_status":"","ping_status":"","sticky":false,"template":"","format":"standard","meta":{"footnotes":""},"categories":[12],"tags":[23,28,29,17953,32,33,22,30,31,35,39,38,36,37,34,40,20,26,27,24,25,21],"class_list":{"0":"post-70209","1":"post","2":"type-post","3":"status-publish","4":"format-standard","5":"has-post-thumbnail","7":"category-latvija","8":"tag-aktualitates","9":"tag-breaking-news","10":"tag-breakingnews","11":"tag-edgars-rinkevicsvinjete","12":"tag-featured-news","13":"tag-featurednews","14":"tag-headlines","15":"tag-latest-news","16":"tag-latestnews","17":"tag-latvia","18":"tag-latvian","19":"tag-latviesu","20":"tag-latviesu-valoda","21":"tag-latviesuvaloda","22":"tag-latvija","23":"tag-lv","24":"tag-news","25":"tag-popularakas-zinas","26":"tag-popularakaszinas","27":"tag-top-stories","28":"tag-topstories","29":"tag-zinas"},"share_on_mastodon":{"url":"https:\/\/pubeurope.com\/@lv\/115691673869246048","error":""},"_links":{"self":[{"href":"https:\/\/www.europesays.com\/lv\/wp-json\/wp\/v2\/posts\/70209","targetHints":{"allow":["GET"]}}],"collection":[{"href":"https:\/\/www.europesays.com\/lv\/wp-json\/wp\/v2\/posts"}],"about":[{"href":"https:\/\/www.europesays.com\/lv\/wp-json\/wp\/v2\/types\/post"}],"author":[{"embeddable":true,"href":"https:\/\/www.europesays.com\/lv\/wp-json\/wp\/v2\/users\/2"}],"replies":[{"embeddable":true,"href":"https:\/\/www.europesays.com\/lv\/wp-json\/wp\/v2\/comments?post=70209"}],"version-history":[{"count":0,"href":"https:\/\/www.europesays.com\/lv\/wp-json\/wp\/v2\/posts\/70209\/revisions"}],"wp:featuredmedia":[{"embeddable":true,"href":"https:\/\/www.europesays.com\/lv\/wp-json\/wp\/v2\/media\/70210"}],"wp:attachment":[{"href":"https:\/\/www.europesays.com\/lv\/wp-json\/wp\/v2\/media?parent=70209"}],"wp:term":[{"taxonomy":"category","embeddable":true,"href":"https:\/\/www.europesays.com\/lv\/wp-json\/wp\/v2\/categories?post=70209"},{"taxonomy":"post_tag","embeddable":true,"href":"https:\/\/www.europesays.com\/lv\/wp-json\/wp\/v2\/tags?post=70209"}],"curies":[{"name":"wp","href":"https:\/\/api.w.org\/{rel}","templated":true}]}}