{"id":70214,"date":"2025-12-09T21:15:26","date_gmt":"2025-12-09T21:15:26","guid":{"rendered":"https:\/\/www.europesays.com\/lv\/70214\/"},"modified":"2025-12-09T21:15:26","modified_gmt":"2025-12-09T21:15:26","slug":"jekabpils-galda-hokejists-ieklust-riga-cup-play-off-un-pacelas-pasaules-ranga-jekabpils-laiks-jekabpils-zinas","status":"publish","type":"post","link":"https:\/\/www.europesays.com\/lv\/70214\/","title":{"rendered":"J\u0113kabpils galda hokejists iek\u013c\u016bst \u201cRiga Cup\u201d play-off un pace\u013cas pasaules rang\u0101 \/ J\u0113kabpils Laiks: J\u0113kabpils zi\u0146as"},"content":{"rendered":"<p>R\u012bg\u0101 aizvad\u012bts Pasaules T\u016bres turn\u012brs &#8220;Riga Cup&#8221;, kur\u0101 sacent\u0101s 180 dal\u012bbnieki no 12 valst\u012bm \u2013 Latvijas, \u010cehijas, Zviedrijas, Somijas, \u012arijas, Ukrainas, Igaunijas, Lietuvas, Slov\u0113nijas, Norv\u0113\u0123ijas, V\u0101cijas un Izra\u0113las.<\/p>\n<p>\u012apa\u0161i izc\u0113l\u0101s j\u0113kabpilietis Andrejs Kuz\u0146ecovs, kur\u0161, izlai\u017eot kvalifik\u0101ciju, uzreiz sp\u0113l\u0113ja pamatturn\u012br\u0101 un p\u0101rliecino\u0161i iek\u013cuva pusfin\u0101lgrup\u0101s. No \u010detr\u0101m pusfin\u0101lgrup\u0101m lab\u0101kie 12 jeb Top 48 kvalific\u0113j\u0101s otrajai turn\u012bra dienai \u2013 fin\u0101lgrup\u0101m. Andrejs pusfin\u0101lgrup\u0101 ierindoj\u0101s 12. viet\u0101, un, lai gan kvalific\u0113\u0161an\u0101s fin\u0101lgrup\u0101m bija piesardz\u012bgi gaid\u012bta, iek\u013c\u016b\u0161ana Play-off Top32 izr\u0101d\u012bj\u0101s pat\u012bkams p\u0101rsteigums.<\/p>\n<p>Fin\u0101lgrup\u0101 Andrejs ie\u0146\u0113ma 13. vietu, savuk\u0101rt Play-off 1\/8 fin\u0101l\u0101 vi\u0146\u0161 sacent\u0101s pret r\u012bdzinieku Sandi Kristapu Lagzdi\u0146u, kur\u0161 Pasaules rang\u0101 \u0161obr\u012bd ie\u0146em 15. vietu. S\u0113rij\u0101 l\u012bdz \u010detr\u0101m uzvar\u0101m Andrejs piek\u0101p\u0101s ar rezult\u0101tu 0:4. Pirms turn\u012bra vi\u0146\u0161 pasaules rang\u0101 atrad\u0101s 94. viet\u0101, un \u010dempion\u0101t\u0101 izc\u012bn\u012bt\u0101 29. vieta \u013caus pak\u0101pties rang\u0101 un sniedz labas cer\u012bbas turpm\u0101kajai sezonai.<\/p>\n<p>Turn\u012bra uzvar\u0113t\u0101js k\u013cuva pa\u0161reiz\u0113jais pasaules \u010dempions un ranga l\u012bderis Rainers Kalni\u0146\u0161, fin\u0101l\u0101 apsp\u0113l\u0113jot tituliem bag\u0101to Edgaru Caicu. Tre\u0161o vietu izc\u012bn\u012bja somietis Roni Nuttunen.<\/p>\n<p>N\u0101kam\u0101s sacens\u012bbas paredz\u0113tas 10. janv\u0101r\u012b R\u012bg\u0101, kad notiks Latvijas Kausa izc\u012b\u0146as 2. posms. Pasaules T\u016bres kalend\u0101r\u0101 neliela pauze, un n\u0101kamais turn\u012brs gaid\u0101ms 7. febru\u0101r\u012b Zviedrijas galvaspils\u0113t\u0101 Stokholm\u0101, kur notiks v\u0113sturiski noz\u012bm\u012bgais &#8220;Swedish Masters&#8221; Supers\u0113rijas posms. Latvijas deleg\u0101cija, visticam\u0101k, tiks p\u0101rst\u0101v\u0113ta ar\u012b no J\u0113kabpils. \u0160osezon Pasaules T\u016bres kalend\u0101r\u0101 ir 15 posmi, no kuriem pieci ir Supers\u0113rijas status\u0101.<\/p>\n","protected":false},"excerpt":{"rendered":"R\u012bg\u0101 aizvad\u012bts Pasaules T\u016bres turn\u012brs &#8220;Riga Cup&#8221;, kur\u0101 sacent\u0101s 180 dal\u012bbnieki no 12 valst\u012bm \u2013 Latvijas, \u010cehijas, Zviedrijas,&hellip;\n","protected":false},"author":2,"featured_media":70215,"comment_status":"","ping_status":"","sticky":false,"template":"","format":"standard","meta":{"footnotes":""},"categories":[17],"tags":[987,986,35,39,38,36,37,34,40,67],"class_list":{"0":"post-70214","1":"post","2":"type-post","3":"status-publish","4":"format-standard","5":"has-post-thumbnail","7":"category-sports","8":"tag-jekabpils-zinas","9":"tag-jekabpilslaiks","10":"tag-latvia","11":"tag-latvian","12":"tag-latviesu","13":"tag-latviesu-valoda","14":"tag-latviesuvaloda","15":"tag-latvija","16":"tag-lv","17":"tag-sports"},"share_on_mastodon":{"url":"https:\/\/pubeurope.com\/@lv\/115691685422470062","error":""},"_links":{"self":[{"href":"https:\/\/www.europesays.com\/lv\/wp-json\/wp\/v2\/posts\/70214","targetHints":{"allow":["GET"]}}],"collection":[{"href":"https:\/\/www.europesays.com\/lv\/wp-json\/wp\/v2\/posts"}],"about":[{"href":"https:\/\/www.europesays.com\/lv\/wp-json\/wp\/v2\/types\/post"}],"author":[{"embeddable":true,"href":"https:\/\/www.europesays.com\/lv\/wp-json\/wp\/v2\/users\/2"}],"replies":[{"embeddable":true,"href":"https:\/\/www.europesays.com\/lv\/wp-json\/wp\/v2\/comments?post=70214"}],"version-history":[{"count":0,"href":"https:\/\/www.europesays.com\/lv\/wp-json\/wp\/v2\/posts\/70214\/revisions"}],"wp:featuredmedia":[{"embeddable":true,"href":"https:\/\/www.europesays.com\/lv\/wp-json\/wp\/v2\/media\/70215"}],"wp:attachment":[{"href":"https:\/\/www.europesays.com\/lv\/wp-json\/wp\/v2\/media?parent=70214"}],"wp:term":[{"taxonomy":"category","embeddable":true,"href":"https:\/\/www.europesays.com\/lv\/wp-json\/wp\/v2\/categories?post=70214"},{"taxonomy":"post_tag","embeddable":true,"href":"https:\/\/www.europesays.com\/lv\/wp-json\/wp\/v2\/tags?post=70214"}],"curies":[{"name":"wp","href":"https:\/\/api.w.org\/{rel}","templated":true}]}}