{"id":70227,"date":"2025-12-09T21:24:29","date_gmt":"2025-12-09T21:24:29","guid":{"rendered":"https:\/\/www.europesays.com\/lv\/70227\/"},"modified":"2025-12-09T21:24:29","modified_gmt":"2025-12-09T21:24:29","slug":"vini-tikai-nenojauta-ko-vins-jau-sen-ir-izdarijis-ar-savu-mantojumu","status":"publish","type":"post","link":"https:\/\/www.europesays.com\/lv\/70227\/","title":{"rendered":"vi\u0146i tikai nenojauta, ko vi\u0146\u0161 jau sen ir izdar\u012bjis ar savu mantojumu"},"content":{"rendered":"<p><img loading=\"lazy\" decoding=\"async\" class=\"lazy lazy-hidden size-full wp-image-228982\" src=\"data:image\/gif;base64,R0lGODlhAQABAIAAAAAAAP\/\/\/yH5BAEAAAAALAAAAAABAAEAAAIBRAA7\" data-lazy-type=\"image\" data-lazy-src=\"https:\/\/www.europesays.com\/lv\/wp-content\/uploads\/2025\/12\/ChatGPT-Image-2025.-g.-8.-dec.-23_02_52.jpg\" alt=\"\" width=\"818\" height=\"545\" data-lazy- data-lazy-\/>Foto \u2013 AI<\/p>\n<p>Koknese ir skaista un \u012bpa\u0161a, Daugavas krastos \u0161\u012b pils\u0113ta elpo l\u0113ni un mazliet smagn\u0113ji \u2013 k\u0101 op\u012btis M\u0101ris, kur\u0161 sav\u0101 91 gada vecum\u0101 vairs nebija tik staltu muguru k\u0101 agr\u0101k.<\/p>\n<p>Tom\u0113r sird\u012b vi\u0146\u0161 joproj\u0101m bija tas pats, kas agr\u0101k. Vi\u0146\u0161 dz\u012bvoja vecaj\u0101 m\u0101j\u0101, kas atrodas blakus v\u0113jdzirnav\u0101m. \u0160aj\u0101 nam\u0101 bija vecas, \u010d\u012bksto\u0161as koka gr\u012bdas, logi, kas ziem\u0101 svilpoja k\u0101 vilki un \u013coti skaists \u0101be\u013cd\u0101rzs, kas bija vi\u0146a lepnums. Tagad gan \u0101beles bija vecas, tom\u0113r joproj\u0101m dz\u012bvas \u2013 t\u0101pat k\u0101 vi\u0146\u0161.<\/p>\n<p>M\u0101ra sieva \u2014 vi\u0146a m\u012b\u013c\u0101 Malda \u2014 jau sen bija p\u0101rc\u0113lusies uz \u201clabo krastu\u201d, k\u0101 op\u012btis m\u0113dza teikt, nevis t\u0101p\u0113c, lai izvair\u012btos no skumj\u0101m, bet t\u0101p\u0113c, ka vi\u0146am patika tic\u0113t, ka vi\u0146a v\u0113l joproj\u0101m kaut kur tepat staig\u0101 \u2014 tikai cit\u0101 pasaules pus\u0113.<\/p>\n<p><a href=\"https:\/\/dzentlmenis.lv\/vienkarss-panemiens-ar-vates-diskiem-sniegparslas-kas-izdodas-ikvienam\/228700\/\" rel=\"nofollow noopener\" target=\"_blank\"><img class=\"lazy lazy-hidden\" decoding=\"async\" src=\"data:image\/gif;base64,R0lGODlhAQABAIAAAAAAAP\/\/\/yH5BAEAAAAALAAAAAABAAEAAAIBRAA7\" data-lazy-type=\"image\" data-lazy-src=\"https:\/\/www.europesays.com\/lv\/wp-content\/uploads\/2025\/12\/1-23.jpg\" data-lazy- alt=\"Vienk\u0101r\u0161s pa\u0146\u0113miens ar vates diskiem: sniegp\u0101rslas, kas izdodas ikvienam\"\/><\/a>\u0160obr\u012bd citi lasa<a class=\"monsterinsights-inline-popular-posts-title\" href=\"https:\/\/dzentlmenis.lv\/vienkarss-panemiens-ar-vates-diskiem-sniegparslas-kas-izdodas-ikvienam\/228700\/\" rel=\"nofollow noopener\" target=\"_blank\">Vienk\u0101r\u0161s pa\u0146\u0113miens ar vates diskiem: sniegp\u0101rslas, kas izdodas ikvienam<\/a><\/p>\n<p>M\u0101ris bija palicis viens pats. D\u0113ls un meita dz\u012bvoja R\u012bg\u0101, aiz\u0146emti sav\u0101s dar\u012b\u0161an\u0101s, un mazb\u0113rni\u2026 nu, tie bija k\u0101 jau visa m\u016bsdienu jaunatne \u2014 skr\u0113ja un dar\u012bja, dz\u012bvoja un pl\u0101noja. Reizi pa reizei k\u0101ds ierad\u0101s ciemos \u2014 parasti Ziemassv\u0113tkos vai Lieldien\u0101s, \u0101tri, steig\u0101, ar fr\u0101zi \u201cop\u012bt, k\u0101 tad iet, k\u0101 tu j\u016bties?\u201d, bet vi\u0146am vair\u0101k par visu bija \u017e\u0113l, ka vi\u0146i tik \u0101tri dev\u0101s prom. Jo, ko gan vi\u0146\u0161 v\u0113rt\u0113ja visvair\u0101k? Savas \u0123imenes kl\u0101tesam\u012bbu.<\/p>\n<p><img loading=\"lazy\" decoding=\"async\" class=\"lazy lazy-hidden size-full wp-image-187755\" src=\"data:image\/gif;base64,R0lGODlhAQABAIAAAAAAAP\/\/\/yH5BAEAAAAALAAAAAABAAEAAAIBRAA7\" data-lazy-type=\"image\" data-lazy-src=\"https:\/\/www.europesays.com\/lv\/wp-content\/uploads\/2025\/12\/apple-7739714_1280.jpg\" alt=\"\" width=\"818\" height=\"545\" data-lazy- data-lazy-\/>Foto \u2013 Pixabay<\/p>\n<p>Ta\u010du \u0161aj\u0101 ruden\u012b viss bija cit\u0101di. Op\u012btis s\u0101ka n\u012bku\u013cot. Vispirms tas bija vienk\u0101r\u0161i\u00a0 nogurums. Tad kaut kas jau vair\u0101k. Tad v\u0113l kaut kas. Beigu beig\u0101s, \u0123imenes daktere, apskatot vi\u0146u un atn\u0101ku\u0161\u0101s anal\u012b\u017eu atbildes secin\u0101ja \u2013 M\u0101ra gadi liek par sevi man\u012bt. Un tad s\u0101k\u0101s tas, kas s\u0101k\u0101s \u2013 visi M\u0101ra mazb\u0113rni s\u0101ka viens p\u0113c otra ierasties ciemos.<\/p>\n<p>Vienu r\u012btu, kam\u0113r M\u0101ris jauca savu r\u012bta kafiju \u2014 l\u0113ni, uzman\u012bgi, jo rokas vairs nebija tik stingras, piebrauca pirm\u0101 ma\u0161\u012bna. Tas pats mazb\u0113rns M\u0101rti\u0146\u0161, kur\u0161 nekad neatcer\u0113j\u0101s op\u012b\u0161a dzim\u0161anas dienu, kuram vienm\u0113r bija \u201csteidzams darbs\u201d, \u201csapulce\u201d vai \u201cjauns projekts\u201d. Bet nu \u2014 vi\u0146\u0161 st\u0101v\u0113ja uz m\u0101jas sliek\u0161\u0146a ar lielu torti rok\u0101s.<\/p>\n<p><a href=\"https:\/\/dzentlmenis.lv\/magiskais-orakuls-2026-kas-sagaida-katru-zodiaka-stihiju-liktenigs-paregojums-visam-gadam\/228858\/\" rel=\"nofollow noopener\" target=\"_blank\"><img class=\"lazy lazy-hidden\" decoding=\"async\" src=\"data:image\/gif;base64,R0lGODlhAQABAIAAAAAAAP\/\/\/yH5BAEAAAAALAAAAAABAAEAAAIBRAA7\" data-lazy-type=\"image\" data-lazy-src=\"https:\/\/www.europesays.com\/lv\/wp-content\/uploads\/2025\/12\/1-25.jpg\" data-lazy- alt=\"Ma\u0123iskais Or\u0101kuls-2026: kas sagaida katru Zodiaka stihiju \u2014 likten\u012bgs pare\u0123ojums visam gadam\"\/><\/a>\u0160obr\u012bd citi lasa<a class=\"monsterinsights-inline-popular-posts-title\" href=\"https:\/\/dzentlmenis.lv\/magiskais-orakuls-2026-kas-sagaida-katru-zodiaka-stihiju-liktenigs-paregojums-visam-gadam\/228858\/\" rel=\"nofollow noopener\" target=\"_blank\">Ma\u0123iskais Or\u0101kuls-2026: kas sagaida katru Zodiaka stihiju \u2014 likten\u012bgs pare\u0123ojums visam gadam<\/a><\/p>\n<p>\u2014 Op\u012bt, dom\u0101ju, ka tev vajag k\u0101du saldumi\u0146u! \u2013 vi\u0146\u0161 teica t\u0101d\u0101 bals\u012b, it k\u0101 b\u016btu atvedis zelta stieni.<\/p>\n<p>M\u0101ris pasmaid\u012bja. Vi\u0146\u0161 jau toreiz saprata \u2014 tas nav par m\u012blest\u012bbu.<\/p>\n<p>Otr\u0101 dien\u0101 pie durv\u012bm klauv\u0113ja Zane. Karjeriste, m\u016b\u017e\u012bgi p\u0101r\u0146emta ar darbu, bet tagad \u2014 gl\u012bt\u0101 kleit\u0101, ar smar\u017e\u0101m, kas piepild\u012bja visu virtuvi.<\/p>\n<p>\u2014 Op\u012bti, k\u0101 gan es var\u0113ju pie tevis tik ilgi neatbraukt? \u2014 vi\u0146a sac\u012bja, un M\u0101ris tikai atbild\u0113ja ar smaidu, kas noz\u012bm\u0113ja: \u201cNu, es jau zinu.\u201d<\/p>\n<p><img loading=\"lazy\" decoding=\"async\" class=\"lazy lazy-hidden size-full wp-image-190698\" src=\"data:image\/gif;base64,R0lGODlhAQABAIAAAAAAAP\/\/\/yH5BAEAAAAALAAAAAABAAEAAAIBRAA7\" data-lazy-type=\"image\" data-lazy-src=\"https:\/\/www.europesays.com\/lv\/wp-content\/uploads\/2025\/12\/rye-5447847_1280.jpg\" alt=\"\" width=\"818\" height=\"545\" data-lazy- data-lazy-\/>Foto \u2013 Pixabay<\/p>\n<blockquote class=\"wp-embedded-content\" data-secret=\"3iOlVHDZ5q\">\n<p><a href=\"https:\/\/dzentlmenis.lv\/pec-viena-whatsapp-zinojuma-atversanas-manas-attiecibas-ar-mari-ieguva-negaiditu-paversienu-detalas-kas-atklaja-visu\/229038\/\" rel=\"nofollow noopener\" target=\"_blank\">P\u0113c viena Whatsapp zi\u0146ojuma atv\u0113r\u0161anas, manas attiec\u012bbas ar M\u0101ri ieguva negaid\u012btu pav\u0113rsienu \u2013 deta\u013cas, kas atkl\u0101ja visu<\/a><\/p>\n<\/blockquote>\n<p><img decoding=\"async\" src=\"data:image\/gif;base64,R0lGODlhAQABAIAAAAAAAP\/\/\/yH5BAEAAAAALAAAAAABAAEAAAIBRAA7\" class=\"lazy lazy-hidden\" data-lazy-type=\"iframe\" data-lazy-src=\"&lt;iframe loading=&quot;lazy&quot; class=&quot;wp-embedded-content&quot; sandbox=&quot;allow-scripts&quot; security=&quot;restricted&quot; style=&quot;position: absolute; visibility: hidden;&quot; title=&quot;\u201cP\u0113c viena Whatsapp zi\u0146ojuma atv\u0113r\u0161anas, manas attiec\u012bbas ar M\u0101ri ieguva negaid\u012btu pav\u0113rsienu \u2013 deta\u013cas, kas atkl\u0101ja visu\u201d \u2014 D\u017eentlmenis.lv&quot; src=&quot;https:\/\/dzentlmenis.lv\/pec-viena-whatsapp-zinojuma-atversanas-manas-attiecibas-ar-mari-ieguva-negaiditu-paversienu-detalas-kas-atklaja-visu\/229038\/embed\/#?secret=cDpBr6Gsn5#?secret=3iOlVHDZ5q&quot; data-secret=&quot;3iOlVHDZ5q&quot; width=&quot;600&quot; height=&quot;338&quot; frameborder=&quot;0&quot; marginwidth=&quot;0&quot; marginheight=&quot;0&quot; scrolling=&quot;no&quot;&gt;&lt;\/iframe&gt;\" alt=\"\"\/><\/p>\n<p><a href=\"https:\/\/dzentlmenis.lv\/decembris-ir-piemerots-laiks-vienam-svarigam-darbinam-pie-hortenzijam-lai-tas-nakamaja-sezona-ziedetu-daudz-kuplak\/229255\/\" rel=\"nofollow noopener\" target=\"_blank\"><img class=\"lazy lazy-hidden\" decoding=\"async\" src=\"data:image\/gif;base64,R0lGODlhAQABAIAAAAAAAP\/\/\/yH5BAEAAAAALAAAAAABAAEAAAIBRAA7\" data-lazy-type=\"image\" data-lazy-src=\"https:\/\/www.europesays.com\/lv\/wp-content\/uploads\/2025\/12\/ChatGPT-Image-Dec-9-2025-at-10_33_50-PM.jpg\" data-lazy- alt=\"Decembris ir piem\u0113rots laiks vienam svar\u012bgam darbi\u0146am pie hortenzij\u0101m, lai t\u0101s n\u0101kamaj\u0101 sezon\u0101 zied\u0113tu daudz kupl\u0101k\"\/><\/a>\u0160obr\u012bd citi lasa<a class=\"monsterinsights-inline-popular-posts-title\" href=\"https:\/\/dzentlmenis.lv\/decembris-ir-piemerots-laiks-vienam-svarigam-darbinam-pie-hortenzijam-lai-tas-nakamaja-sezona-ziedetu-daudz-kuplak\/229255\/\" rel=\"nofollow noopener\" target=\"_blank\">Decembris ir piem\u0113rots laiks vienam svar\u012bgam darbi\u0146am pie hortenzij\u0101m, lai t\u0101s n\u0101kamaj\u0101 sezon\u0101 zied\u0113tu daudz kupl\u0101k<\/a><\/p>\n<p>\u00a0<\/p>\n<p>V\u0113l ciemi\u0146i<\/p>\n<p>Tad ierad\u0101s Anna ar abiem d\u0113liem \u2014 mazajiem v\u0113ja gariem, kas skr\u0113ja pa m\u0101ju, kliedza, dauz\u012bj\u0101s un d\u012bca \u0161okol\u0101di k\u0101 mazi putnu b\u0113rni. P\u0113c tam Oskars \u2014 jaun\u0101kais mazb\u0113rns \u2014 ar savu glauno jauno auto un nepiem\u0113roti d\u0101rgu ziedu pu\u0161\u0137i.<\/p>\n<p>S\u0101k\u0101s patie\u0161\u0101m d\u012bvains laiks. Mazb\u0113rni brauca bie\u017ei \u2014 glu\u017ei k\u0101 uz mai\u0146\u0101m. M\u0101rti\u0146\u0161 ierad\u0101s padzert kafiju un, it k\u0101 starp citu, pajaut\u0101ja:<\/p>\n<p>\u2014 Op\u012bt, tev ta\u010du ir t\u0101 naudas kr\u0101tuv\u012bte\u2026 vai ne?<\/p>\n<p>Op\u012btis atbild\u0113ja ar humoru:<br \/>\u2014 Bija jau, bija. Tagad kr\u0101tuve ir man\u0101 pieredz\u0113, ne mak\u0101.<\/p>\n<p>Zane brauca un cent\u0101s izskat\u012bties k\u0101 taust\u012btu gaisu ar m\u012blest\u012bbu, bet ik pa br\u012bdim tom\u0113r iesl\u012bd\u0113ja jaut\u0101jums:<\/p>\n<p>\u2014 Vai tu esi dom\u0101jis, k\u0101 sadal\u012bsi \u012bpa\u0161umus?<\/p>\n<p>Anna, kas parasti run\u0101ja par saviem b\u0113rniem un darbu, tagad run\u0101ja vair\u0101k par praktiskiem jaut\u0101jumiem:<\/p>\n<p>\n&#13;<br \/>\n&#13;<br \/>\n&#13;<br \/>\n&#13;<br \/>\nVIDEO: &#13;<br \/>\n &#13;<\/p>\n<p><img loading=\"lazy\" decoding=\"async\" class=\"lazy lazy-hidden size-full wp-image-227744\" src=\"data:image\/gif;base64,R0lGODlhAQABAIAAAAAAAP\/\/\/yH5BAEAAAAALAAAAAABAAEAAAIBRAA7\" data-lazy-type=\"image\" data-lazy-src=\"https:\/\/www.europesays.com\/lv\/wp-content\/uploads\/2025\/12\/animal-2569336_1280.jpg\" alt=\"\" width=\"818\" height=\"545\" data-lazy- data-lazy-\/>Foto \u2013 Pixabay<\/p>\n<p>\u2014 Op\u012bti\u2026 ja nu kas\u2026 kam tu atst\u0101si m\u0101ju?<\/p>\n<p><a href=\"https:\/\/dzentlmenis.lv\/logu-ramji-balti-ka-sniegs-tikai-2-sastavdalas-un-pat-daudzu-gadu-netirumi-pazud-bez-pedam\/228544\/\" rel=\"nofollow noopener\" target=\"_blank\"><img class=\"lazy lazy-hidden\" decoding=\"async\" src=\"data:image\/gif;base64,R0lGODlhAQABAIAAAAAAAP\/\/\/yH5BAEAAAAALAAAAAABAAEAAAIBRAA7\" data-lazy-type=\"image\" data-lazy-src=\"https:\/\/www.europesays.com\/lv\/wp-content\/uploads\/2025\/12\/1-21.jpg\" data-lazy- alt=\"Logu r\u0101mji balti k\u0101 sniegs: tikai 2 sast\u0101vda\u013cas, un pat daudzu gadu net\u012brumi paz\u016bd bez p\u0113d\u0101m\"\/><\/a>\u0160obr\u012bd citi lasa<a class=\"monsterinsights-inline-popular-posts-title\" href=\"https:\/\/dzentlmenis.lv\/logu-ramji-balti-ka-sniegs-tikai-2-sastavdalas-un-pat-daudzu-gadu-netirumi-pazud-bez-pedam\/228544\/\" rel=\"nofollow noopener\" target=\"_blank\">Logu r\u0101mji balti k\u0101 sniegs: tikai 2 sast\u0101vda\u013cas, un pat daudzu gadu net\u012brumi paz\u016bd bez p\u0113d\u0101m<\/a><\/p>\n<p>Oskars bija diplom\u0101tisk\u0101ks:<br \/>\u2014 Es tikai gribu pal\u012bdz\u0113t. Ja vajag, varu parakst\u012bt dokumentus\u2026 vai ko vajag.<\/p>\n<p>Op\u012btis zin\u0101ja. Vi\u0146\u0161 redz\u0113ja vair\u0101k nek\u0101 vi\u0146i dom\u0101ja. Tom\u0113r vi\u0146\u0161 neprata dusmoties. M\u012blest\u012bbas viet\u0101 vi\u0146\u0161 glab\u0101ja izpratni.<br \/>\u201cVi\u0146i visi v\u0113l ir jauni. Vi\u0146i v\u0113l neprot,\u201d vi\u0146\u0161 teica sev.<\/p>\n<p>Kad mazb\u0113rni bija prom, M\u0101ris s\u0113d\u0113ja verand\u0101 un skat\u012bj\u0101s uz Daugavu. Dzelten\u0101s lapas pl\u012bvoja gais\u0101 it k\u0101 dejodamas valsi un upe izskat\u012bj\u0101s mazliet draud\u012bga un melna. Vi\u0146\u0161 tur t\u0101 s\u0113d\u0113ja un bie\u017ei sarun\u0101j\u0101s pats ar sevi vai, k\u0101 vi\u0146am lik\u0101s, ar savu Maldu. \u201cRedzi, Malda,\u201d vi\u0146\u0161 \u010dukst\u0113ja klusaj\u0101 vakar\u0101, \u201cvi\u0146i ir labi b\u0113rni, tikai dz\u012bve vi\u0146us patais\u012bjusi par skr\u0113j\u0113jiem\u2026\u201d<\/p>\n<blockquote class=\"wp-embedded-content\" data-secret=\"72Rn8jjyFX\">\n<p><a href=\"https:\/\/dzentlmenis.lv\/lai-pavasari-darza-butu-ziedu-jura-pieredzejusi-darznieki-seklas-jau-dobes-stada-jau-decembri-soli-pa-solim-kas-jadara\/229171\/\" rel=\"nofollow noopener\" target=\"_blank\">Lai pavasar\u012b d\u0101rz\u0101 b\u016btu ziedu j\u016bra, pieredz\u0113ju\u0161i d\u0101rznieki s\u0113klas jau dob\u0113s st\u0101da jau decembr\u012b: soli pa solim, kas j\u0101dara<\/a><\/p>\n<\/blockquote>\n<p><img decoding=\"async\" src=\"data:image\/gif;base64,R0lGODlhAQABAIAAAAAAAP\/\/\/yH5BAEAAAAALAAAAAABAAEAAAIBRAA7\" class=\"lazy lazy-hidden\" data-lazy-type=\"iframe\" data-lazy-src=\"&lt;iframe loading=&quot;lazy&quot; class=&quot;wp-embedded-content&quot; sandbox=&quot;allow-scripts&quot; security=&quot;restricted&quot; style=&quot;position: absolute; visibility: hidden;&quot; title=&quot;\u201cLai pavasar\u012b d\u0101rz\u0101 b\u016btu ziedu j\u016bra, pieredz\u0113ju\u0161i d\u0101rznieki s\u0113klas jau dob\u0113s st\u0101da jau decembr\u012b: soli pa solim, kas j\u0101dara\u201d \u2014 D\u017eentlmenis.lv&quot; src=&quot;https:\/\/dzentlmenis.lv\/lai-pavasari-darza-butu-ziedu-jura-pieredzejusi-darznieki-seklas-jau-dobes-stada-jau-decembri-soli-pa-solim-kas-jadara\/229171\/embed\/#?secret=1L7yWslz3S#?secret=72Rn8jjyFX&quot; data-secret=&quot;72Rn8jjyFX&quot; width=&quot;600&quot; height=&quot;338&quot; frameborder=&quot;0&quot; marginwidth=&quot;0&quot; marginheight=&quot;0&quot; scrolling=&quot;no&quot;&gt;&lt;\/iframe&gt;\" alt=\"\"\/><\/p>\n<p>Vi\u0146\u0161 atcer\u0113j\u0101s laikus, kad \u0161\u012b m\u0101ja bija pilna dz\u012bves. Kad d\u0113ls un meita skraid\u012bja pa pagalmu, kad Malda dzied\u0101ja virtuv\u0113. Kad ziem\u0101 vi\u0146i sild\u012bj\u0101s pie kr\u0101sns un vasar\u0101 \u2014 \u0113da \u0101bolus no d\u0101rza. Tagad bija tikai vi\u0146\u0161, m\u0101ja un klusums. Bet vi\u0146\u0161 nejut\u0101s vientu\u013c\u0161. Vi\u0146\u0161 vienk\u0101r\u0161i jut\u0101s k\u0101 noieta ce\u013ca gal\u0101.<\/p>\n<p><a href=\"https:\/\/dzentlmenis.lv\/jusu-dzimsanas-dienas-noslepums-ka-naksanas-pasaule-menesis-atklaj-jusu-raksturu-un-likteni\/229191\/\" rel=\"nofollow noopener\" target=\"_blank\"><img class=\"lazy lazy-hidden\" decoding=\"async\" src=\"data:image\/gif;base64,R0lGODlhAQABAIAAAAAAAP\/\/\/yH5BAEAAAAALAAAAAABAAEAAAIBRAA7\" data-lazy-type=\"image\" data-lazy-src=\"https:\/\/www.europesays.com\/lv\/wp-content\/uploads\/2025\/12\/1-27.jpg\" data-lazy- alt=\"J\u016bsu dzim\u0161anas dienas nosl\u0113pums: k\u0101 n\u0101k\u0161anas pasaul\u0113 m\u0113nesis atkl\u0101j j\u016bsu raksturu un likteni\"\/><\/a>\u0160obr\u012bd citi lasa<a class=\"monsterinsights-inline-popular-posts-title\" href=\"https:\/\/dzentlmenis.lv\/jusu-dzimsanas-dienas-noslepums-ka-naksanas-pasaule-menesis-atklaj-jusu-raksturu-un-likteni\/229191\/\" rel=\"nofollow noopener\" target=\"_blank\">J\u016bsu dzim\u0161anas dienas nosl\u0113pums: k\u0101 n\u0101k\u0161anas pasaul\u0113 m\u0113nesis atkl\u0101j j\u016bsu raksturu un likteni<\/a><br \/>\n<img loading=\"lazy\" decoding=\"async\" class=\"lazy lazy-hidden size-full wp-image-157251\" src=\"data:image\/gif;base64,R0lGODlhAQABAIAAAAAAAP\/\/\/yH5BAEAAAAALAAAAAABAAEAAAIBRAA7\" data-lazy-type=\"image\" data-lazy-src=\"https:\/\/www.europesays.com\/lv\/wp-content\/uploads\/2025\/12\/winter-3197686_1280.jpg\" alt=\"\" width=\"818\" height=\"545\" data-lazy- data-lazy-\/>Foto \u2013 Pixabay<\/p>\n<blockquote class=\"wp-embedded-content\" data-secret=\"Hqk82SR0fw\">\n<p><a href=\"https:\/\/dzentlmenis.lv\/vilciena-zilupe-riga-meitene-apsedas-blakus-puisim-atklajums-kas-mainija-vina-viedokli-par-attieksmi\/229018\/\" rel=\"nofollow noopener\" target=\"_blank\">Vilcien\u0101 Zilupe-R\u012bga meitene aps\u0113d\u0101s blakus puisim \u2013 atkl\u0101jums, kas main\u012bja vi\u0146a viedokli par attieksmi<\/a><\/p>\n<\/blockquote>\n<p><img decoding=\"async\" src=\"data:image\/gif;base64,R0lGODlhAQABAIAAAAAAAP\/\/\/yH5BAEAAAAALAAAAAABAAEAAAIBRAA7\" class=\"lazy lazy-hidden\" data-lazy-type=\"iframe\" data-lazy-src=\"&lt;iframe loading=&quot;lazy&quot; class=&quot;wp-embedded-content&quot; sandbox=&quot;allow-scripts&quot; security=&quot;restricted&quot; style=&quot;position: absolute; visibility: hidden;&quot; title=&quot;\u201cVilcien\u0101 Zilupe-R\u012bga meitene aps\u0113d\u0101s blakus puisim \u2013 atkl\u0101jums, kas main\u012bja vi\u0146a viedokli par attieksmi\u201d \u2014 D\u017eentlmenis.lv&quot; src=&quot;https:\/\/dzentlmenis.lv\/vilciena-zilupe-riga-meitene-apsedas-blakus-puisim-atklajums-kas-mainija-vina-viedokli-par-attieksmi\/229018\/embed\/#?secret=vLWAndWY8h#?secret=Hqk82SR0fw&quot; data-secret=&quot;Hqk82SR0fw&quot; width=&quot;600&quot; height=&quot;338&quot; frameborder=&quot;0&quot; marginwidth=&quot;0&quot; marginheight=&quot;0&quot; scrolling=&quot;no&quot;&gt;&lt;\/iframe&gt;\" alt=\"\"\/><\/p>\n<p>Vien\u0101 vakar\u0101 vi\u0146\u0161 saprata \u2014 laikam pien\u0101cis \u012bstais br\u012bdis. Vi\u0146\u0161 piezvan\u012bja visiem mazb\u0113rniem un teica:<\/p>\n<p>\u2014 Atbrauciet visi. Mums j\u0101parun\u0101.<\/p>\n<p>Un vi\u0146i atbrauca. Protams, ka atbrauca.\u00a0Virtuv\u0113 smar\u017eoja p\u0113c ave\u0146u t\u0113jas, bet M\u0101ris s\u0113d\u0113ja sav\u0101 vecaj\u0101 kr\u0113sl\u0101 un gaid\u012bja.<\/p>\n<p>Kad visi bija sas\u0113du\u0161ies, vi\u0146\u0161 run\u0101ja:<\/p>\n<p>\u2014 Es te p\u0113d\u0113j\u0101 laik\u0101 redzu j\u016bsu cent\u012bbu. Es redzu r\u016bpes. Bet es ar\u012b redzu ar\u012b j\u016bsu bailes\u2026 ka palaid\u012bsiet gar\u0101m k\u0101du mantu.<\/p>\n<blockquote class=\"wp-embedded-content\" data-secret=\"YNZDrDuPSQ\">\n<p><a href=\"https:\/\/dzentlmenis.lv\/rihards-atnesa-majas-uz-ielas-atrastu-kaki-pec-dazam-nedelam-sakas-miklaini-notikumi\/229194\/\" rel=\"nofollow noopener\" target=\"_blank\">Rihards atnesa m\u0101j\u0101s uz ielas atrastu ka\u0137i: p\u0113c da\u017e\u0101m ned\u0113\u013c\u0101m s\u0101k\u0101s m\u012bklaini notikumi<\/a><\/p>\n<\/blockquote>\n<p><img decoding=\"async\" src=\"data:image\/gif;base64,R0lGODlhAQABAIAAAAAAAP\/\/\/yH5BAEAAAAALAAAAAABAAEAAAIBRAA7\" class=\"lazy lazy-hidden\" data-lazy-type=\"iframe\" data-lazy-src=\"&lt;iframe loading=&quot;lazy&quot; class=&quot;wp-embedded-content&quot; sandbox=&quot;allow-scripts&quot; security=&quot;restricted&quot; style=&quot;position: absolute; visibility: hidden;&quot; title=&quot;\u201cRihards atnesa m\u0101j\u0101s uz ielas atrastu ka\u0137i: p\u0113c da\u017e\u0101m ned\u0113\u013c\u0101m s\u0101k\u0101s m\u012bklaini notikumi\u201d \u2014 D\u017eentlmenis.lv&quot; src=&quot;https:\/\/dzentlmenis.lv\/rihards-atnesa-majas-uz-ielas-atrastu-kaki-pec-dazam-nedelam-sakas-miklaini-notikumi\/229194\/embed\/#?secret=9Gpslm5YAg#?secret=YNZDrDuPSQ&quot; data-secret=&quot;YNZDrDuPSQ&quot; width=&quot;600&quot; height=&quot;338&quot; frameborder=&quot;0&quot; marginwidth=&quot;0&quot; marginheight=&quot;0&quot; scrolling=&quot;no&quot;&gt;&lt;\/iframe&gt;\" alt=\"\"\/><\/p>\n<p>\u0160\u0137ir otru lapu, lai las\u012btu t\u0101l\u0101k<\/p>\n<p><a href=\"https:\/\/dzentlmenis.lv\/bagatigu-garsu-piepildita-salatu-recepte-kraukskigais-kronis-ko-uz-jaungada-galda-novertes-pat-prasigakie-edaji\/228928\/\" rel=\"nofollow noopener\" target=\"_blank\"><img class=\"lazy lazy-hidden\" decoding=\"async\" src=\"data:image\/gif;base64,R0lGODlhAQABAIAAAAAAAP\/\/\/yH5BAEAAAAALAAAAAABAAEAAAIBRAA7\" data-lazy-type=\"image\" data-lazy-src=\"https:\/\/www.europesays.com\/lv\/wp-content\/uploads\/2025\/12\/Image-1-3.jpg\" data-lazy- alt=\"Bag\u0101t\u012bgu gar\u0161u piepild\u012bt\u0101 sal\u0101tu recepte \u201cKrauk\u0161\u0137\u012bgais kronis\u201d, ko uz Jaungada galda nov\u0113rt\u0113s pat pras\u012bg\u0101kie \u0113d\u0101ji\"\/><\/a>\u0160obr\u012bd citi lasa<a class=\"monsterinsights-inline-popular-posts-title\" href=\"https:\/\/dzentlmenis.lv\/bagatigu-garsu-piepildita-salatu-recepte-kraukskigais-kronis-ko-uz-jaungada-galda-novertes-pat-prasigakie-edaji\/228928\/\" rel=\"nofollow noopener\" target=\"_blank\">Bag\u0101t\u012bgu gar\u0161u piepild\u012bt\u0101 sal\u0101tu recepte \u201cKrauk\u0161\u0137\u012bgais kronis\u201d, ko uz Jaungada galda nov\u0113rt\u0113s pat pras\u012bg\u0101kie \u0113d\u0101ji<\/a><\/p>\n","protected":false},"excerpt":{"rendered":"Foto \u2013 AI Koknese ir skaista un \u012bpa\u0161a, Daugavas krastos \u0161\u012b pils\u0113ta elpo l\u0113ni un mazliet smagn\u0113ji \u2013&hellip;\n","protected":false},"author":2,"featured_media":70228,"comment_status":"","ping_status":"","sticky":false,"template":"","format":"standard","meta":{"footnotes":""},"categories":[12],"tags":[23,28,29,32,33,22,30,31,35,39,38,36,37,34,40,20,17957,26,27,24,25,21],"class_list":{"0":"post-70227","1":"post","2":"type-post","3":"status-publish","4":"format-standard","5":"has-post-thumbnail","7":"category-latvija","8":"tag-aktualitates","9":"tag-breaking-news","10":"tag-breakingnews","11":"tag-featured-news","12":"tag-featurednews","13":"tag-headlines","14":"tag-latest-news","15":"tag-latestnews","16":"tag-latvia","17":"tag-latvian","18":"tag-latviesu","19":"tag-latviesu-valoda","20":"tag-latviesuvaloda","21":"tag-latvija","22":"tag-lv","23":"tag-news","24":"tag-patiess-stasts","25":"tag-popularakas-zinas","26":"tag-popularakaszinas","27":"tag-top-stories","28":"tag-topstories","29":"tag-zinas"},"share_on_mastodon":{"url":"https:\/\/pubeurope.com\/@lv\/115691720758876514","error":""},"_links":{"self":[{"href":"https:\/\/www.europesays.com\/lv\/wp-json\/wp\/v2\/posts\/70227","targetHints":{"allow":["GET"]}}],"collection":[{"href":"https:\/\/www.europesays.com\/lv\/wp-json\/wp\/v2\/posts"}],"about":[{"href":"https:\/\/www.europesays.com\/lv\/wp-json\/wp\/v2\/types\/post"}],"author":[{"embeddable":true,"href":"https:\/\/www.europesays.com\/lv\/wp-json\/wp\/v2\/users\/2"}],"replies":[{"embeddable":true,"href":"https:\/\/www.europesays.com\/lv\/wp-json\/wp\/v2\/comments?post=70227"}],"version-history":[{"count":0,"href":"https:\/\/www.europesays.com\/lv\/wp-json\/wp\/v2\/posts\/70227\/revisions"}],"wp:featuredmedia":[{"embeddable":true,"href":"https:\/\/www.europesays.com\/lv\/wp-json\/wp\/v2\/media\/70228"}],"wp:attachment":[{"href":"https:\/\/www.europesays.com\/lv\/wp-json\/wp\/v2\/media?parent=70227"}],"wp:term":[{"taxonomy":"category","embeddable":true,"href":"https:\/\/www.europesays.com\/lv\/wp-json\/wp\/v2\/categories?post=70227"},{"taxonomy":"post_tag","embeddable":true,"href":"https:\/\/www.europesays.com\/lv\/wp-json\/wp\/v2\/tags?post=70227"}],"curies":[{"name":"wp","href":"https:\/\/api.w.org\/{rel}","templated":true}]}}