{"id":70233,"date":"2025-12-09T21:35:07","date_gmt":"2025-12-09T21:35:07","guid":{"rendered":"https:\/\/www.europesays.com\/lv\/70233\/"},"modified":"2025-12-09T21:35:07","modified_gmt":"2025-12-09T21:35:07","slug":"eiropa-izmekles-vai-google-godigi-izmanto-datus-mi-apmacibai","status":"publish","type":"post","link":"https:\/\/www.europesays.com\/lv\/70233\/","title":{"rendered":"Eiropa izmekl\u0113s vai Google god\u012bgi izmanto datus MI apm\u0101c\u012bbai"},"content":{"rendered":"<p class=\"descr\">Eiropas Komisija (EK) s\u0101kusi izmekl\u0113\u0161anu par to, k\u0101 interneta tehnolo\u0123iju uz\u0146\u0113mums &#8220;Google&#8221; izmanto tie\u0161saistes saturu mekl\u0113\u0161anas rezult\u0101tos, kas \u0123ener\u0113ti ar m\u0101ksl\u012bg\u0101 intelekta pal\u012bdz\u012bbu, k\u0101 ar\u012b vietn\u0113 &#8220;YouTube&#8221; aug\u0161upiel\u0101d\u0113tos video m\u0101ksl\u012bg\u0101 intelekta apm\u0101c\u012bbai.<\/p>\n<p>\u0160aj\u0101 izmekl\u0113\u0161an\u0101 tiks v\u0113rt\u0113ts, vai &#8220;<a href=\"https:\/\/nra.lv\/birka\/google\/\" target=\"_blank\" rel=\"noopener nofollow\">Google<\/a>&#8221; nep\u0101rk\u0101pj Eiropas Savien\u012bbas (ES) konkurences noteikumus, pien\u0101c\u012bgi nekompens\u0113jot satura izdev\u0113jiem vai nepied\u0101v\u0101jot tiem iesp\u0113ju atteikties no sava satura izmanto\u0161anas <a href=\"https:\/\/nra.lv\/birka\/maksligais-intelekts\/\" target=\"_blank\" rel=\"noopener nofollow\">m\u0101ksl\u012bg\u0101 intelekta<\/a> \u0123ener\u0113tajos kopsavilkumos, nezaud\u0113jot piek\u013cuvi &#8220;Google&#8221; mekl\u0113\u0161anas r\u012bkam, nor\u0101da EK.<\/p>\n<p>&#8220;Patiesi, daudzi satura izdev\u0113ji ir atkar\u012bgi no &#8220;Google&#8221; mekl\u0113\u0161anas r\u012bka, lai piesaist\u012btu lietot\u0101jus, un vi\u0146i nev\u0113las risk\u0113t zaud\u0113t tam piek\u013cuvi,&#8221; skaidro <a href=\"https:\/\/nra.lv\/birka\/eiropas-komisija\/\" target=\"_blank\" rel=\"noopener nofollow\">komisija<\/a>.<\/p>\n<p>Turkl\u0101t EK izmekl\u0113s, k\u0101 &#8220;Google&#8221; izmanto sav\u0101 platform\u0101 &#8220;<a href=\"https:\/\/nra.lv\/birka\/youtube\/\" target=\"_blank\" rel=\"noopener nofollow\">YouTube<\/a>&#8221; aug\u0161upiel\u0101d\u0113tus video, lai apm\u0101c\u012btu \u0123enerat\u012bvos m\u0101ksl\u012bg\u0101 intelekta mode\u013cus, nepied\u0101v\u0101jot satura veidot\u0101jiem pien\u0101c\u012bgu <a href=\"https:\/\/nra.lv\/birka\/kompensacija\/\" target=\"_blank\" rel=\"noopener nofollow\">kompens\u0101ciju<\/a> vai iesp\u0113ju atteikties no \u0161o video izmanto\u0161anas.<\/p>\n<p>\t\t\t\t\t\tinfo<\/p>\n<p>Uzzini pirmais<br \/>kas interesants noticis Latvij\u0101 un pasaul\u0113,<br \/>pievienojoties mums <a href=\"https:\/\/t.me\/neatkariga\" rel=\"nofollow\">Telegram<\/a> vai <a href=\"https:\/\/whatsapp.com\/channel\/0029VaMLFUH5K3zLU5s4wm3y\" rel=\"nofollow noopener\" target=\"_blank\">Whatsapp<\/a> kan\u0101l\u0101<\/p>\n","protected":false},"excerpt":{"rendered":"Eiropas Komisija (EK) s\u0101kusi izmekl\u0113\u0161anu par to, k\u0101 interneta tehnolo\u0123iju uz\u0146\u0113mums &#8220;Google&#8221; izmanto tie\u0161saistes saturu mekl\u0113\u0161anas rezult\u0101tos, kas&hellip;\n","protected":false},"author":2,"featured_media":70234,"comment_status":"","ping_status":"","sticky":false,"template":"","format":"standard","meta":{"footnotes":""},"categories":[14],"tags":[23,57,28,29,32,33,22,30,31,35,39,38,36,37,34,40,20,26,27,24,25,54,55,56,21,58],"class_list":{"0":"post-70233","1":"post","2":"type-post","3":"status-publish","4":"format-standard","5":"has-post-thumbnail","7":"category-zinas-no-arvalstim","8":"tag-aktualitates","9":"tag-arvalstim","10":"tag-breaking-news","11":"tag-breakingnews","12":"tag-featured-news","13":"tag-featurednews","14":"tag-headlines","15":"tag-latest-news","16":"tag-latestnews","17":"tag-latvia","18":"tag-latvian","19":"tag-latviesu","20":"tag-latviesu-valoda","21":"tag-latviesuvaloda","22":"tag-latvija","23":"tag-lv","24":"tag-news","25":"tag-popularakas-zinas","26":"tag-popularakaszinas","27":"tag-top-stories","28":"tag-topstories","29":"tag-world","30":"tag-world-news","31":"tag-worldnews","32":"tag-zinas","33":"tag-zinas-no-arvalstim"},"share_on_mastodon":{"url":"https:\/\/pubeurope.com\/@lv\/115691764003498550","error":""},"_links":{"self":[{"href":"https:\/\/www.europesays.com\/lv\/wp-json\/wp\/v2\/posts\/70233","targetHints":{"allow":["GET"]}}],"collection":[{"href":"https:\/\/www.europesays.com\/lv\/wp-json\/wp\/v2\/posts"}],"about":[{"href":"https:\/\/www.europesays.com\/lv\/wp-json\/wp\/v2\/types\/post"}],"author":[{"embeddable":true,"href":"https:\/\/www.europesays.com\/lv\/wp-json\/wp\/v2\/users\/2"}],"replies":[{"embeddable":true,"href":"https:\/\/www.europesays.com\/lv\/wp-json\/wp\/v2\/comments?post=70233"}],"version-history":[{"count":0,"href":"https:\/\/www.europesays.com\/lv\/wp-json\/wp\/v2\/posts\/70233\/revisions"}],"wp:featuredmedia":[{"embeddable":true,"href":"https:\/\/www.europesays.com\/lv\/wp-json\/wp\/v2\/media\/70234"}],"wp:attachment":[{"href":"https:\/\/www.europesays.com\/lv\/wp-json\/wp\/v2\/media?parent=70233"}],"wp:term":[{"taxonomy":"category","embeddable":true,"href":"https:\/\/www.europesays.com\/lv\/wp-json\/wp\/v2\/categories?post=70233"},{"taxonomy":"post_tag","embeddable":true,"href":"https:\/\/www.europesays.com\/lv\/wp-json\/wp\/v2\/tags?post=70233"}],"curies":[{"name":"wp","href":"https:\/\/api.w.org\/{rel}","templated":true}]}}