{"id":70235,"date":"2025-12-09T21:42:12","date_gmt":"2025-12-09T21:42:12","guid":{"rendered":"https:\/\/www.europesays.com\/lv\/70235\/"},"modified":"2025-12-09T21:42:12","modified_gmt":"2025-12-09T21:42:12","slug":"iespejams-medika-kludas-del-bkus-miris-berns","status":"publish","type":"post","link":"https:\/\/www.europesays.com\/lv\/70235\/","title":{"rendered":"Iesp\u0113jams, medi\u0137a k\u013c\u016bdas d\u0113\u013c BKUS miris b\u0113rns"},"content":{"rendered":"<p>K\u0101 zin\u0101ms Latvijas Telev\u012bzijai, 26. novembr\u012b k\u0101ds onkolo\u0123ijas pacients, kur\u0161 \u0101rst\u0113j\u0101s <a href=\"https:\/\/www.apollo.lv\/term\/570435\/bkus\" class=\"topicLink\" target=\"_blank\" rel=\"nofollow noopener\">BKUS<\/a>, iesp\u0113jams, sa\u0146\u0113ma nepareizus medikamentus. B\u0113rns nomira.<\/p>\n<p>B\u0113rnu slimn\u012bcas valdes locekle Zane Straume apstiprin\u0101jusi, ka 26. novembr\u012b ir noticis augsta riska pacientu dro\u0161\u012bbas gad\u012bjums. Slimn\u012bca neatkl\u0101ja ne notiku\u0161\u0101 apst\u0101k\u013cus, ne ar\u012b to, vai konkr\u0113t\u0101 \u0101rstniec\u012bbas persona v\u0113l turpina darbu.<\/p>\n<p>B\u0113rnu slimn\u012bca ir s\u0101kusi iek\u0161\u0113jo izmekl\u0113\u0161anu, kas, k\u0101 skaidroja valdes locekle, neb\u016bs \u0101tra.<\/p>\n<p>Divas dienas v\u0113l\u0101k, 28. novembr\u012b, slimn\u012bca par notiku\u0161o pazi\u0146oja Vesel\u012bbas inspekcijai, kas patlaban nav s\u0101kusi p\u0101rbaudi, jo gaida no vec\u0101kiem iesniegumu.<\/p>\n<p>B\u0113rnu slimn\u012bca par notiku\u0161o zi\u0146oja ar\u012b Valsts policijai, kas 5. decembr\u012b s\u0101ka krimin\u0101lprocesu p\u0113c Krimin\u0101llikuma 13. noda\u013cas, proti, par noziedz\u012bgiem nodar\u012bjumiem pret personas vesel\u012bbu.<\/p>\n<p>Port\u0101ls &#8220;la.lv&#8221; v\u0113sta, ka miris asto\u0146us gadus vecs pacients. Laikraksta r\u012bc\u012bb\u0101 eso\u0161\u0101 inform\u0101cija liecina, ka, iesp\u0113jams, k\u0101ds sajaucis medikamentus un n\u0101trija hlor\u012bda \u0161\u0137\u012bduma viet\u0101 ievad\u012bjis k\u0101lija hlor\u012bdu.<\/p>\n","protected":false},"excerpt":{"rendered":"K\u0101 zin\u0101ms Latvijas Telev\u012bzijai, 26. novembr\u012b k\u0101ds onkolo\u0123ijas pacients, kur\u0161 \u0101rst\u0113j\u0101s BKUS, iesp\u0113jams, sa\u0146\u0113ma nepareizus medikamentus. B\u0113rns nomira.&hellip;\n","protected":false},"author":2,"featured_media":70236,"comment_status":"","ping_status":"","sticky":false,"template":"","format":"standard","meta":{"footnotes":""},"categories":[12],"tags":[23,17958,28,29,32,33,22,30,31,35,39,38,36,37,34,40,20,26,27,24,25,21],"class_list":{"0":"post-70235","1":"post","2":"type-post","3":"status-publish","4":"format-standard","5":"has-post-thumbnail","7":"category-latvija","8":"tag-aktualitates","9":"tag-bkus","10":"tag-breaking-news","11":"tag-breakingnews","12":"tag-featured-news","13":"tag-featurednews","14":"tag-headlines","15":"tag-latest-news","16":"tag-latestnews","17":"tag-latvia","18":"tag-latvian","19":"tag-latviesu","20":"tag-latviesu-valoda","21":"tag-latviesuvaloda","22":"tag-latvija","23":"tag-lv","24":"tag-news","25":"tag-popularakas-zinas","26":"tag-popularakaszinas","27":"tag-top-stories","28":"tag-topstories","29":"tag-zinas"},"share_on_mastodon":{"url":"https:\/\/pubeurope.com\/@lv\/115691791502394489","error":""},"_links":{"self":[{"href":"https:\/\/www.europesays.com\/lv\/wp-json\/wp\/v2\/posts\/70235","targetHints":{"allow":["GET"]}}],"collection":[{"href":"https:\/\/www.europesays.com\/lv\/wp-json\/wp\/v2\/posts"}],"about":[{"href":"https:\/\/www.europesays.com\/lv\/wp-json\/wp\/v2\/types\/post"}],"author":[{"embeddable":true,"href":"https:\/\/www.europesays.com\/lv\/wp-json\/wp\/v2\/users\/2"}],"replies":[{"embeddable":true,"href":"https:\/\/www.europesays.com\/lv\/wp-json\/wp\/v2\/comments?post=70235"}],"version-history":[{"count":0,"href":"https:\/\/www.europesays.com\/lv\/wp-json\/wp\/v2\/posts\/70235\/revisions"}],"wp:featuredmedia":[{"embeddable":true,"href":"https:\/\/www.europesays.com\/lv\/wp-json\/wp\/v2\/media\/70236"}],"wp:attachment":[{"href":"https:\/\/www.europesays.com\/lv\/wp-json\/wp\/v2\/media?parent=70235"}],"wp:term":[{"taxonomy":"category","embeddable":true,"href":"https:\/\/www.europesays.com\/lv\/wp-json\/wp\/v2\/categories?post=70235"},{"taxonomy":"post_tag","embeddable":true,"href":"https:\/\/www.europesays.com\/lv\/wp-json\/wp\/v2\/tags?post=70235"}],"curies":[{"name":"wp","href":"https:\/\/api.w.org\/{rel}","templated":true}]}}