{"id":70241,"date":"2025-12-09T22:01:11","date_gmt":"2025-12-09T22:01:11","guid":{"rendered":"https:\/\/www.europesays.com\/lv\/70241\/"},"modified":"2025-12-09T22:01:11","modified_gmt":"2025-12-09T22:01:11","slug":"rigas-bernu-slimnica-miris-pacients-iespejams-arstu-kludas-del","status":"publish","type":"post","link":"https:\/\/www.europesays.com\/lv\/70241\/","title":{"rendered":"R\u012bgas b\u0113rnu slimn\u012bc\u0101 miris pacients. Iesp\u0113jams, \u0101rstu k\u013c\u016bdas d\u0113\u013c"},"content":{"rendered":"<p>Slimn\u012bca neatkl\u0101ja notiku\u0161\u0101 apst\u0101k\u013cus, ne ar\u012b to, vai konkr\u0113t\u0101 \u0101rstniec\u012bbas persona v\u0113l turpina darbu. Straume piebilda, ka \u0161obr\u012bd nevar izpaust datus un faktus sakar\u0101 ar izmekl\u0113\u0161anu, k\u0101 ar\u012b pras\u012bb\u0101m, ko nosaka Pacientu ties\u012bbu likums, Datu apstr\u0101des un fizisko personu datu regula, kas pasarg\u0101 gan pacientu, gan ar\u012b darbiniekus, un tas attiecas ar\u012b uz pacienta n\u0101ves gad\u012bjumiem. B\u0113rnu slimn\u012bca ir s\u0101kusi iek\u0161\u0113jo izmekl\u0113\u0161anu, kas, k\u0101 skaidroja valdes locekle, neb\u016bs \u0101tra. Iest\u0101de izv\u0113rt\u0113s, kas b\u016btu j\u0101maina, lai nov\u0113rstu potenci\u0101los riskus.<\/p>\n","protected":false},"excerpt":{"rendered":"Slimn\u012bca neatkl\u0101ja notiku\u0161\u0101 apst\u0101k\u013cus, ne ar\u012b to, vai konkr\u0113t\u0101 \u0101rstniec\u012bbas persona v\u0113l turpina darbu. Straume piebilda, ka \u0161obr\u012bd&hellip;\n","protected":false},"author":2,"featured_media":70242,"comment_status":"","ping_status":"","sticky":false,"template":"","format":"standard","meta":{"footnotes":""},"categories":[5],"tags":[23,28,29,32,33,22,30,31,35,39,38,36,37,34,40,20,26,27,24,25,21],"class_list":{"0":"post-70241","1":"post","2":"type-post","3":"status-publish","4":"format-standard","5":"has-post-thumbnail","7":"category-aktualitates","8":"tag-aktualitates","9":"tag-breaking-news","10":"tag-breakingnews","11":"tag-featured-news","12":"tag-featurednews","13":"tag-headlines","14":"tag-latest-news","15":"tag-latestnews","16":"tag-latvia","17":"tag-latvian","18":"tag-latviesu","19":"tag-latviesu-valoda","20":"tag-latviesuvaloda","21":"tag-latvija","22":"tag-lv","23":"tag-news","24":"tag-popularakas-zinas","25":"tag-popularakaszinas","26":"tag-top-stories","27":"tag-topstories","28":"tag-zinas"},"share_on_mastodon":{"url":"https:\/\/pubeurope.com\/@lv\/115691866239607654","error":""},"_links":{"self":[{"href":"https:\/\/www.europesays.com\/lv\/wp-json\/wp\/v2\/posts\/70241","targetHints":{"allow":["GET"]}}],"collection":[{"href":"https:\/\/www.europesays.com\/lv\/wp-json\/wp\/v2\/posts"}],"about":[{"href":"https:\/\/www.europesays.com\/lv\/wp-json\/wp\/v2\/types\/post"}],"author":[{"embeddable":true,"href":"https:\/\/www.europesays.com\/lv\/wp-json\/wp\/v2\/users\/2"}],"replies":[{"embeddable":true,"href":"https:\/\/www.europesays.com\/lv\/wp-json\/wp\/v2\/comments?post=70241"}],"version-history":[{"count":0,"href":"https:\/\/www.europesays.com\/lv\/wp-json\/wp\/v2\/posts\/70241\/revisions"}],"wp:featuredmedia":[{"embeddable":true,"href":"https:\/\/www.europesays.com\/lv\/wp-json\/wp\/v2\/media\/70242"}],"wp:attachment":[{"href":"https:\/\/www.europesays.com\/lv\/wp-json\/wp\/v2\/media?parent=70241"}],"wp:term":[{"taxonomy":"category","embeddable":true,"href":"https:\/\/www.europesays.com\/lv\/wp-json\/wp\/v2\/categories?post=70241"},{"taxonomy":"post_tag","embeddable":true,"href":"https:\/\/www.europesays.com\/lv\/wp-json\/wp\/v2\/tags?post=70241"}],"curies":[{"name":"wp","href":"https:\/\/api.w.org\/{rel}","templated":true}]}}