{"id":70245,"date":"2025-12-09T22:07:15","date_gmt":"2025-12-09T22:07:15","guid":{"rendered":"https:\/\/www.europesays.com\/lv\/70245\/"},"modified":"2025-12-09T22:07:15","modified_gmt":"2025-12-09T22:07:15","slug":"latvija-stiprina-dronu-sienu-uz-austrumu-robezas-butiski-palielina-dronu-speju-finansejumu-attista-modernu-gaisa-aizsardzibas-sistemu-ir-viena-no-dronu-speju-grupu-vadita","status":"publish","type":"post","link":"https:\/\/www.europesays.com\/lv\/70245\/","title":{"rendered":"Latvija stiprina \u201cdronu sienu\u201d uz austrumu robe\u017eas \u2013 b\u016btiski palielina dronu sp\u0113ju finans\u0113jumu, att\u012bsta modernu gaisa aizsardz\u012bbas sist\u0113mu, ir viena no dronu sp\u0113ju grupu vad\u012bt\u0101j\u0101m ES l\u012bmen\u012b"},"content":{"rendered":"<p class=\"text-align-justify\">Aizsardz\u012bbas ministrs Andris Spr\u016bds inform\u0113, ka n\u0101kamaj\u0101 gad\u0101 pretgaisa aizsardz\u012bbas stiprin\u0101\u0161anai pl\u0101nots novirz\u012bt 200,54 miljonus eiro. Savuk\u0101rt 50 miljoni eiro tiks ieguld\u012bti bezpilota lidapar\u0101tu sp\u0113j\u0101s, kas ir iev\u0113rojams pieaugums, sal\u012bdzin\u0101jum\u0101 ar \u0161o gadu, kad \u0161\u012bm sp\u0113j\u0101m tika novirz\u012bti 20 miljoni eiro. Tas tika pazi\u0146ots otrdien, 9. decembr\u012b, ikm\u0113ne\u0161a Aizsardz\u012bbas ministrijas preses konferenc\u0113.<\/p>\n<p class=\"text-align-justify\">\u201c\u0160ie ieguld\u012bjumi apliecina Latvijas ap\u0146\u0113m\u012bbu b\u016btiski palielin\u0101t valsts notur\u012bbu un rea\u0123\u0113tsp\u0113ju, vienlaikus veicinot kop\u0113j\u0101s Eiropas dro\u0161\u012bbas stiprin\u0101\u0161anu. Latvija k\u013cuvusi par pirmo NATO dal\u012bbvalsti, kas ieviesusi akustisko dronu detekciju vis\u0101 austrumu robe\u017e\u0101, b\u016btiski uzlabojot sp\u0113ju savlaic\u012bgi atkl\u0101t zemu lidojo\u0161us objektus. Paral\u0113li tiek integr\u0113tas jaunas nov\u0113ro\u0161anas sist\u0113mas \u2013 to vid\u016b ar\u012b pavisam nesen sa\u0146emtie \u201cGiraffe\u201d 1X radari, kas iev\u0113rojami papla\u0161ina detekcijas iesp\u0113jas un sniedz iesp\u0113ju \u0101tri rea\u0123\u0113t uz potenci\u0101lajiem draudiem. \u0160ie risin\u0101jumi ir noz\u012bm\u012bgs solis \u201cdronu sienas\u201d izveid\u0113, kas ietver gan detekciju, gan dronu pretdarb\u012bbas pas\u0101kumus un stiprina Latvijas sp\u0113ju aizsarg\u0101t savu gaisa telpu,\u201c uzsver aizsardz\u012bbas ministrs.<\/p>\n<p class=\"text-align-justify\">Vienlaikus akt\u012bvi tiek att\u012bst\u012btas pretdronu sist\u0113mas cie\u0161\u0101 sadarb\u012bb\u0101 ar viet\u0113jo aizsardz\u012bbas industriju. Gada s\u0101kum\u0101 nosl\u0113gta virkne p\u0113tniec\u012bbas un att\u012bst\u012bbas projektu, kas v\u0113rsti uz elektronisk\u0101s karadarb\u012bbas tehnolo\u0123ij\u0101m, milit\u0101ri mobilaj\u0101m platform\u0101m, p\u0101rtv\u0113r\u0113jdroniem un vad\u0101maj\u0101m ra\u0137et\u0113m. Milit\u0101raj\u0101 poligon\u0101 \u201cS\u0113lija\u201d veikti pirmie p\u0101rtv\u0113r\u0113jdronu testi, un l\u012bdz gada beig\u0101m Nacion\u0101lie bru\u0146otie sp\u0113ki sa\u0146ems pirmos viet\u0113ji ra\u017eotos p\u0101rtv\u0113r\u0113jdronus, kas tiks izvietoti pierobe\u017e\u0101. Turkl\u0101t Latvija ieg\u0101d\u0101sies ar\u012b Ukrain\u0101 test\u0113tus dronus, lai izv\u0113rt\u0113tu to efektivit\u0101ti un nodro\u0161in\u0101tu, ka m\u016bsu r\u012bc\u012bb\u0101 ir modern\u0101kie un darbsp\u0113j\u012bg\u0101kie risin\u0101jumi. Paral\u0113li s\u0101kts darbs pie n\u0101kam\u0101s paaudzes p\u0101rtv\u0113r\u0113jdronu izv\u0113rt\u0113\u0161anas, \u0146emot v\u0113r\u0101 tehnolo\u0123iju straujo att\u012bst\u012bbu.<\/p>\n<p class=\"text-align-justify\">Latvija aizst\u0101v\u0113s \u201cdronu sienas\u201d poz\u012bcijas ES l\u012bmen\u012b<\/p>\n<p class=\"text-align-justify\">\u201cM\u0113s m\u0113r\u0137tiec\u012bgi stiprin\u0101m Latvijas gaisa aizsardz\u012bbu, att\u012bstot gan detekcijas, gan pretdarb\u012bbas sp\u0113jas, invest\u0113jot modern\u0101s tehnolo\u0123ij\u0101s un sadarbojoties ar viet\u0113jo industriju. M\u016bsu \u0101r\u0113j\u0101 robe\u017ea ir ar\u012b Eiropas Savien\u012bbas un NATO robe\u017ea, un t\u0101s dro\u0161\u012bba ir kop\u012bga atbild\u012bba. T\u0101p\u0113c Eiropas l\u012bmen\u012b iest\u0101jos par pretgaisa aizsardz\u012bbas un dronu sp\u0113ju finans\u0113juma palielin\u0101\u0161anu, uzsverot, ka tas ir viens no tuv\u0101ko gadu b\u016btisk\u0101kajiem Eiropas uzvedumiem,\u201d nor\u0101da A. Spr\u016bds.<\/p>\n<p class=\"text-align-justify\">Latvija, N\u012bderlande un Horv\u0101tija decembra s\u0101kum\u0101 Brisel\u0113 notiku\u0161aj\u0101 Eiropas Savien\u012bbas \u0100rlietu padomes aizsardz\u012bbas ministru san\u0101ksm\u0113 vienoj\u0101s par cie\u0161\u0101ku sadarb\u012bbu dronu un pretdronu sist\u0113mu att\u012bst\u012bb\u0101. \u0160\u012b partner\u012bba apliecina Latvijas l\u012bder\u012bbu un nostiprina m\u016bsu valsts lomu Eiropas kop\u0113j\u0101s dro\u0161\u012bbas telpas veido\u0161an\u0101, vienlaikus veicinot t\u0101du risin\u0101jumu izstr\u0101di, kas uzlabos gan Latvijas, gan visas Eiropas Savien\u012bbas aizsardz\u012bbas sp\u0113jas.<\/p>\n<p class=\"text-align-justify\">Inform\u0101ciju sagatavoja:<br \/>AM Milit\u0101ri publisko attiec\u012bbu departamenta<br \/>Preses noda\u013ca<br \/>T\u0101lrunis: 67335129<br \/>E-pasts: <a href=\"https:\/\/www.mod.gov.lv\/lv\/zinas\/mailto:prese@mod.gov.lv\" rel=\"nofollow noopener\" target=\"_blank\">prese@mod.gov.lv<\/a><\/p>\n","protected":false},"excerpt":{"rendered":"Aizsardz\u012bbas ministrs Andris Spr\u016bds inform\u0113, ka n\u0101kamaj\u0101 gad\u0101 pretgaisa aizsardz\u012bbas stiprin\u0101\u0161anai pl\u0101nots novirz\u012bt 200,54 miljonus eiro. Savuk\u0101rt 50&hellip;\n","protected":false},"author":2,"featured_media":1424,"comment_status":"","ping_status":"","sticky":false,"template":"","format":"standard","meta":{"footnotes":""},"categories":[5],"tags":[23,28,29,32,33,22,30,31,35,39,38,36,37,34,40,20,26,27,24,25,21],"class_list":{"0":"post-70245","1":"post","2":"type-post","3":"status-publish","4":"format-standard","5":"has-post-thumbnail","7":"category-aktualitates","8":"tag-aktualitates","9":"tag-breaking-news","10":"tag-breakingnews","11":"tag-featured-news","12":"tag-featurednews","13":"tag-headlines","14":"tag-latest-news","15":"tag-latestnews","16":"tag-latvia","17":"tag-latvian","18":"tag-latviesu","19":"tag-latviesu-valoda","20":"tag-latviesuvaloda","21":"tag-latvija","22":"tag-lv","23":"tag-news","24":"tag-popularakas-zinas","25":"tag-popularakaszinas","26":"tag-top-stories","27":"tag-topstories","28":"tag-zinas"},"share_on_mastodon":{"url":"https:\/\/pubeurope.com\/@lv\/115691889825162625","error":""},"_links":{"self":[{"href":"https:\/\/www.europesays.com\/lv\/wp-json\/wp\/v2\/posts\/70245","targetHints":{"allow":["GET"]}}],"collection":[{"href":"https:\/\/www.europesays.com\/lv\/wp-json\/wp\/v2\/posts"}],"about":[{"href":"https:\/\/www.europesays.com\/lv\/wp-json\/wp\/v2\/types\/post"}],"author":[{"embeddable":true,"href":"https:\/\/www.europesays.com\/lv\/wp-json\/wp\/v2\/users\/2"}],"replies":[{"embeddable":true,"href":"https:\/\/www.europesays.com\/lv\/wp-json\/wp\/v2\/comments?post=70245"}],"version-history":[{"count":0,"href":"https:\/\/www.europesays.com\/lv\/wp-json\/wp\/v2\/posts\/70245\/revisions"}],"wp:featuredmedia":[{"embeddable":true,"href":"https:\/\/www.europesays.com\/lv\/wp-json\/wp\/v2\/media\/1424"}],"wp:attachment":[{"href":"https:\/\/www.europesays.com\/lv\/wp-json\/wp\/v2\/media?parent=70245"}],"wp:term":[{"taxonomy":"category","embeddable":true,"href":"https:\/\/www.europesays.com\/lv\/wp-json\/wp\/v2\/categories?post=70245"},{"taxonomy":"post_tag","embeddable":true,"href":"https:\/\/www.europesays.com\/lv\/wp-json\/wp\/v2\/tags?post=70245"}],"curies":[{"name":"wp","href":"https:\/\/api.w.org\/{rel}","templated":true}]}}