{"id":70250,"date":"2025-12-09T22:13:08","date_gmt":"2025-12-09T22:13:08","guid":{"rendered":"https:\/\/www.europesays.com\/lv\/70250\/"},"modified":"2025-12-09T22:13:08","modified_gmt":"2025-12-09T22:13:08","slug":"kravas-auto-vaditajs-liepajas-soseja-3-promiles-reibuma","status":"publish","type":"post","link":"https:\/\/www.europesays.com\/lv\/70250\/","title":{"rendered":"Kravas auto vad\u012bt\u0101js Liep\u0101jas \u0161osej\u0101 \u2013 3 promiles reibum\u0101"},"content":{"rendered":"<p class=\"descr\">Likumsargi uz Liep\u0101jas \u0161osejas Tukuma novad\u0101 aiztur\u0113ju\u0161i kravas auto vad\u012bt\u0101ju tr\u012bs promi\u013cu reibum\u0101.<\/p>\n<p><a href=\"https:\/\/nra.lv\/birka\/liepajas-pasvaldibas-policija\/\" target=\"_blank\" rel=\"noopener nofollow\">Liep\u0101jas pa\u0161vald\u012bbas policija<\/a> soci\u0101laj\u0101 t\u012bkl\u0101 &#8220;Facebook&#8221; v\u0113sta, ka pa\u0161vald\u012bbas policijas darbinieki 4. decembr\u012b dev\u0101s uz R\u012bgu, lai policijas automa\u0161\u012bn\u0101m veiktu \u0101truma kontroles m\u0113rier\u012b\u010du verifik\u0101ciju, ta\u010du atpaka\u013cce\u013c\u0101 konstat\u0113ja autovad\u012bt\u0101ju alkohola reibum\u0101.<\/p>\n<blockquote><p>Likumsargi Tukuma novad\u0101 iev\u0113roja k\u0101du kravas auto, kas tika vad\u012bts nep\u0101rliecino\u0161i &#8211; transportl\u012bdzek\u013ca piekabei bija izteikta sanese, kas rad\u012bja aizdomas par vad\u012bt\u0101ja iesp\u0113jamu atra\u0161anos alkohola reibum\u0101.<\/p><\/blockquote>\n<p>Par aizdom\u0101m tika inform\u0113ta Valsts policija, kas l\u016bdza pa\u0161vald\u012bbas policiju sekot transportl\u012bdzeklim.<\/p>\n<p>Kravas transportl\u012bdzek\u013ca vad\u012bt\u0101js apst\u0101j\u0101s starppils\u0113tu autobusa pieturviet\u0101 Anneniekos, kur pa\u0161vald\u012bbas policisti dev\u0101s uzrun\u0101t personu un noskaidrot iemeslus \u0161\u0101dam brauk\u0161anas veidam. Atverot transportl\u012bdzek\u013ca durvis, bija skaidrs, ka persona atrodas man\u0101m\u0101 alkohola reibum\u0101, v\u0113sta likumsargi.<\/p>\n<p>Pa\u0161vald\u012bbas policijas darbinieki notikuma viet\u0101 sagaid\u012bja Valsts policiju.<\/p>\n<p>Valsts policijas Zemgales re\u0123iona p\u0101rvald\u0113 a\u0123ent\u016brai LETA apstiprin\u0101ja, ka automa\u0161\u012bnu &#8220;Mercedes benz&#8221; vad\u012bjis k\u0101ds 1984. gad\u0101 dzimis v\u012brietis, b\u016bdams 3,18 promiles liel\u0101 alkohola reibum\u0101.<\/p>\n<p>Par \u0161o p\u0101rk\u0101pumu Valsts policij\u0101 s\u0101kts krimin\u0101lprocess.<\/p>\n<p>2022. gada novembr\u012b st\u0101j\u0101s sp\u0113k\u0101 groz\u012bjumi Krimin\u0101llikum\u0101, kas paredz krimin\u0101latbild\u012bbu par transportl\u012bdzek\u013ca vad\u012b\u0161anu vai m\u0101c\u012b\u0161anu vad\u012bt transportl\u012bdzekli, ja izelpot\u0101 gaisa vai asins p\u0101rbaud\u0113 konstat\u0113t\u0101 alkohola koncentr\u0101cija p\u0101rsniedz 1,5 promiles.<\/p>\n<p>T\u0101pat tiek konfisc\u0113ts transportl\u012bdzeklis, ja \u012bpa\u0161nieks to vad\u012bjis stipr\u0101 reibum\u0101 vai atteicies no apreibino\u0161o vielu kl\u0101tb\u016btnes organism\u0101 p\u0101rbaudes. Gad\u012bjumos, ja reibum\u0101 vad\u012btais transportl\u012bdzeklis pieder citai personai, no vain\u012bg\u0101s personas piedzen pilnu vai da\u013c\u0113ju \u0161\u012b transportl\u012bdzek\u013ca v\u0113rt\u012bbu.<\/p>\n<p>Krimin\u0101llikums par \u0161\u0101du noziegumu paredz br\u012bv\u012bbas at\u0146em\u0161anu l\u012bdz vienam gadam, prob\u0101cijas uzraudz\u012bbu un transportl\u012bdzek\u013ca vad\u012b\u0161anas ties\u012bbu at\u0146em\u0161anu uz pieciem gadiem.<\/p>\n<p>\t\t\t\t\t\tinfo<\/p>\n<p>Uzzini pirmais<br \/>kas interesants noticis Latvij\u0101 un pasaul\u0113,<br \/>pievienojoties mums <a href=\"https:\/\/t.me\/neatkariga\" rel=\"nofollow\">Telegram<\/a> vai <a href=\"https:\/\/whatsapp.com\/channel\/0029VaMLFUH5K3zLU5s4wm3y\" rel=\"nofollow noopener\" target=\"_blank\">Whatsapp<\/a> kan\u0101l\u0101<\/p>\n","protected":false},"excerpt":{"rendered":"Likumsargi uz Liep\u0101jas \u0161osejas Tukuma novad\u0101 aiztur\u0113ju\u0161i kravas auto vad\u012bt\u0101ju tr\u012bs promi\u013cu reibum\u0101. Liep\u0101jas pa\u0161vald\u012bbas policija soci\u0101laj\u0101 t\u012bkl\u0101&hellip;\n","protected":false},"author":2,"featured_media":70251,"comment_status":"","ping_status":"","sticky":false,"template":"","format":"standard","meta":{"footnotes":""},"categories":[5],"tags":[23,28,29,32,33,22,30,31,35,39,38,36,37,34,40,20,26,27,24,25,21],"class_list":{"0":"post-70250","1":"post","2":"type-post","3":"status-publish","4":"format-standard","5":"has-post-thumbnail","7":"category-aktualitates","8":"tag-aktualitates","9":"tag-breaking-news","10":"tag-breakingnews","11":"tag-featured-news","12":"tag-featurednews","13":"tag-headlines","14":"tag-latest-news","15":"tag-latestnews","16":"tag-latvia","17":"tag-latvian","18":"tag-latviesu","19":"tag-latviesu-valoda","20":"tag-latviesuvaloda","21":"tag-latvija","22":"tag-lv","23":"tag-news","24":"tag-popularakas-zinas","25":"tag-popularakaszinas","26":"tag-top-stories","27":"tag-topstories","28":"tag-zinas"},"share_on_mastodon":{"url":"https:\/\/pubeurope.com\/@lv\/115691913452063005","error":""},"_links":{"self":[{"href":"https:\/\/www.europesays.com\/lv\/wp-json\/wp\/v2\/posts\/70250","targetHints":{"allow":["GET"]}}],"collection":[{"href":"https:\/\/www.europesays.com\/lv\/wp-json\/wp\/v2\/posts"}],"about":[{"href":"https:\/\/www.europesays.com\/lv\/wp-json\/wp\/v2\/types\/post"}],"author":[{"embeddable":true,"href":"https:\/\/www.europesays.com\/lv\/wp-json\/wp\/v2\/users\/2"}],"replies":[{"embeddable":true,"href":"https:\/\/www.europesays.com\/lv\/wp-json\/wp\/v2\/comments?post=70250"}],"version-history":[{"count":0,"href":"https:\/\/www.europesays.com\/lv\/wp-json\/wp\/v2\/posts\/70250\/revisions"}],"wp:featuredmedia":[{"embeddable":true,"href":"https:\/\/www.europesays.com\/lv\/wp-json\/wp\/v2\/media\/70251"}],"wp:attachment":[{"href":"https:\/\/www.europesays.com\/lv\/wp-json\/wp\/v2\/media?parent=70250"}],"wp:term":[{"taxonomy":"category","embeddable":true,"href":"https:\/\/www.europesays.com\/lv\/wp-json\/wp\/v2\/categories?post=70250"},{"taxonomy":"post_tag","embeddable":true,"href":"https:\/\/www.europesays.com\/lv\/wp-json\/wp\/v2\/tags?post=70250"}],"curies":[{"name":"wp","href":"https:\/\/api.w.org\/{rel}","templated":true}]}}