{"id":70254,"date":"2025-12-09T22:19:14","date_gmt":"2025-12-09T22:19:14","guid":{"rendered":"https:\/\/www.europesays.com\/lv\/70254\/"},"modified":"2025-12-09T22:19:14","modified_gmt":"2025-12-09T22:19:14","slug":"iespejams-cereja-inscenet-nelaimes-gadijumu-austrija-virietis-kalnos-nosalsanai-atstaj-draudzeni-santa","status":"publish","type":"post","link":"https:\/\/www.europesays.com\/lv\/70254\/","title":{"rendered":"Iesp\u0113jams, cer\u0113ja inscen\u0113t nelaimes gad\u012bjumu. Austrij\u0101 v\u012brietis kalnos nosal\u0161anai atst\u0101j draudzeni \u2014 Santa"},"content":{"rendered":"<p>Austrijas izmekl\u0113t\u0101ji ir noskaidroju\u0161i, kas paties\u012bb\u0101 notika ar 33 gadus veco K\u0113rstinu Gurtneri, kura p\u0113rn\u0101 gada janv\u0101r\u012b nosala l\u012bdz n\u0101vei dzimtenes kalnos. L\u012bdz \u0161im sievietes n\u0101ve tika uzskat\u012bta par nelaimes gad\u012bjumu, ta\u010du jauni pier\u0101d\u012bjumi liecina, ka paties\u012bb\u0101 pie t\u0101s ir vainojams vi\u0146as m\u012b\u013cotais v\u012brietis, pieredz\u0113jis alp\u012bnists, 39 gadus vecais Tomass Plembergers.<\/p>\n<p>P\u0101ris 2024. gada janv\u0101r\u012b kop\u012bgi dev\u0101s k\u0101pien\u0101 Austrijas augstaj\u0101 kaln\u0101 Grosglokner\u0101, kura virsotne atrodas 3840 metru augstum\u0101. Tobr\u012bd laikapst\u0101k\u013ci nebija piem\u0113roti dro\u0161ai k\u0101p\u0161anai, turkl\u0101t, K\u0113rstina nebija sevi\u0161\u0137i pieredz\u0113jusi alp\u012bniste un likten\u012bgaj\u0101 k\u0101pien\u0101 vi\u0146a nebija ar\u012b piem\u0113roti ekip\u0113jusies. Gaisa temperat\u016bra kaln\u0101 bija nosl\u012bd\u0113jusi zem \u20134 gr\u0101diem, bet virsotnes tuvum\u0101 v\u0113j\u0161 br\u0101zm\u0101s pat sasniedza 74 km\/h.<\/p>\n<p>\u00a0<\/p>\n<p>        <a href=\"https:\/\/www.europesays.com\/lv\/wp-content\/uploads\/2025\/12\/8f2e9c52671b.jpg\"><img decoding=\"async\" alt=\"K\u0113rstina\" class=\"no-convert\" src=\"https:\/\/www.europesays.com\/lv\/wp-content\/uploads\/2025\/12\/8f2e9c52671b.jpg\"\/><\/a><\/p>\n<p> Foto: Instagram<\/p>\n<p>K\u0113rstina<\/p>\n<p>\u00a0<\/p>\n<p>Kad K\u0113rstina un Tomass bija tikai 45 metru att\u0101lum\u0101 no virsotnes, Gurtnere zaud\u0113ja sama\u0146u. V\u0113l\u0101k noskaidrots, ka p\u0113c da\u017e\u0101m stund\u0101m K\u0113rstinu draugs atst\u0101ja vienu kalna virsotn\u0113 un s\u0101ka savu lejupce\u013cu. Izmekl\u0113t\u0101ji pau\u017e, ka videonov\u0113ro\u0161anas kameras ir fiks\u0113ju\u0161as tra\u0123isko br\u012bdi, kad viena gaisma dodas lejup pa kalnu p\u0113c tam, kam\u0113r\u00a0otra nekust\u012bgi paliek aug\u0161up.<\/p>\n<p>Prokurori apgalvo, ka pieredz\u0113ju\u0161ais alp\u012bnists daudz\u0113j\u0101d\u0101 zi\u0146\u0101 nav centies gl\u0101bt savas draudzenes dz\u012bv\u012bbu, jau vien uzs\u0101kot p\u0101rg\u0101jienu bez atbilsto\u0161a apr\u012bkojuma un beidzot ar gl\u0101b\u0161anas helikoptera neaptur\u0113\u0161anu p\u0101ris stundas p\u0113c tam, kad meitene zaud\u0113ja sama\u0146u. Prokurori atkl\u0101ju\u0161i medijiem, ka helikopters vien\u0101 br\u012bd\u012b nolidoja gar\u0101m p\u0101rim &#8211;\u00a0gl\u0101b\u0161anas komanda tobr\u012bd jau bija\u00a0sa\u0146\u0113musi\u00a0inform\u0101ciju no citiem avotiem\u00a0par k\u0101du kalnos paliku\u0161u k\u0101p\u0113ju. \u0160ie pier\u0101d\u012bjumi vedina dom\u0101t, ka Tomass apzin\u0101ti aizvedis savu draudzeni n\u0101v\u0113.<\/p>\n<p>Tomass ar Alpu policiju sazin\u0101jies tikai p\u0113c pusnakts \u2013 \u010detras stundas p\u0113c tam, kad draudzene sa\u013cima kalnos. Vi\u0146\u0161 pats no kalna nok\u0101pis p\u0113c 2 nakt\u012b.<\/p>\n<blockquote><p>&#13;<\/p>\n<p>\u00abDivos nakt\u012b vi\u0146\u0161 pats nok\u0101pa lej\u0101, kam\u0113r vi\u0146a draudzene, p\u0101rsalusi, apjukusi, nepasarg\u0101ta, palika viena aptuveni 50 metrus zem Grosgloknera smailes.<\/p>\n<p>&#13;\n<\/p><\/blockquote>\n<p>Sieviete nosala l\u012bdz n\u0101vei. T\u0101 k\u0101 aps\u016bdz\u0113tais ir \u013coti pieredz\u0113jis alp\u012bnists ar pieredzi kalnu k\u0101p\u0161anas t\u016bru vad\u012b\u0161an\u0101, un kur\u0161 bija ar\u012b izpl\u0101nojis ar\u012b \u0161o p\u0101rg\u0101jienu, vi\u0146\u0161 tiek uzskat\u012bts par atbild\u012bgo jaun\u0101s sievietes n\u0101v\u0113,\u00bb sac\u012bts Austrijas policijas zi\u0146ojum\u0101. Partneris tiek aps\u016bdz\u0113ts ar\u012b par to, ka vi\u0146\u0161 atst\u0101ja draudzeni bez atbilsto\u0161a aizsargapr\u012bkojuma nok\u0101p\u0161anai, nenovietoja vi\u0146u dro\u0161\u0101k\u0101 viet\u0101 vai bivaka mais\u0101 (\u016bdensiztur\u012bgaj\u0101\u00a0gu\u013camais\u0101),\u00a0pat neietina meiteni alum\u012bnija seg\u0101, lai vi\u0146u sasild\u012btu. Austrijas gl\u0101b\u0161anas dienestiem izdev\u0101s K\u0113rstinu sasniegt tikai 7 no r\u012bta un tad bijis jau par v\u0113lu \u2013 meitene atrasta mirusi, savuk\u0101rt K\u0113rstinas draugu\u00a0dienesti nav var\u0113ju\u0161i sazvan\u012bt. Tomasa t\u0101lrunis p\u0113c nok\u0101p\u0161anas bijis izsl\u0113gts. Ekspert\u012bze liecina, ka meitene mirusi se\u0161as stundas p\u0113c tam, kad vi\u0146u vienu kaln\u0101 atst\u0101ja vi\u0146as draugs.\u00a0<\/p>\n<p>P\u0113c tam, kad medijos pla\u0161i izskan\u0113ja zi\u0146a par atrastaj\u0101m K\u0113rstinas mirst\u012bgaj\u0101m atliek\u0101m, m\u012b\u013cotais v\u012brietis dal\u012bj\u0101s ar zi\u0146u, kur\u0101 sac\u012bja, ka vi\u0146am ir \u00abneticami s\u0101p\u012bgi\u00bb palikt bez K\u0113rstinas. \u00abTu man \u013coti pietr\u016bksti. Man tik \u013coti s\u0101p. Tu m\u016b\u017e\u012bgi paliksi man sird\u012b. Bez tevis laiks ir bezj\u0113dz\u012bgs,\u00bb soci\u0101lajos t\u012bklos publisk\u0101 pazi\u0146ojum\u0101 rakst\u012bja Tomass. Vi\u0146\u0161 ar\u012b kop\u0101 ar K\u0113rstinas vec\u0101kiem parakst\u012bja vi\u0146as nekrologu.<\/p>\n<p>\u00a0<\/p>\n<p>\t\t\u0160obr\u012bd lasa\n\t    <\/p>\n<p>\u00a0<\/p>\n","protected":false},"excerpt":{"rendered":"Austrijas izmekl\u0113t\u0101ji ir noskaidroju\u0161i, kas paties\u012bb\u0101 notika ar 33 gadus veco K\u0113rstinu Gurtneri, kura p\u0113rn\u0101 gada janv\u0101r\u012b nosala&hellip;\n","protected":false},"author":2,"featured_media":70255,"comment_status":"","ping_status":"","sticky":false,"template":"","format":"standard","meta":{"footnotes":""},"categories":[5],"tags":[23,28,29,32,33,22,30,31,35,39,38,36,37,34,40,20,26,27,24,25,21],"class_list":{"0":"post-70254","1":"post","2":"type-post","3":"status-publish","4":"format-standard","5":"has-post-thumbnail","7":"category-aktualitates","8":"tag-aktualitates","9":"tag-breaking-news","10":"tag-breakingnews","11":"tag-featured-news","12":"tag-featurednews","13":"tag-headlines","14":"tag-latest-news","15":"tag-latestnews","16":"tag-latvia","17":"tag-latvian","18":"tag-latviesu","19":"tag-latviesu-valoda","20":"tag-latviesuvaloda","21":"tag-latvija","22":"tag-lv","23":"tag-news","24":"tag-popularakas-zinas","25":"tag-popularakaszinas","26":"tag-top-stories","27":"tag-topstories","28":"tag-zinas"},"share_on_mastodon":{"url":"https:\/\/pubeurope.com\/@lv\/115691937285965326","error":""},"_links":{"self":[{"href":"https:\/\/www.europesays.com\/lv\/wp-json\/wp\/v2\/posts\/70254","targetHints":{"allow":["GET"]}}],"collection":[{"href":"https:\/\/www.europesays.com\/lv\/wp-json\/wp\/v2\/posts"}],"about":[{"href":"https:\/\/www.europesays.com\/lv\/wp-json\/wp\/v2\/types\/post"}],"author":[{"embeddable":true,"href":"https:\/\/www.europesays.com\/lv\/wp-json\/wp\/v2\/users\/2"}],"replies":[{"embeddable":true,"href":"https:\/\/www.europesays.com\/lv\/wp-json\/wp\/v2\/comments?post=70254"}],"version-history":[{"count":0,"href":"https:\/\/www.europesays.com\/lv\/wp-json\/wp\/v2\/posts\/70254\/revisions"}],"wp:featuredmedia":[{"embeddable":true,"href":"https:\/\/www.europesays.com\/lv\/wp-json\/wp\/v2\/media\/70255"}],"wp:attachment":[{"href":"https:\/\/www.europesays.com\/lv\/wp-json\/wp\/v2\/media?parent=70254"}],"wp:term":[{"taxonomy":"category","embeddable":true,"href":"https:\/\/www.europesays.com\/lv\/wp-json\/wp\/v2\/categories?post=70254"},{"taxonomy":"post_tag","embeddable":true,"href":"https:\/\/www.europesays.com\/lv\/wp-json\/wp\/v2\/tags?post=70254"}],"curies":[{"name":"wp","href":"https:\/\/api.w.org\/{rel}","templated":true}]}}