{"id":70266,"date":"2025-12-09T22:31:13","date_gmt":"2025-12-09T22:31:13","guid":{"rendered":"https:\/\/www.europesays.com\/lv\/70266\/"},"modified":"2025-12-09T22:31:13","modified_gmt":"2025-12-09T22:31:13","slug":"vismaz-7-ievainotie-un-plasi-postijumi-lente-lv","status":"publish","type":"post","link":"https:\/\/www.europesays.com\/lv\/70266\/","title":{"rendered":"vismaz 7 ievainotie un pla\u0161i post\u012bjumi\u00a0\u2014\u00a0Lente.lv"},"content":{"rendered":"<p>Krievijas uzbrukumi Sumiem: Vair\u0101ki ievainotie un post\u012bjumi<\/p>\n<p>P\u0113d\u0113j\u0101s diennakts laik\u0101 Krievijas sp\u0113ki veiku\u0161i bezpilota lidapar\u0101tu uzbrukumus Ukrainas pils\u0113tai Sumiem un t\u0101s apk\u0101rtnei, k\u0101 rezult\u0101t\u0101 vismaz septi\u0146i cilv\u0113ki guvu\u0161i ievainojumus. Gaisa triecieni nodar\u012bju\u0161i post\u012bjumus ar\u012b net\u0101lajiem rajoniem, tostarp Ohtirkas pils\u0113tai.<\/p>\n<p>Detaliz\u0113ts uzbrukuma apraksts<\/p>\n<p>Sv\u0113tdienas vakar\u0101 notiku\u0161aj\u0101 triecien\u0101 cieta devi\u0146st\u0101vu dz\u012bvojam\u0101 \u0113ka, ievainojot septi\u0146us cilv\u0113kus. Neatliekam\u0101s pal\u012bdz\u012bbas dienestu darbinieki sp\u0113ju\u0161i izgl\u0101bt vair\u0101kus iedz\u012bvot\u0101jus, kuri tika iesprostoti post\u012bt\u0101s \u0113kas drup\u0101s. Ukrainas mediji zi\u0146o, ka l\u012bdz\u012bgs uzbrukums noticis ar\u012b pirmdienas vakar\u0101, fiks\u0113jot vair\u0101kus spr\u0101dzienus pils\u0113tas nomal\u0113. Lai gan pagaid\u0101m nav publiskotas zi\u0146as par cietu\u0161ajiem \u0161aj\u0101 otraj\u0101 uzbrukum\u0101, varas iest\u0101des br\u012bdina par turpm\u0101ku uzbrukumu draudiem, aicinot iedz\u012bvot\u0101jus mekl\u0113t patv\u0113rumu dro\u0161\u0101s viet\u0101s.<\/p>\n<p>Pla\u0161\u0101ki Krievijas uzbrukumi Ukrainai<\/p>\n<p>Sumu re\u0123ions, kas atrodas net\u0101lu no Krievijas robe\u017eas, regul\u0101ri k\u013c\u016bst par Krievijas sp\u0113ku m\u0113r\u0137i. \u0160ie uzbrukumi nav izol\u0113ti gad\u012bjumi, bet gan da\u013ca no pla\u0161\u0101kas Krievijas milit\u0101r\u0101s kampa\u0146as pret Ukrainu. Ned\u0113\u013cas nogal\u0113 post\u012bjumi nodar\u012bti ar\u012b cit\u0101m Ukrainas pils\u0113t\u0101m, tostarp Ohtirkai, D\u0146ipropetrovskai un \u010cernihivai. T\u0101pat zi\u0146ots par elektrostaciju boj\u0101jumiem asto\u0146os Ukrainas re\u0123ionos, kas var rad\u012bt pla\u0161\u0101kas sekas infrastrukt\u016brai un civiliedz\u012bvot\u0101jiem.<\/p>\n<p>Kara konteksts un sekas<\/p>\n<p>Krievijas pilna m\u0113roga iebrukums Ukrain\u0101, kas s\u0101k\u0101s 2022. gada febru\u0101r\u012b, turpin\u0101s jau vair\u0101k nek\u0101 divus gadus. Neskatoties uz s\u0101kotn\u0113j\u0101m Krem\u013ca cer\u012bb\u0101m \u0101tri ie\u0146emt Kijivu, Ukrainas sp\u0113c\u012bg\u0101 pretest\u012bba liedza realiz\u0113t \u0161os pl\u0101nus. P\u0113c neveiksm\u0113m Kijivas apgabal\u0101, Krievijas sp\u0113ki turpin\u0101ja ofens\u012bvu citos re\u0123ionos. Lai gan Ukrainas pretuzbrukums 2023. gad\u0101 nebija tik veiksm\u012bgs, k\u0101 cer\u0113ts, valsts turpina aizst\u0101v\u0113ties pret agresiju. Situ\u0101cija liecina par turpin\u0101tu spriedzi un nemieru Ukrainas austrumos un zieme\u013caustrumos, kur civiliedz\u012bvot\u0101ji cie\u0161 no past\u0101v\u012bgiem uzbrukumiem.<\/p>\n<p>Starptautisk\u0101 reakcija un aicin\u0101jumi<\/p>\n<p>\u0160\u0101di brut\u0101li uzbrukumi civiliedz\u012bvot\u0101jiem un infrastrukt\u016brai regul\u0101ri izsauc pla\u0161u starptautisk\u0101s sabiedr\u012bbas nosod\u012bjumu. Pasaule ar satraukumu seko l\u012bdzi notikumiem Ukrain\u0101, un arvien bie\u017e\u0101k izskan aicin\u0101jumi pastiprin\u0101t sankcijas pret Krieviju un sniegt Ukrainai v\u0113l liel\u0101ku milit\u0101ro un finansi\u0101lo atbalstu. Ukrainas notur\u012bba ir iedvesmojo\u0161a, ta\u010du atbalsts no draudz\u012bgaj\u0101m valst\u012bm ir vit\u0101li svar\u012bgs, lai nodro\u0161in\u0101tu ne tikai valsts aizsardz\u012bbu, bet ar\u012b t\u0101s atjauno\u0161anu un turpm\u0101ku att\u012bst\u012bbu. Lai gan notiku\u0161\u0101s miera sarunas nav devu\u0161as rezult\u0101tus, cer\u012bba uz diplom\u0101tisku risin\u0101jumu saglab\u0101jas.<\/p>\n","protected":false},"excerpt":{"rendered":"Krievijas uzbrukumi Sumiem: Vair\u0101ki ievainotie un post\u012bjumi P\u0113d\u0113j\u0101s diennakts laik\u0101 Krievijas sp\u0113ki veiku\u0161i bezpilota lidapar\u0101tu uzbrukumus Ukrainas pils\u0113tai&hellip;\n","protected":false},"author":2,"featured_media":70267,"comment_status":"","ping_status":"","sticky":false,"template":"","format":"standard","meta":{"footnotes":""},"categories":[5],"tags":[23,28,29,75,32,33,22,11861,4087,30,31,35,39,38,36,37,34,40,20,26,27,17963,24,25,276,21],"class_list":{"0":"post-70266","1":"post","2":"type-post","3":"status-publish","4":"format-standard","5":"has-post-thumbnail","7":"category-aktualitates","8":"tag-aktualitates","9":"tag-breaking-news","10":"tag-breakingnews","11":"tag-droni","12":"tag-featured-news","13":"tag-featurednews","14":"tag-headlines","15":"tag-ievainotie","16":"tag-krievijas-uzbrukums","17":"tag-latest-news","18":"tag-latestnews","19":"tag-latvia","20":"tag-latvian","21":"tag-latviesu","22":"tag-latviesu-valoda","23":"tag-latviesuvaloda","24":"tag-latvija","25":"tag-lv","26":"tag-news","27":"tag-popularakas-zinas","28":"tag-popularakaszinas","29":"tag-sumi","30":"tag-top-stories","31":"tag-topstories","32":"tag-ukraina","33":"tag-zinas"},"share_on_mastodon":{"url":"https:\/\/pubeurope.com\/@lv\/115691984159113235","error":""},"_links":{"self":[{"href":"https:\/\/www.europesays.com\/lv\/wp-json\/wp\/v2\/posts\/70266","targetHints":{"allow":["GET"]}}],"collection":[{"href":"https:\/\/www.europesays.com\/lv\/wp-json\/wp\/v2\/posts"}],"about":[{"href":"https:\/\/www.europesays.com\/lv\/wp-json\/wp\/v2\/types\/post"}],"author":[{"embeddable":true,"href":"https:\/\/www.europesays.com\/lv\/wp-json\/wp\/v2\/users\/2"}],"replies":[{"embeddable":true,"href":"https:\/\/www.europesays.com\/lv\/wp-json\/wp\/v2\/comments?post=70266"}],"version-history":[{"count":0,"href":"https:\/\/www.europesays.com\/lv\/wp-json\/wp\/v2\/posts\/70266\/revisions"}],"wp:featuredmedia":[{"embeddable":true,"href":"https:\/\/www.europesays.com\/lv\/wp-json\/wp\/v2\/media\/70267"}],"wp:attachment":[{"href":"https:\/\/www.europesays.com\/lv\/wp-json\/wp\/v2\/media?parent=70266"}],"wp:term":[{"taxonomy":"category","embeddable":true,"href":"https:\/\/www.europesays.com\/lv\/wp-json\/wp\/v2\/categories?post=70266"},{"taxonomy":"post_tag","embeddable":true,"href":"https:\/\/www.europesays.com\/lv\/wp-json\/wp\/v2\/tags?post=70266"}],"curies":[{"name":"wp","href":"https:\/\/api.w.org\/{rel}","templated":true}]}}