{"id":70278,"date":"2025-12-09T23:09:11","date_gmt":"2025-12-09T23:09:11","guid":{"rendered":"https:\/\/www.europesays.com\/lv\/70278\/"},"modified":"2025-12-09T23:09:11","modified_gmt":"2025-12-09T23:09:11","slug":"pasaules-cempione-samoilova-sanems-daugavpils-naudas-balvu-pludmales-volejbols-sportacentrs-com","status":"publish","type":"post","link":"https:\/\/www.europesays.com\/lv\/70278\/","title":{"rendered":"Pasaules \u010dempione Samoilova sa\u0146ems Daugavpils naudas balvu \u2013 Pludmales volejbols \u2013 Sportacentrs.com"},"content":{"rendered":"<p>11. decembra domes s\u0113d\u0113 tiek pl\u0101nots par ieg\u016bto pirmo vietu pasaules \u010dempion\u0101t\u0101 pludmales volejbol\u0101 pie\u0161\u0137irt Anastasijai Samoilovai naudas balvu 9486 eiro apm\u0113r\u0101 pirms nodok\u013cu nomaksas, k\u0101 ar\u012b pie\u0161\u0137irt vi\u0146as trenerei Nat\u0101lijai Novikovai naudas balvu 4743 eiro apm\u0113r\u0101 pirms nodok\u013cu nomaksas (treneriem j\u0101b\u016bt deklar\u0113tiem Daugavpil\u012b, t\u0101p\u0113c balvu sa\u0146ems viet\u0113j\u0101 trenere).<\/p>\n<p><a href=\"https:\/\/sportacentrs.com\/pludmales_volejbols\/23112025-samoilova_graudina_pc_finala_pret_amerika\" target=\"_blank\" rel=\"nofollow noopener\">K\u0101 jau zi\u0146ots<\/a>, 23. novembr\u012b Latvijas pludmales volejbola l\u012bderes T\u012bna Graudi\u0146a un Anastasija Samoilova izc\u012bn\u012bja pasaules \u010dempio\u0146u titulu. J\u016brmalas dome Graudi\u0146ai pie\u0161\u0137\u012bra naudas balvu <a href=\"https:\/\/sportacentrs.com\/pludmales_volejbols\/tina_graudina\/26112025-jurmalas_dome_pieskirs_naudas_balvas_grau\" target=\"_blank\" rel=\"nofollow noopener\">5700 eiro<\/a> p\u0113c nodok\u013cu nomaksas.<\/p>\n<p>Sacens\u012bbu organizatori \u010dempion\u0113m pie\u0161\u0137\u012bra 60 000 ASV dol\u0101ru naudas balvu pirms nodok\u013cu nomaksas. Dr\u012bzum\u0101 tiks lemts ar\u012b par valsts naudas balv\u0101m &#8211; dom\u0101jams, katrai b\u016bs 75% no 28 458 eiro, t.i. 21 344 eiro p\u0113c nodok\u013cu nomaksas.<\/p>\n<p>Izmantotie resursi:<br \/><a href=\"https:\/\/www.daugavpils.lv\/assets\/upload\/dokumenti\/normativie\/2021\/03\/06_24-09-2020_noteikumi_kons-v001.pdf\" target=\"_blank\" rel=\"nofollow noopener\">Naudas balvas &#8211; daugavpils.lv<\/a><br \/><a href=\"https:\/\/dokumenti.jurmala.lv\/docs\/i11\/d\/i11d007_m.htm\" target=\"_blank\" rel=\"nofollow noopener\">Naudas balvas &#8211; jurmala.lv<\/a><br \/><a href=\"https:\/\/likumi.lv\/ta\/id\/242466-noteikumi-par-kartibu-kada-pieskiramas-naudas-balvas-par-izciliem-sasniegumiem-sporta-un-naudas-balvu-apmeru\" target=\"_blank\" rel=\"nofollow noopener\">Valsts naudas balvas &#8211; likumi.lv<\/a><\/p>\n","protected":false},"excerpt":{"rendered":"11. decembra domes s\u0113d\u0113 tiek pl\u0101nots par ieg\u016bto pirmo vietu pasaules \u010dempion\u0101t\u0101 pludmales volejbol\u0101 pie\u0161\u0137irt Anastasijai Samoilovai naudas&hellip;\n","protected":false},"author":2,"featured_media":70279,"comment_status":"","ping_status":"","sticky":false,"template":"","format":"standard","meta":{"footnotes":""},"categories":[17],"tags":[35,39,38,36,37,34,40,67],"class_list":{"0":"post-70278","1":"post","2":"type-post","3":"status-publish","4":"format-standard","5":"has-post-thumbnail","7":"category-sports","8":"tag-latvia","9":"tag-latvian","10":"tag-latviesu","11":"tag-latviesu-valoda","12":"tag-latviesuvaloda","13":"tag-latvija","14":"tag-lv","15":"tag-sports"},"share_on_mastodon":{"url":"https:\/\/pubeurope.com\/@lv\/115692133594156757","error":""},"_links":{"self":[{"href":"https:\/\/www.europesays.com\/lv\/wp-json\/wp\/v2\/posts\/70278","targetHints":{"allow":["GET"]}}],"collection":[{"href":"https:\/\/www.europesays.com\/lv\/wp-json\/wp\/v2\/posts"}],"about":[{"href":"https:\/\/www.europesays.com\/lv\/wp-json\/wp\/v2\/types\/post"}],"author":[{"embeddable":true,"href":"https:\/\/www.europesays.com\/lv\/wp-json\/wp\/v2\/users\/2"}],"replies":[{"embeddable":true,"href":"https:\/\/www.europesays.com\/lv\/wp-json\/wp\/v2\/comments?post=70278"}],"version-history":[{"count":0,"href":"https:\/\/www.europesays.com\/lv\/wp-json\/wp\/v2\/posts\/70278\/revisions"}],"wp:featuredmedia":[{"embeddable":true,"href":"https:\/\/www.europesays.com\/lv\/wp-json\/wp\/v2\/media\/70279"}],"wp:attachment":[{"href":"https:\/\/www.europesays.com\/lv\/wp-json\/wp\/v2\/media?parent=70278"}],"wp:term":[{"taxonomy":"category","embeddable":true,"href":"https:\/\/www.europesays.com\/lv\/wp-json\/wp\/v2\/categories?post=70278"},{"taxonomy":"post_tag","embeddable":true,"href":"https:\/\/www.europesays.com\/lv\/wp-json\/wp\/v2\/tags?post=70278"}],"curies":[{"name":"wp","href":"https:\/\/api.w.org\/{rel}","templated":true}]}}