{"id":70284,"date":"2025-12-09T23:26:10","date_gmt":"2025-12-09T23:26:10","guid":{"rendered":"https:\/\/www.europesays.com\/lv\/70284\/"},"modified":"2025-12-09T23:26:10","modified_gmt":"2025-12-09T23:26:10","slug":"ances-krauzes-meita-uz-berlini-dodas-ar-galas-amurinu-berns-nepazudis-lente-lv","status":"publish","type":"post","link":"https:\/\/www.europesays.com\/lv\/70284\/","title":{"rendered":"Ances Krauzes meita uz Berl\u012bni dodas ar ga\u013cas \u0101muri\u0146u: &#8220;B\u0113rns nepazud\u012bs!&#8221;\u00a0\u2014\u00a0Lente.lv"},"content":{"rendered":"<p>Uzs\u0101kot jaunu dz\u012bves posmu<\/p>\n<p>Dzied\u0101t\u0101ja Ance Krauze ar lepnumu un m\u012blest\u012bbu v\u0113ro savas vec\u0101k\u0101s meitas Elzas dot\u0161anos jaun\u0101 dz\u012bves noda\u013c\u0101 \u2013 uz studij\u0101m V\u0101cijas galvaspils\u0113t\u0101 Berl\u012bn\u0113. Lai gan m\u016bsdien\u0101s digit\u0101l\u0101s tehnolo\u0123ijas un pla\u0161ais interneta kl\u0101sts \u013cauj uztur\u0113t sakarus ar dzimteni ar\u012b no att\u0101luma, Elza sav\u0101 kofer\u012b ir pa\u0146\u0113musi l\u012bdzi ne tikai vijoli, kas atspogu\u013co vi\u0146as muzik\u0101lo talantu, bet ar\u012b vair\u0101kus priek\u0161metus, kas liecina par dzi\u013c\u0101k\u0101m sakn\u0113m un praktiskumu.<\/p>\n<p>Latvisk\u0101s v\u0113rt\u012bbas un saimnieciskums ce\u013casom\u0101<\/p>\n<p>Ance Krauze ar smaidu atkl\u0101j, ka Elzas rokas bag\u0101\u017e\u0101 atradusies ne tikai vijole, bet ar\u012b ga\u013cas \u0101muri\u0146\u0161 un vect\u0113va darin\u0101ts ga\u013cas d\u0113l\u012btis. \u0160ie priek\u0161meti nav tikai sadz\u012bves priek\u0161meti, bet tie simboliz\u0113 latvisko saimnieciskumu un trad\u012bcijas, ko meita nes sev l\u012bdzi uz jauno dz\u012bvesvietu. Dzied\u0101t\u0101ja ir p\u0101rliecin\u0101ta, ka \u0161\u0101ds apr\u012bkojums pal\u012bdz\u0113s Elzai ne tikai sadz\u012bv\u0113, bet ar\u012b rad\u012bs saikni ar Latviju pat t\u0101lu prom no m\u0101j\u0101m. \u201cB\u0113rns Berl\u012bn\u0113 nepazud\u012bs!\u201d ar p\u0101rliec\u012bbu saka Ance, demonstr\u0113jot savu mammas sirds siltumu un r\u016bpes.<\/p>\n<p>Neierastais olu v\u0101r\u012bt\u0101js \u2013 praktiskais s\u012bkums<\/p>\n<p>Starp Elzas mant\u0101m bija ar\u012b k\u0101ds, \u0161\u0137ietami, neierast\u0101ks priek\u0161mets \u2013 neliels, apa\u013c\u0161 elektriskais olu v\u0101r\u012bt\u0101js. Lai gan s\u0101kum\u0101 tas Ancei rad\u012bjis nelielu p\u0101rsteigumu, k\u0101da gan ir t\u0101 praktisk\u0101 noz\u012bme, tom\u0113r kopum\u0101 tas pasv\u012btro Elzas gatav\u012bbu patst\u0101v\u012bgi risin\u0101t ikdienas vajadz\u012bbas, pat ja t\u0101s \u0161\u0137iet s\u012bkas. Tas apliecina meitas r\u016bp\u012bbu un v\u0113lmi rad\u012bt sev \u0113rtu un funkcion\u0101lu vidi, pat sve\u0161\u0101 zem\u0113. \u0160\u0101di priek\u0161meti liecina par jaunie\u0161a ap\u0137\u0113r\u012bbu un sp\u0113ju piel\u0101goties jauniem apst\u0101k\u013ciem, vienlaikus saglab\u0101jot savas saknes.<\/p>\n<p>Muzik\u0101l\u0101 n\u0101kotne un Barenboim-Sa\u00efd akad\u0113mija<\/p>\n<p>Elzas ce\u013c\u0161 V\u0101cij\u0101 ir cie\u0161i saist\u012bts ar vi\u0146as muzik\u0101lo talantu. Vi\u0146a ir ne tikai talant\u012bga vijolniece, bet jau ieguvusi ar\u012b vair\u0101kus apbalvojumus un pateic\u012bbas par spo\u017eiem sasniegumiem m\u0101c\u012bb\u0101s un m\u016bzik\u0101. Vi\u0146as n\u0101kotnes pl\u0101ni ir ambiciozi \u2013 Elza dosies stud\u0113t uz presti\u017eo Barenboim-Sa\u00efd akad\u0113miju Berl\u012bn\u0113. \u0160\u012b akad\u0113mija ir zin\u0101ma ar augsto m\u0101c\u012bbu l\u012bmeni un iesp\u0113j\u0101m att\u012bst\u012bt savu potenci\u0101lu pasaules l\u012bme\u0146a m\u016bzi\u0137iem. Ance Krauze, k\u0101 mamma, ir bezgala lepna par savas meitas pan\u0101kumiem un n\u0101kotnes perspekt\u012bv\u0101m. Vi\u0146as meita, kurai jau pirms 17 gadiem vi\u0146a dzied\u0101ja dziesmu uz skatuves, tagad dodas uz jauniem muzik\u0101liem augstumiem.<\/p>\n<p>Ances Krauzes atgrie\u0161an\u0101s uz skatuves<\/p>\n<p>Kam\u0113r vec\u0101k\u0101 meita uzs\u0101k savu starptautisko karjeru, Ance Krauze pati atgriezusies akt\u012bvaj\u0101 koncertdz\u012bv\u0113. P\u0113c vair\u0101ku gadu koncentr\u0113\u0161an\u0101s uz \u0123imeni un ret\u0101k\u0101m uzst\u0101\u0161an\u0101s reiz\u0113m, vi\u0146a nu atkal priec\u0113 klaus\u012bt\u0101jus ar savu dzied\u0101jumu. 2024. un 2025. gad\u0101 Ance apce\u013cojusi Latviju ar J\u0101\u0146a L\u016bs\u0113na programmu &#8220;Violets&#8221; un J\u0101\u0146a Strazda programmu &#8220;Neturi, kad p\u013cav\u0101 brienu&#8221;. \u0160\u012b atgrie\u0161an\u0101s ir z\u012bm\u012bga, jo dzied\u0101t\u0101ja nes jaunumu un pieredzi, ko uzkr\u0101jusi, vadot savu \u0123imeni un dz\u012bvojot pilnv\u0113rt\u012bgu dz\u012bvi.<\/p>\n","protected":false},"excerpt":{"rendered":"Uzs\u0101kot jaunu dz\u012bves posmu Dzied\u0101t\u0101ja Ance Krauze ar lepnumu un m\u012blest\u012bbu v\u0113ro savas vec\u0101k\u0101s meitas Elzas dot\u0161anos jaun\u0101&hellip;\n","protected":false},"author":2,"featured_media":70285,"comment_status":"","ping_status":"","sticky":false,"template":"","format":"standard","meta":{"footnotes":""},"categories":[19],"tags":[14537,1804,17968,89,90,35,39,38,17970,36,37,34,40,17969],"class_list":{"0":"post-70284","1":"post","2":"type-post","3":"status-publish","4":"format-standard","5":"has-post-thumbnail","7":"category-izklaide","8":"tag-ance-krauze","9":"tag-berline","10":"tag-elza-silina","11":"tag-entertainment","12":"tag-izklaide","13":"tag-latvia","14":"tag-latvian","15":"tag-latviesu","16":"tag-latviesu-talanti-arzemes","17":"tag-latviesu-valoda","18":"tag-latviesuvaloda","19":"tag-latvija","20":"tag-lv","21":"tag-macibas-vacija"},"share_on_mastodon":{"url":"https:\/\/pubeurope.com\/@lv\/115692200627957866","error":""},"_links":{"self":[{"href":"https:\/\/www.europesays.com\/lv\/wp-json\/wp\/v2\/posts\/70284","targetHints":{"allow":["GET"]}}],"collection":[{"href":"https:\/\/www.europesays.com\/lv\/wp-json\/wp\/v2\/posts"}],"about":[{"href":"https:\/\/www.europesays.com\/lv\/wp-json\/wp\/v2\/types\/post"}],"author":[{"embeddable":true,"href":"https:\/\/www.europesays.com\/lv\/wp-json\/wp\/v2\/users\/2"}],"replies":[{"embeddable":true,"href":"https:\/\/www.europesays.com\/lv\/wp-json\/wp\/v2\/comments?post=70284"}],"version-history":[{"count":0,"href":"https:\/\/www.europesays.com\/lv\/wp-json\/wp\/v2\/posts\/70284\/revisions"}],"wp:featuredmedia":[{"embeddable":true,"href":"https:\/\/www.europesays.com\/lv\/wp-json\/wp\/v2\/media\/70285"}],"wp:attachment":[{"href":"https:\/\/www.europesays.com\/lv\/wp-json\/wp\/v2\/media?parent=70284"}],"wp:term":[{"taxonomy":"category","embeddable":true,"href":"https:\/\/www.europesays.com\/lv\/wp-json\/wp\/v2\/categories?post=70284"},{"taxonomy":"post_tag","embeddable":true,"href":"https:\/\/www.europesays.com\/lv\/wp-json\/wp\/v2\/tags?post=70284"}],"curies":[{"name":"wp","href":"https:\/\/api.w.org\/{rel}","templated":true}]}}