{"id":70295,"date":"2025-12-10T00:06:17","date_gmt":"2025-12-10T00:06:17","guid":{"rendered":"https:\/\/www.europesays.com\/lv\/70295\/"},"modified":"2025-12-10T00:06:17","modified_gmt":"2025-12-10T00:06:17","slug":"cesu-novada-aptur-desmitgadiga-zena-vaditu-auto-ar-piedzerusos-tevu-aizmugures-sedekli","status":"publish","type":"post","link":"https:\/\/www.europesays.com\/lv\/70295\/","title":{"rendered":"C\u0113su novad\u0101 aptur desmitgad\u012bga z\u0113na vad\u012btu auto ar piedz\u0113ru\u0161os t\u0113vu aizmugures s\u0113dekl\u012b"},"content":{"rendered":"<p>Nakt\u012b uz 7. decembri Raiskuma pagast\u0101, uz autoce\u013ca Unguri &#8211; Lielstraupe &#8211; Brasla policija paman\u012bja automa\u0161\u012bnu &#8220;Volvo&#8221;, kas tika vad\u012bta nep\u0101rliecino\u0161i.<\/p>\n<p>Policisti nol\u0113ma transportl\u012bdzekli aptur\u0113t un konstat\u0113ja, ka pie st\u016bres atrad\u0101s desmit gadus vecs z\u0113ns. Savuk\u0101rt vi\u0146a t\u0113vs bija atzv\u0113lies aizmugur\u0113 stipr\u0101 alkohola reibum\u0101.<\/p>\n<p>V\u012brietim konstat\u0113ts 2,56 promi\u013cu reibums. Puisis kop\u0101 ar vec\u0101kiem nog\u0101d\u0101ts dz\u012bvesviet\u0101, savuk\u0101rt pret t\u0113vu s\u0101kts administrat\u012bvais process par b\u0113rna apr\u016bpes pien\u0101kumu nepild\u012b\u0161anu.<\/p>\n<p>Savuk\u0101rt sv\u0113tdienas vakar\u0101 Al\u016bksnes novada M\u0101rkalnes pagast\u0101 policisti konstat\u0113ja 1995. gad\u0101 dzimu\u0161u sievieti, kura, atrodoties divu promi\u013cu alkohola reibum\u0101, st\u016bma b\u0113rnu rati\u0146us, kuros gul\u0113ja 2024. gad\u0101 dzimis b\u0113rns.<\/p>\n<p>Sievietes st\u0101voklis objekt\u012bvi ierobe\u017eoja sp\u0113ju nodro\u0161in\u0101t mazgad\u012bg\u0101 dro\u0161\u012bbu un aizsardz\u012bbu, t\u0101d\u0113\u013c b\u0113rns tika nodots apskatei medi\u0137iem.<\/p>\n<p>Ar\u012b \u0161aj\u0101 gad\u012bjum\u0101 policija s\u0101ka administrat\u012bv\u0101 p\u0101rk\u0101puma procesu par b\u0113rna apr\u016bpes pien\u0101kumu nepild\u012b\u0161anu.<\/p>\n","protected":false},"excerpt":{"rendered":"Nakt\u012b uz 7. decembri Raiskuma pagast\u0101, uz autoce\u013ca Unguri &#8211; Lielstraupe &#8211; Brasla policija paman\u012bja automa\u0161\u012bnu &#8220;Volvo&#8221;, kas&hellip;\n","protected":false},"author":2,"featured_media":70296,"comment_status":"","ping_status":"","sticky":false,"template":"","format":"standard","meta":{"footnotes":""},"categories":[12],"tags":[23,28,29,17971,32,33,22,30,31,35,39,38,36,37,34,40,20,26,27,24,25,138,21],"class_list":{"0":"post-70295","1":"post","2":"type-post","3":"status-publish","4":"format-standard","5":"has-post-thumbnail","7":"category-latvija","8":"tag-aktualitates","9":"tag-breaking-news","10":"tag-breakingnews","11":"tag-cesu-novads","12":"tag-featured-news","13":"tag-featurednews","14":"tag-headlines","15":"tag-latest-news","16":"tag-latestnews","17":"tag-latvia","18":"tag-latvian","19":"tag-latviesu","20":"tag-latviesu-valoda","21":"tag-latviesuvaloda","22":"tag-latvija","23":"tag-lv","24":"tag-news","25":"tag-popularakas-zinas","26":"tag-popularakaszinas","27":"tag-top-stories","28":"tag-topstories","29":"tag-valsts-policija","30":"tag-zinas"},"share_on_mastodon":{"url":"https:\/\/pubeurope.com\/@lv\/115692357784045878","error":""},"_links":{"self":[{"href":"https:\/\/www.europesays.com\/lv\/wp-json\/wp\/v2\/posts\/70295","targetHints":{"allow":["GET"]}}],"collection":[{"href":"https:\/\/www.europesays.com\/lv\/wp-json\/wp\/v2\/posts"}],"about":[{"href":"https:\/\/www.europesays.com\/lv\/wp-json\/wp\/v2\/types\/post"}],"author":[{"embeddable":true,"href":"https:\/\/www.europesays.com\/lv\/wp-json\/wp\/v2\/users\/2"}],"replies":[{"embeddable":true,"href":"https:\/\/www.europesays.com\/lv\/wp-json\/wp\/v2\/comments?post=70295"}],"version-history":[{"count":0,"href":"https:\/\/www.europesays.com\/lv\/wp-json\/wp\/v2\/posts\/70295\/revisions"}],"wp:featuredmedia":[{"embeddable":true,"href":"https:\/\/www.europesays.com\/lv\/wp-json\/wp\/v2\/media\/70296"}],"wp:attachment":[{"href":"https:\/\/www.europesays.com\/lv\/wp-json\/wp\/v2\/media?parent=70295"}],"wp:term":[{"taxonomy":"category","embeddable":true,"href":"https:\/\/www.europesays.com\/lv\/wp-json\/wp\/v2\/categories?post=70295"},{"taxonomy":"post_tag","embeddable":true,"href":"https:\/\/www.europesays.com\/lv\/wp-json\/wp\/v2\/tags?post=70295"}],"curies":[{"name":"wp","href":"https:\/\/api.w.org\/{rel}","templated":true}]}}