{"id":70301,"date":"2025-12-10T00:17:07","date_gmt":"2025-12-10T00:17:07","guid":{"rendered":"https:\/\/www.europesays.com\/lv\/70301\/"},"modified":"2025-12-10T00:17:07","modified_gmt":"2025-12-10T00:17:07","slug":"ka-vugd-izvelas-toposos-glabejus","status":"publish","type":"post","link":"https:\/\/www.europesays.com\/lv\/70301\/","title":{"rendered":"K\u0101 VUGD izv\u0113las topo\u0161os gl\u0101b\u0113jus?"},"content":{"rendered":"<p class=\"descr\">Valsts ugunsdz\u0113s\u012bbas un gl\u0101b\u0161anas dienesta (VUGD) komisijas darba p\u0101rrun\u0101s topo\u0161ajiem gl\u0101b\u0113jiem m\u0113dz jaut\u0101t ar\u012b viedokli par karu Ukrain\u0101, un \u0161aub\u012bgu atbil\u017eu gad\u012bjum\u0101 personas dienest\u0101 netiek pie\u0146emtas, Saeimas Visaptvero\u0161as valsts aizsardz\u012bbas apak\u0161komisijas s\u0113d\u0113 past\u0101st\u012bja VUGD priek\u0161nieka vietnieks Ivars Narkuts.<\/p>\n<p>Narkuts atkl\u0101ja, ka<a href=\"https:\/\/nra.lv\/birka\/vugd\/\" target=\"_blank\" rel=\"noopener nofollow\"> VUGD<\/a> komisijas darba p\u0101rrun\u0101s tiek uzdoti da\u017e\u0101di jaut\u0101jumi, piem\u0113ram, k\u0101 tiek v\u0113rt\u0113ts Krievijas iebrukums Ukrain\u0101. &#8220;Kad j\u016btam, ka ir j\u0101paprasa, tad ar\u012b papras\u0101m, lai dienestam tom\u0113r pievienotos loj\u0101li cilv\u0113ki,&#8221; skaidroja Narkuts.<\/p>\n<p>Esot gad\u012bjumi, kad potenci\u0101lais darbinieks izvair\u0101s no \u0161\u012b jaut\u0101juma. Tad VUGD komisija prasot, lai nosauc, kur\u0161 ir vain\u012bgs kara izrais\u012b\u0161an\u0101.<\/p>\n<p>&#8220;Ja persona &#8220;\u0161\u016bpojas&#8221;, tad saprotams, ka vi\u0146a nav gatava dienestam,&#8221; pauda Narkuts.<\/p>\n<p>Vi\u0146\u0161 st\u0101st\u012bja, ka ir biju\u0161as ar\u012b \u013coti visp\u0101r\u012bgas atbildes uz \u0161o jaut\u0101jumu, un t\u0101dos gad\u012bjumos komandierim tiek piekodin\u0101ts piev\u0113rst uzman\u012bbu \u0161im cilv\u0113kam p\u0101rbaudes laik\u0101. Savuk\u0101rt citos gad\u012bjumos personas dienest\u0101 nav apstiprin\u0101tas, jo komisija secin\u0101jusi, ka persona neb\u016bs gatava str\u0101d\u0101t valsts lab\u0101, uzsv\u0113ra Narkuts.<\/p>\n<p>Vi\u0146\u0161 ar\u012b inform\u0113ja, ka VUGD vair\u0101kus gadus c\u012bn\u012bjies ar vakan\u010du aizpild\u012b\u0161anas probl\u0113mu, un atsevi\u0161\u0137os gad\u012bjumos vakan\u010du skaits p\u0101rsniedzis vair\u0101k nek\u0101 10%. Dienestam ikdienas darb\u012bba bija j\u0101nodro\u0161ina, ta\u010du pieauga amatpersonu neapmierin\u0101t\u012bba, jo n\u0101c\u0101s p\u0101rdisloc\u0113t cilv\u0113kus uz cit\u0101m strukt\u016brvien\u012bb\u0101m.<\/p>\n<p>Uzlabojoties atalgojumam, tostarp, s\u0101kot maks\u0101t 300 eiro speci\u0101lo piemaksu, interese par dienestu pieauga un &#8220;\u0161obr\u012bd praktiski cilv\u0113ki st\u0101v rind\u0101&#8221;. L\u012bdz 9. decembrim dienest\u0101 pie\u0146emti 170 cilv\u0113ki, atzina Narkuts.<\/p>\n<p>&#8220;Amata vietu skaits aizpild\u0101s un m\u0113s sp\u0113jam nodro\u0161in\u0101t kvalitat\u012bvu pakalpojumu iedz\u012bvot\u0101jiem,&#8221; piebilda VUGD priek\u0161nieka vietnieks.<\/p>\n<p>\t\t\t\t\t\tinfo<\/p>\n<p>Uzzini pirmais<br \/>kas interesants noticis Latvij\u0101 un pasaul\u0113,<br \/>pievienojoties mums <a href=\"https:\/\/t.me\/neatkariga\" rel=\"nofollow\">Telegram<\/a> vai <a href=\"https:\/\/whatsapp.com\/channel\/0029VaMLFUH5K3zLU5s4wm3y\" rel=\"nofollow noopener\" target=\"_blank\">Whatsapp<\/a> kan\u0101l\u0101<\/p>\n","protected":false},"excerpt":{"rendered":"Valsts ugunsdz\u0113s\u012bbas un gl\u0101b\u0161anas dienesta (VUGD) komisijas darba p\u0101rrun\u0101s topo\u0161ajiem gl\u0101b\u0113jiem m\u0113dz jaut\u0101t ar\u012b viedokli par karu Ukrain\u0101,&hellip;\n","protected":false},"author":2,"featured_media":70302,"comment_status":"","ping_status":"","sticky":false,"template":"","format":"standard","meta":{"footnotes":""},"categories":[14],"tags":[23,57,28,29,32,33,22,30,31,35,39,38,36,37,34,40,20,26,27,24,25,54,55,56,21,58],"class_list":{"0":"post-70301","1":"post","2":"type-post","3":"status-publish","4":"format-standard","5":"has-post-thumbnail","7":"category-zinas-no-arvalstim","8":"tag-aktualitates","9":"tag-arvalstim","10":"tag-breaking-news","11":"tag-breakingnews","12":"tag-featured-news","13":"tag-featurednews","14":"tag-headlines","15":"tag-latest-news","16":"tag-latestnews","17":"tag-latvia","18":"tag-latvian","19":"tag-latviesu","20":"tag-latviesu-valoda","21":"tag-latviesuvaloda","22":"tag-latvija","23":"tag-lv","24":"tag-news","25":"tag-popularakas-zinas","26":"tag-popularakaszinas","27":"tag-top-stories","28":"tag-topstories","29":"tag-world","30":"tag-world-news","31":"tag-worldnews","32":"tag-zinas","33":"tag-zinas-no-arvalstim"},"share_on_mastodon":{"url":"https:\/\/pubeurope.com\/@lv\/115692400977423516","error":""},"_links":{"self":[{"href":"https:\/\/www.europesays.com\/lv\/wp-json\/wp\/v2\/posts\/70301","targetHints":{"allow":["GET"]}}],"collection":[{"href":"https:\/\/www.europesays.com\/lv\/wp-json\/wp\/v2\/posts"}],"about":[{"href":"https:\/\/www.europesays.com\/lv\/wp-json\/wp\/v2\/types\/post"}],"author":[{"embeddable":true,"href":"https:\/\/www.europesays.com\/lv\/wp-json\/wp\/v2\/users\/2"}],"replies":[{"embeddable":true,"href":"https:\/\/www.europesays.com\/lv\/wp-json\/wp\/v2\/comments?post=70301"}],"version-history":[{"count":0,"href":"https:\/\/www.europesays.com\/lv\/wp-json\/wp\/v2\/posts\/70301\/revisions"}],"wp:featuredmedia":[{"embeddable":true,"href":"https:\/\/www.europesays.com\/lv\/wp-json\/wp\/v2\/media\/70302"}],"wp:attachment":[{"href":"https:\/\/www.europesays.com\/lv\/wp-json\/wp\/v2\/media?parent=70301"}],"wp:term":[{"taxonomy":"category","embeddable":true,"href":"https:\/\/www.europesays.com\/lv\/wp-json\/wp\/v2\/categories?post=70301"},{"taxonomy":"post_tag","embeddable":true,"href":"https:\/\/www.europesays.com\/lv\/wp-json\/wp\/v2\/tags?post=70301"}],"curies":[{"name":"wp","href":"https:\/\/api.w.org\/{rel}","templated":true}]}}