{"id":70317,"date":"2025-12-10T01:38:15","date_gmt":"2025-12-10T01:38:15","guid":{"rendered":"https:\/\/www.europesays.com\/lv\/70317\/"},"modified":"2025-12-10T01:38:15","modified_gmt":"2025-12-10T01:38:15","slug":"es-redzeju-es-dzirdeju-es-izjutu-latviju-izdota-jura-podnieka-dienasgramata","status":"publish","type":"post","link":"https:\/\/www.europesays.com\/lv\/70317\/","title":{"rendered":"&#8220;Es redz\u0113ju, es dzird\u0113ju, es izjutu Latviju&#8221;. Izdota Jura Podnieka dienasgr\u0101mata"},"content":{"rendered":"<p>Redovi\u010ds bilda, ka Podnieks toreiz l\u016bdzis Bulmanim pamekl\u0113t tos str\u0113lniekus, kuri v\u0113l var\u0113ja atrasties trimdinieku vid\u016b Kan\u0101d\u0101. Tas diem\u017e\u0113l neticis paveikts. T\u0101pat Podnieka b\u0113rn\u012bbas un jaun\u012bbas dienu draugs, kult\u016brv\u0113sturnieks Edgars Mucenieks atz\u012bm\u0113ja, ka vi\u0146a ac\u012bs &#8220;Str\u0113lnieku zvaigzn\u0101js&#8221; ir visaugst\u0101k v\u0113rt\u0113jams. Darb\u0101 Podnieks ievietojis tikai da\u013cu safilm\u0113t\u0101. Savu v\u0101rdu teikusi cenz\u016bra.<\/p>\n<p>&#8220;G\u0101ja uz maksim\u0101lo&#8221;<\/p>\n<p>\u0160\u012b gada 5. decembr\u012b Jurim Podniekam aprit\u0113tu 75 gadi, ta\u010du laikabiedri atz\u012bst, ka gr\u016bti vi\u0146u iedom\u0101ties \u0161aj\u0101 vecum\u0101, jo vi\u0146am jau kop\u0161 b\u0113rn\u012bbas piemitusi \u012bpa\u0161\u012bba &#8220;iet uz maksim\u0101lo&#8221;, b\u016bt pirmajam, risk\u0113t, asi uztvert situ\u0101ciju un operat\u012bvi rea\u0123\u0113t, intuit\u012bvi doties turp, kur kaut kas notiks. &#8220;Vi\u0146am piemita visas t\u0101s \u012bpa\u0161\u012bbas, kas vajadz\u012bgas labam operatoram. Tas bija dabiski, ka Juris Podnieks no t\u0101da vidusskolas hulig\u0101na att\u012bst\u012bj\u0101s par to, k\u0101du vi\u0146u zin\u0101m \u0161odien,&#8221; sac\u012bja re\u017eisore Laima \u017durgina.<\/p>\n<p>J\u0101piekr\u012bt kinore\u017eisora Ivara Selecka teiktajam, ka 20. gadsimta beigas ar vis\u0101m perioda politiskaj\u0101m, soci\u0101laj\u0101m un ekonomiskaj\u0101m p\u0101rmai\u0146\u0101m bija Jura Podnieka laikmets \u2013 straume, kur\u0101 vi\u0146\u0161 iek\u013c\u0101v\u0101s, un filmas sekoja cita citai: &#8220;Juris bija non\u0101cis t\u0101d\u0101 situ\u0101cij\u0101, ka kadra d\u0113\u013c bija gatavs risk\u0113t ar dz\u012bv\u012bbu. Tas izpaud\u0101s daudzos materi\u0101los. Kronis visam, protams, bija 1991. gada janv\u0101ra Vi\u013c\u0146as notikumi. Juris saprata dokumenta v\u0113rt\u012bbu. \u0160trunts par to, ko tas maks\u0101ja, bet vi\u0146\u0161 to dar\u012bja. P\u0113c tam n\u0101ca kritums, jo to, ko vi\u0146\u0161 var\u0113ja, kam sevi ziedoja, vi\u0146\u0161 bija izdar\u012bjis. Rad\u0101s jaut\u0101jums: kas b\u016bs t\u0101l\u0101k? Un \u0161aj\u0101 p\u0101rdomu period\u0101 vi\u0146\u0161 ar\u012b aizg\u0101ja. Vi\u0146\u0161 savu dz\u012bves uzdevumu bija izpild\u012bjis.&#8221;<\/p>\n<p><img decoding=\"async\" src=\"https:\/\/www.europesays.com\/lv\/wp-content\/uploads\/2025\/12\/2025120822300969373551cbd4c.jpg\" alt=\"Kult\u016bras akad\u0113mijas telp\u0101s R\u012bg\u0101 bija apskat\u0101ma izst\u0101de \" podnieka=\"\" laiktelpa=\"\" loading=\"lazy\"\/><\/p>\n<p>Kult\u016bras akad\u0113mijas telp\u0101s R\u012bg\u0101 bija apskat\u0101ma izst\u0101de &#8220;Podnieka laiktelpa&#8221;.<\/p>\n<p>Foto:\u00a0Kar\u012bna Miez\u0101ja\u00a0\/ Latvijas Mediji<\/p>\n<p>Juris Podnieks<\/p>\n<ul>\n<li>Nacion\u0101l\u0101 kino centra vietnes &#8220;filmas.lv&#8221; par Juri Podnieku teikts: &#8220;Dokument\u0101l\u0101 kino re\u017eisors un operators, kura filmas k\u013cuva par padomju imp\u0113rijas un varas sabrukuma spoguli. Operators, re\u017eisors un producents Juris Podnieks dzimis 1950. gada 5. decembr\u012b R\u012bg\u0101. T\u0113vs, diktors Boriss Podnieks, atved d\u0113lu uz R\u012bgas kinostudiju, 1967. gad\u0101 Juris s\u0101k str\u0101d\u0101t par operatora asistentu, 1972. gad\u0101 tiek pie pirm\u0101 patst\u0101v\u012bg\u0101 operatora darba \u2013 pas\u016bt\u012bjuma filmas Latvijas PSR aizsarg\u0101jam\u0101 flora (re\u017eisors Vadims Mass).<\/li>\n<li>1975. gad\u0101 Juris Podnieks absolv\u0113 Vissavien\u012bbas Valsts kinematogr\u0101fijas instit\u016btu Maskav\u0101 (VVKI) un piedz\u012bvo operatora darba ugunskrist\u012bbas, kad re\u017eisors Hercs Franks Podnieku un Sergeju Nikolajevu vienus s\u016bta film\u0113t nepilngad\u012bgo kolonij\u0101 filmai &#8220;Aizliegt\u0101 zona&#8221; (1975).<\/li>\n<li>1978. gad\u0101 tie\u0161i Juris Podnieks izdom\u0101 tehniskos pa\u0146\u0113mienus, k\u0101 realiz\u0113t Herca Franka ideju, un top le\u0123end\u0101rais meistardarbs &#8220;Vec\u0101ks par desmit min\u016bt\u0113m&#8221;; 1980. gad\u0101 Podnieks izcili portret\u0113 Viju Artmani Rolanda Kalni\u0146a dokument\u0101laj\u0101 film\u0101 &#8220;Saruna ar karalieni&#8221; un turpina operatora darbu citu re\u017eisoru film\u0101s l\u012bdz 1990. gadam.<\/li>\n<li>1977. gad\u0101 Podnieks debit\u0113 re\u017eij\u0101 ar kino\u017eurn\u0101lu &#8220;Padomju Latvija&#8221; (3\/1977, &#8220;\u0160\u016bpulis&#8221;), pirm\u0101 dokument\u0101l\u0101 filma \u2013 &#8220;Br\u0101\u013ci Kokari&#8221; (1978). Seko &#8220;Puikas, zirgos!&#8221; (1979), &#8220;Baltais &#8220;Ave Sol&#8221;&#8221; (1979, LTV), &#8220;Str\u0113lnieku zvaigzn\u0101js&#8221; (1982), &#8220;Komandieris&#8221; (1984), &#8220;Ve\u013c S\u012bzifs akmeni&#8221; (1985) un &#8220;Vai viegli b\u016bt jaunam? (1986), kuru gada laik\u0101 noskat\u012bj\u0101s 28 miljoni skat\u012bt\u0101ju, v\u0113l\u0101k filmu demonstr\u0113ja vair\u0101k nek\u0101 80 valst\u012bs. Ar \u0161o filmu Podnieks ieg\u016bst pasaules slavu un Lielbrit\u0101nijas producentu uzaicin\u0101jumu uz\u0146emt dokument\u0101lu filmu par PSRS. 1987. gad\u0101 s\u0101ktais darbs izaug par piec\u0101m pilnmetr\u0101\u017eas film\u0101m ar kop\u012bgu nosaukumu &#8220;M\u0113s \/ Soviets&#8221; (1989), seko &#8220;Krustce\u013c\u0161 \/ Homeland&#8221; (1990), &#8220;P\u0113cv\u0101rds&#8221; (1991, velt\u012bjums barik\u0101\u017eu laika upuriem Andrim Slapi\u0146am un Gvido Zvaigznem), &#8220;Imp\u0113rijas gals&#8221; (1991), &#8220;Klusuma stunda&#8221; (1992). Filma &#8220;Krustce\u013c\u0161&#8221; ir ceturtais Jura Podnieka darbs, kas tiek atz\u012bts par gada lab\u0101ko dokument\u0101lo filmu un sa\u0146em balvu &#8220;Lielais Kristaps&#8221;.<\/li>\n<li>1992. gada 23. j\u016bnij\u0101 Juris Podnieks nosl\u012bkst Zvirgzdu ezer\u0101, ta\u010du vi\u0146a domubiedri neizkl\u012bst, tie joproj\u0101m darbojas &#8220;Jura Podnieka studij\u0101&#8221; \u2013 1990. gad\u0101 dibin\u0101t\u0101s studijas vad\u012bbu p\u0101r\u0146em Podnieka filmu mont\u0101\u017eas re\u017eisore, v\u0113l\u0101k re\u017eisore un producente Antra Cilinska.&#8221;<\/li>\n<\/ul>\n<p><img decoding=\"async\" src=\"https:\/\/www.europesays.com\/lv\/wp-content\/uploads\/2025\/12\/2025120822300969373551ab940.jpg\" alt=\"\" ja=\"\" par=\"\" m=\"\" str=\"\" tad=\"\" varb=\"\" t=\"\" ir=\"\" ko=\"\" v=\"\" k=\"\" pauls=\"\" fenomens=\"\" var=\"\" b=\"\" jaut=\"\" gada=\"\" maij=\"\" dienasgr=\"\" citstarp=\"\" rakst=\"\" juris=\"\" podnieks=\"\" pr=\"\" dokument=\"\" filmas=\"\" pauls.=\"\" portrets=\"\" ar=\"\" scen=\"\" loading=\"lazy\"\/><\/p>\n<p>&#8220;Ja par m\u016bziku str\u012bdas, tad varb\u016bt t\u0101 ir ko v\u0113rta. K\u0101p\u0113c Pauls ir fenomens? T\u0101ds var\u0113tu b\u016bt jaut\u0101jums.&#8221; T\u0101 1977. gada 10. maij\u0101 dienasgr\u0101mat\u0101 citstarp rakst\u012bja Juris Podnieks, pr\u0101tojot par dokument\u0101l\u0101s filmas &#8220;Raimonds Pauls. Portrets ar m\u016bziku&#8221; scen\u0101riju.<\/p>\n<p>Foto:\u00a0Kar\u012bna Miez\u0101ja\u00a0\/ Latvijas Mediji<\/p>\n<p>Fragmenti no dienasgr\u0101matas. Par Raimonda Paula iek\u0161\u0113jo dr\u0101mu<\/p>\n<ul>\n<li>1975. gada 27. febru\u0101r\u012b<\/li>\n<\/ul>\n<p>&#8220;\u0160izodiena \u2013 jeb negaid\u012btie br\u012bvlaiki.<\/p>\n<p>8.15. Zvanu uz studiju, un izr\u0101d\u0101s, ka kav\u0113ju grupu k\/\u017e &#8220;Pionieris&#8221;, kura v\u0113las \u0101tr\u0101k izbraukt uz Al\u016bksni, kur [kinore\u017eisors Aivars] Freimanis man pal\u016bdza uzfilm\u0113t si\u017eetu par partiz\u0101nu tik\u0161anos pie ugunskura biju\u0161o kauju viet\u0101s. Galvenais, noska\u0146a un paaud\u017eu tuv\u012bba \u2013 vecie zin un atceras \u2013 jaunie nezin apjau\u0161ot, zin\u0101tk\u0101ri par cilv\u0113ces kataklizmiem. L\u012bdz C\u0113s\u012bm ce\u013c\u0161 paz\u012bstams l\u012bdz s\u0101p\u0113m. Braucu ar saj\u016btu zemapzi\u0146\u0101 \u2013 uz neko eju, bet nu jau par v\u0113lu atteikties. Vai p\u0113c 50 rb\u013c.? N\u0113! P\u0113c sevis p\u0101rvar\u0113\u0161anas. Jo t\u0101l\u0101k, jo \u017eilbino\u0161i balt\u0101k visapk\u0101rt. Zieme\u013ci. P\u0113k\u0161\u0146i 164 km es saj\u016btu tuvumu savai zemei. \u0160eit, miest\u0101 ar nosaukumu L\u012bzespasts \u2013 maza bulta nor\u0101da uz sk\u0101rni\u0146m\u0101j\u0101m ar nelielu d\u0101rzu Podnieki. Ir jau t\u0101di v\u0113l, un tas paradoks\u0101li tuvina \u0161ai saujai zemes. Es, L\u012bzespasta puika, to varu ne tik m\u012b\u013ci saklaus\u012bt, bet ar\u012b sajust ar por\u0101m. Tuv\u012bba Dzimtenei, cilv\u0113kiem. Maz atliek vietas turpm\u0101kajam \u2013 sav\u0101di nekonkr\u0113tajam konkr\u0113tam. Liepna. Partiz\u0101nu \u0161t\u0101ba vieta. Organiz\u0113\u0161an\u0101s, jo b\u0113rnu neb\u016bs, partiz\u0101\u0146u neb\u016bs \u2013 bet gan darbo\u0146i no pionieru akt\u012bva republikas m\u0113rog\u0101. CK meiti\u0146as un profan\u0113jo\u0161ie v\u012bri\u0146i. 200 m pa tuk\u0161o.&#8221; (A. Redovi\u010da koment\u0101rs: &#8220;A. Freima\u0146a 1975. gad\u0101 uz\u0146emtajos kino\u017eurn\u0101los t\u0101da J. Podnieka film\u0113ta si\u017eeta nav. No pieraksta sprie\u017eot, atvestais materi\u0101ls bijis neizmantojams.&#8221; Turpm\u0101k visas redakcion\u0101l\u0101s piez\u012bmes ir A. Redovi\u010da.)<\/p>\n<p>&#8220;Staig\u0101ju pa &#8220;B\u0113rnu pasauli&#8221; un m\u0113\u0123inu izdom\u0101t, k\u0101 aplaimot grupas sievietes. Cilv\u0113ku j\u016bklis \u0161au\u0161al\u012bgs, pre\u010du izv\u0113le minim\u0101la. Ir jau pag\u0101jusi stunda, kop\u0161 maldos raibaj\u0101 plastmasas un gumijas, koka un stikla j\u016bkl\u012b. Izt\u0113les tr\u016bkums \u2013 t\u0101ds var\u0113tu b\u016bt secin\u0101jums. Beidzot iz\u0161\u0137iros par kr\u0101sainu bumbu un sausaj\u0101m pu\u0137\u0113m. Piep\u0113rku ar\u012b divas &#8220;Cotnari&#8221; (Ung\u0101rijas v\u012bns. \u2013 Red.). Autobus\u0101 spaidos. Gaido\u0161\u0101 atmosf\u0113ra studij\u0101. Tiek sveiktas hronikas sievietes, bet, t\u0101 k\u0101 Ansis [Epners] ir Jalt\u0101, &#8220;izdomas&#8221; bag\u0101t\u012bba tiek nodota Ikera (Zigurds Ikers \u2013 filmu direktors. \u2013 Red.) rok\u0101s. Sekli. Caurejot laboratorij\u0101s redzu gaido\u0161\u0101s meitu acis. Nek\u0101. D\u0101vana tikai Skaidr\u012btei (Skaidr\u012bte Putna, R\u012bgas kinostudijas laboratorijas melnbalto filmu att\u0113la uzst\u0101d\u012bt\u0101ja. \u2013 Red.) Mai\u0146ai &#8220;sp\u0113les priekam&#8221; bumba. Hercs [Franks, kinore\u017eisors] darb\u012bgs un pras\u012bgs. T\u0101tad \u0161onakt milicij\u0101. Asistentu sarun\u0101ju Sa\u0161u. Tiekamies 19.00 pie t\u0113va. Maskavas rajon\u0101 de\u017eur\u0113 nepaz\u012bstams kapteinis Volkovs. P\u0101r\u0113jos gan zinu. Izbraucam ar 85. \u2013 \u0136engaraga ma\u0161. Stundas laik\u0101 6 izsaukumi. Sadurtais trolejbusa galapunkt\u0101. Ar p\u012b\u0137i 3 cm virs sirds, bet v\u0113l kustas. Iecirkn\u012b v\u0113l izsaukums uz izvaro\u0161anu. Daugavpils iel\u0101. M\u0101te ar 7 g. meitu. Mekl\u0113jam vain\u012bgo. Izr\u0101d\u0101s, nevis 38 g. v. t\u0113vs, bet 8 g. v. d\u0113ls Igors. K. Marksa [iel\u0101] \u2013 z\u0101dz\u012bba. (J. Podnieks \u0161aj\u0101 laik\u0101 str\u0101d\u0101ja pie dokument\u0101l\u0101s filmas &#8220;Aizliegt\u0101 zona&#8221;. \u2013 Red.)<\/p>\n<p>&#8220;(..) Ofici\u0101li s\u0101kas sagatavo\u0161an\u0101s periods Raimondam (J. Podnieks bija operators Laimas \u017durginas re\u017eis\u0113tajai filmai &#8220;Raimonds Pauls&#8221;. \u2013 Red.). Pirm\u0101 apskate \u2013 brauciens uz Salacgr\u012bvu, Aina\u017eiem, Vitrupi. Estr\u0101de koncertam ide\u0101la, kaut tik viss paredz\u0113tais t\u0101 ar\u012b notiktu 24.VI. Raimondu [Paulu] uzaicin\u0101tu uz pa\u0161u J\u0101\u0146u vakaru Br\u012bvaj\u0101 viln\u012b \u2013 zvejnieku vide, kas v\u0113l var\u0113tu b\u016bt lab\u0101ks.<\/p>\n<p>Aina\u017eu muzeja iek\u0161u neredzam \u2013 sanit\u0101r\u0101 diena. Interesanta ir [J\u0101\u0146a] Petera un Paula mitin\u0101\u0161an\u0101s Vitrup\u0113. Peteram glauna m\u0101ja, Raimondam veca j\u016bras laiva pa\u0161\u0101 k\u0101pu gal\u0101, p\u0101rkl\u0101ta ar jumtu. Su\u0146a b\u016bda blakus, t\u0101l\u0101k k\u0101p\u0101s c\u016bkaploks ar \u010detr\u0101m c\u016bk\u0101m.<\/p>\n<p>Otr\u0101 apskate un film\u0113\u0161ana r\u016bpn\u012bc\u0101 &#8220;Melodija&#8221;. V\u0101ci\u0146u druk\u0101\u0161ana izdodas, bet pla\u0161u cehs izskat\u0101s aizv\u0113sturisks, kaut ar\u012b str\u0101d\u0101 zviedru ma\u0161\u012bnas. Iet metr\u0101\u017ea, bet t\u0113la nav. Varb\u016bt vajadz\u0113s pa\u0161am pla\u0161u konveijeru. R\u012bt film\u0113\u0161ana pla\u0161u veikal\u0101.<\/p>\n<p>Raimonds, neaizbraucot uz &#8220;Zelta Orfeju&#8221; (estr\u0101des dziesmu festiv\u0101ls Bulg\u0101rij\u0101. \u2013 Red.) pieteicis karu filharmonijas KGB un ar\u012b varb\u016bt [grupai] &#8220;MODO&#8221;. To uzzin\u0101sim tikai p\u0113c vi\u0146u atgrie\u0161an\u0101s.<\/p>\n<p>Garast\u0101voklis maestro \u2013 noliegums visam. Vai vi\u0146\u0161 grib atp\u016bsties jeb pier\u0101d\u012bt, ka nav marionete?<\/p>\n<p>&#8220;Uz Ameriku nebrauk\u0161u un citur ar\u012b ne. R\u012bt braucu \u0137ert foreles. Rakst\u012b\u0161u v\u0113l vienu opereti \u2013 &#8220;M\u0101su Keriju&#8221;. V\u0113l p\u0101ris, un es var\u0113\u0161u nopirkt visu Baltezera apri\u0146\u0137i ar visiem K. Zari\u0146iem (tenors K\u0101rlis Zari\u0146\u0161 bija R. Paula kaimi\u0146\u0161 Baltezer\u0101. \u2013 Red.). Uz Dziesmusv\u0113tkiem neie\u0161u. Tikai p\u0113c ofici\u0101l\u0101s programmas tauta s\u0101k dzied\u0101t no sirds. Izmetu\u0161i \u0101r\u0101 divas manas dziesmas, jo, raugi, nevarot p\u0101rtulkot. Pie velna visu! Kr\u0101so\u0161u logus un pa br\u012bdim pasp\u0113l\u0113\u0161u klavieres\u2026&#8221; T\u0101 izskat\u012bj\u0101s apm\u0113ram t\u0101s dienas monologs. Maestro pl\u0101nu mai\u0146a var stipri ietekm\u0113t filmu. Dzied\u0101t\u0101ju klaus\u012b\u0161an\u0101s!?!<\/p>\n<p>(..) Pirmk\u0101rt, par Raimondu. Man pa\u0161am priek\u0161 sevis der\u0113tu \u0101tr\u0101k izprast apm\u0113ram v\u0113lamo sh\u0113mu. No kurienes uz kurieni m\u0113s iesim. Kur b\u016bs j\u0101atkl\u0101jas \u0161im indiv\u012bdam un vi\u0146a iek\u0161\u0113jai dr\u0101mai. T\u0101da past\u0101v. Tagad es esmu par to p\u0101rliecin\u0101ts.<\/p>\n<p>Visam ir j\u0101str\u0101d\u0101 uz \u0161o \u2013 svar\u012bg\u0101ko. Intervij\u0101m, p\u016blim, rekl\u0101m\u0101m, m\u0113\u0123in\u0101jumiem, koncertiem utt.<\/p>\n<p>Stari: Piel\u016bdz\u0113ji\u2013Atp\u016bta\u2013P\u016blis\u2013Dziesmu sv\u0113tki\u2013koncerti\u2013darbs\u2013n\u012bd\u0113ji\u2013\u0161l\u0101geri, pils\u0113ta\u2013Zvejnieku sv\u0113tki \/ap\u013ca centr\u0101\/ viens Pauls.&#8221;<\/p>\n<p><img decoding=\"async\" class=\"img-fluid mb-3\" loading=\"lazy\" src=\"https:\/\/www.europesays.com\/lv\/wp-content\/uploads\/2025\/12\/202512050902456932839598869.JPG\" alt=\"Atver gr\u0101matu \" juris=\"\" podnieks.=\"\" dienasgr=\"\"\/><\/p>\n<p> Atver gr\u0101matu &#8220;Juris Podnieks. Dienasgr\u0101matas. 1975-1981&#8221; <\/p>\n<p> Gr\u0101matas &#8220;Juris Podnieks. Dienasgr\u0101matas. 1975-1981&#8221; atv\u0113r\u0161anas sv\u0113tki Latvijas Kino muzej\u0101. <\/p>\n<p> Atver gr\u0101matu &#8220;Juris Podnieks. Dienasgr\u0101matas. 1975-1981&#8221;. <\/p>\n<p> Gr\u0101matas &#8220;Juris Podnieks. Dienasgr\u0101matas. 1975-1981&#8221; atv\u0113r\u0161anas sv\u0113tki Latvijas Kino muzej\u0101. <\/p>\n<p class=\"paragraph-muted\">Izv\u0113lies savu soct\u012bklu platformu, lai sekotu LASI.LV: <a href=\"https:\/\/www.facebook.com\/portals.lasi.lv\" target=\"_blank\" rel=\"noopener noreferrer nofollow\">Facebook<\/a>, <a href=\"https:\/\/twitter.com\/lasilvportals\" target=\"_blank\" rel=\"noopener noreferrer nofollow\">X<\/a>, <a href=\"https:\/\/bsky.app\/profile\/lasilv.bsky.social\" target=\"_blank\" rel=\"noopener noreferrer nofollow\">Bluesky<\/a>, <a href=\"https:\/\/www.draugiem.lv\/lasilv\/?pg=4\" target=\"_blank\" rel=\"noopener noreferrer nofollow\">Draugiem<\/a> vai ar\u012b <a href=\"https:\/\/www.instagram.com\/lasilv_zinas\/\" target=\"_blank\" rel=\"noopener noreferrer nofollow\">Instagram<\/a>. Pievienojies m\u016bsu las\u012bt\u0101ju pulkam, lai sa\u0146emtu \u012bpa\u0161i tev atlas\u012btu noder\u012bgu, praktisku un aktu\u0101lu saturu.\u00a0<\/p>\n<p><a href=\"https:\/\/lasi.lv\/abonesana\" rel=\"nofollow noopener\" target=\"_blank\">Abon\u0113<\/a>\u00a0LASI.LV gadam\u00a0vai k\u0101du no\u00a0&#8220;Latvijas Mediju&#8221; periodiskajiem izdevumiem 2026. gadam, un laim\u0113 1500 eiro vai Philips kafijas autom\u0101tu. Loterijas at\u013caujas nr. 8744.<\/p>\n<p><img decoding=\"async\" src=\"https:\/\/www.europesays.com\/lv\/wp-content\/uploads\/2025\/12\/1765209191_275_2025100311425268df8c8c1572e.jpg\" alt=\"\" loading=\"lazy\"\/><\/p>\n<p style=\"margin-left:auto;\">Pieraksties LASI.LV redaktora v\u0113stkopai <a href=\"https:\/\/lasi.lv\/vestkopa\/lasi-lv-galvena-redaktora-vestkopa\" rel=\"nofollow noopener\" target=\"_blank\">\u0161eit<\/a>.<\/p>\n<p>Pieraksties v\u0113stkopai un divas reizes ned\u0113\u013c\u0101 sa\u0146em padzi\u013cin\u0101tu LASI.LV galven\u0101 redaktora aktu\u0101lo zi\u0146u, kompetentu viedok\u013cu un interesant\u0101ko interviju apkopojumu.<\/p>\n<p>Ko tu sa\u0146emsi:<\/p>\n<ul>\n<li>Daudzveid\u012bgus koment\u0101rus un kompetentus Latvijas Mediju \u017eurn\u0101listu un autoru viedok\u013cus par aktu\u0101lo<\/li>\n<li>Ekspertu koment\u0101rus par da\u017e\u0101diem praktiskiem, noder\u012bgiem tematiem<\/li>\n<li>Aizraujo\u0161us materi\u0101lus par v\u0113sturi, psiholo\u0123iju, kult\u016bru<\/li>\n<li>Gata \u0160\u013c\u016bkas karikat\u016bru<\/li>\n<li>Tav\u0101 e-pasta kast\u012bt\u0113 katru ceturtdienu<\/li>\n<\/ul>\n<p style=\"margin-left:auto;\">\u00a0<\/p>\n<p><script async src=\"https:\/\/platform.twitter.com\/widgets.js\" charset=\"utf-8\"><\/script><script async src=\"\/\/www.instagram.com\/embed.js\"><\/script><\/p>\n","protected":false},"excerpt":{"rendered":"Redovi\u010ds bilda, ka Podnieks toreiz l\u016bdzis Bulmanim pamekl\u0113t tos str\u0113lniekus, kuri v\u0113l var\u0113ja atrasties trimdinieku vid\u016b Kan\u0101d\u0101. Tas&hellip;\n","protected":false},"author":2,"featured_media":70318,"comment_status":"","ping_status":"","sticky":false,"template":"","format":"standard","meta":{"footnotes":""},"categories":[19],"tags":[89,90,35,39,38,36,37,34,40],"class_list":{"0":"post-70317","1":"post","2":"type-post","3":"status-publish","4":"format-standard","5":"has-post-thumbnail","7":"category-izklaide","8":"tag-entertainment","9":"tag-izklaide","10":"tag-latvia","11":"tag-latvian","12":"tag-latviesu","13":"tag-latviesu-valoda","14":"tag-latviesuvaloda","15":"tag-latvija","16":"tag-lv"},"share_on_mastodon":{"url":"https:\/\/pubeurope.com\/@lv\/115692719680867545","error":""},"_links":{"self":[{"href":"https:\/\/www.europesays.com\/lv\/wp-json\/wp\/v2\/posts\/70317","targetHints":{"allow":["GET"]}}],"collection":[{"href":"https:\/\/www.europesays.com\/lv\/wp-json\/wp\/v2\/posts"}],"about":[{"href":"https:\/\/www.europesays.com\/lv\/wp-json\/wp\/v2\/types\/post"}],"author":[{"embeddable":true,"href":"https:\/\/www.europesays.com\/lv\/wp-json\/wp\/v2\/users\/2"}],"replies":[{"embeddable":true,"href":"https:\/\/www.europesays.com\/lv\/wp-json\/wp\/v2\/comments?post=70317"}],"version-history":[{"count":0,"href":"https:\/\/www.europesays.com\/lv\/wp-json\/wp\/v2\/posts\/70317\/revisions"}],"wp:featuredmedia":[{"embeddable":true,"href":"https:\/\/www.europesays.com\/lv\/wp-json\/wp\/v2\/media\/70318"}],"wp:attachment":[{"href":"https:\/\/www.europesays.com\/lv\/wp-json\/wp\/v2\/media?parent=70317"}],"wp:term":[{"taxonomy":"category","embeddable":true,"href":"https:\/\/www.europesays.com\/lv\/wp-json\/wp\/v2\/categories?post=70317"},{"taxonomy":"post_tag","embeddable":true,"href":"https:\/\/www.europesays.com\/lv\/wp-json\/wp\/v2\/tags?post=70317"}],"curies":[{"name":"wp","href":"https:\/\/api.w.org\/{rel}","templated":true}]}}